{"id":36041,"date":"2019-12-03T00:00:00","date_gmt":"2019-12-03T03:00:00","guid":{"rendered":"https:\/\/www.cnbb.org.br\/experiencias-no-brasil-apontam-para-o-desafio-da-inclusao-das-pessoas-com-deficiencia-na-igreja\/"},"modified":"2019-12-03T00:00:00","modified_gmt":"2019-12-03T03:00:00","slug":"experiencias-no-brasil-apontam-para-o-desafio-da-inclusao-das-pessoas-com-deficiencia-na-igreja","status":"publish","type":"post","link":"https:\/\/www.cnbb.org.br\/experiencias-no-brasil-apontam-para-o-desafio-da-inclusao-das-pessoas-com-deficiencia-na-igreja\/","title":{"rendered":"Experi\u00eancias no Brasil apontam para o desafio da inclus\u00e3o das pessoas com defici\u00eancia na Igreja"},"content":{"rendered":"<blockquote>\n<p style=\"text-align: justify\"><span style=\"text-align: justify\"><a href=\"https:\/\/www.cnbb.org.br\/experiencias-no-brasil-apontam-para-o-desafio-da-inclusao-das-pessoas-com-deficiencia-na-igreja\/papapcd\/\" rel=\"attachment wp-att-229910\"><img decoding=\"async\" loading=\"lazy\" class=\"wp-image-229910 size-medium alignleft\" src=\"https:\/\/www.cnbb.org.br\/wp-content\/uploads\/2020\/03\/PapaPCD-300x168.jpeg\" alt=\"\" width=\"300\" height=\"168\" \/><\/a>Neste dia 3 de dezembro, o Papa Francisco enviou uma mensagem por ocasi\u00e3o do Dia Internacional das Pessoas com Defici\u00eancia. O Santo Padre inicia sua mensagem convidando a \u201crenovar o nosso olhar de f\u00e9 que v\u00ea em cada irm\u00e3o ou irm\u00e3 a presen\u00e7a do pr\u00f3prio Cristo\u201d. \u00a0Embora tenham sido feitos grandes progressos no \u00e2mbito m\u00e9dico e assistencial, recorda o Papa, \u201cainda hoje se constata a presen\u00e7a da cultura do descarte e muitos deles sentem que existem sem pertencer e sem participar\u201d.<\/span><\/p>\n<\/blockquote>\n<p style=\"text-align: justify\">Para tutelar os direitos das pessoas com defici\u00eancia e suas fam\u00edlias, Francisco sugere \u201ctornar o mundo mais humano removendo tudo o que lhes impede de viver uma cidadania plena, e os obst\u00e1culos do preconceito, favorecendo a acessibilidade aos lugares e a qualidade de vida, considerando todas as dimens\u00f5es do homem\u201d.<\/p>\n<p style=\"text-align: justify\">Para a C\u00edcera Thadeu dos Santos, uma das lideran\u00e7as que ajudou a consolidar a caminhada pastoral de pessoas com defici\u00eancia na Igreja no Brasil e que atua nesta \u00e1rea na diocese de Mogi das Cruzes (SP), o medo \u00e9 grande desafio para a atua\u00e7\u00e3o com pessoas com defici\u00eancia na Igreja no Brasil.<\/p>\n<p style=\"text-align: justify\">\u201cFalta conhecimento de como lidar com a pessoa com defici\u00eancia e como fazer. Isto gera barreiras e preconceitos\u201d, disse. Segundo ela, \u00e9 necess\u00e1rio fazer um trabalho de desmistifica\u00e7\u00e3o e cria\u00e7\u00e3o de m\u00e9todos de trabalho tendo em vista a inclus\u00e3o e acessibilidade das pessoas com defici\u00eancias nas pastorais, na catequese e tamb\u00e9m nos espa\u00e7os f\u00edsicos.<\/p>\n<p>Ou\u00e7a a mensagem do Papa <a href=\"https:\/\/www.vaticannews.va\/pt\/papa\/news\/2019-12\/papa-francisco-pessoas-deficiencias.html\" target=\"_blank\" rel=\"noopener\">aqui:\u00a0<\/a><\/p>\n<p><strong>Pessoas com Defici\u00eancia na Igreja no Brasil<\/strong><\/p>\n<p style=\"text-align: justify\">A Igreja no Brasil vem, ao longo das \u00faltimas d\u00e9cadas, consolidando uma experi\u00eancia pr\u00e1tica e de compromisso que se expressam nos documentos. No documento n\u00ba 26 da CNBB sobre \u201cCatequese Renovada\u201d a Igreja refor\u00e7a que \u201ca presen\u00e7a de deficientes f\u00edsicos ou mentais numa fam\u00edlia e comunidade eclesial as interpela evangelicamente e exige delas uma real identifica\u00e7\u00e3o com o Cristo sofredor nesses seus irm\u00e3os mais fracos. A fam\u00edlia e a comunidade dever\u00e3o colocar \u00e0 disposi\u00e7\u00e3o deles todos os recursos necess\u00e1rios para acolh\u00ea-los como membros plenos de sua comunh\u00e3o e para o poss\u00edvel conhecimento de Jesus Cristo\u201d.<\/p>\n<p style=\"text-align: justify\">Um outro impulso nesta caminhada foi a realiza\u00e7\u00e3o em 2006 da Campanha \u201cFraternidade e pessoas com defici\u00eancia\u201d cujo lema foi: \u201cLevanta-te vem para o meio!\u201d<\/p>\n<p style=\"text-align: justify\">Tamb\u00e9m o Diret\u00f3rio Nacional de Catequese, aprovado em 2005, dedicou boa parte a apontar caminhos para avan\u00e7ar na inclus\u00e3o de pessoas com defici\u00eancia reconhecendo, no n\u00famero 2003, que \u201ch\u00e1 algumas pessoas que t\u00eam necessidades espec\u00edficas. Estas tamb\u00e9m precisam ser acolhidas na catequese. \u00c9 preciso oferecer uma catequese apropriada em seus recursos e conte\u00fado sem reducionismo e o simplismo que apontem para um descr\u00e9dito das capacidades da pessoa com defici\u00eancia\u201d.<\/p>\n<p style=\"text-align: justify\">A Confer\u00eancia Nacional dos Bispos do Brasil, por meio da Comiss\u00e3o Episcopal Pastoral para Anima\u00e7\u00e3o B\u00edblico Catequ\u00e9tica, realizou cinco semin\u00e1rios nacionais cujo objeto de reflex\u00e3o foi o trabalho com pessoas com defici\u00eancia e a sua inclus\u00e3o na catequese e na Igreja. O 5\u00ba Semin\u00e1rio Nacional de Catequese junto \u00e0 pessoa com defici\u00eancia foi realizado em 2011 com o tema \u201cIgreja e a Pessoa com Defici\u00eancia\u201d e o lema: \u201cLevanta-te e anda\u201d (At 3,6). \u00a0Em 2020, segundo informou o padre J\u00e2nison de S\u00e1 Santos, ser\u00e1 retomado o Projeto Catequese Especial.<\/p>\n<p style=\"text-align: justify\"><strong>Uma experi\u00eancia: A Pastoral da Pessoa com Defici\u00eancia<\/strong><\/p>\n<p style=\"text-align: justify\"><a href=\"https:\/\/www.cnbb.org.br\/experiencias-no-brasil-apontam-para-o-desafio-da-inclusao-das-pessoas-com-deficiencia-na-igreja\/logopasped\/\" rel=\"attachment wp-att-229916\"><img decoding=\"async\" loading=\"lazy\" class=\"size-full wp-image-229916 alignright\" src=\"https:\/\/www.cnbb.org.br\/wp-content\/uploads\/2020\/03\/LogoPasped.jpg\" alt=\"\" width=\"253\" height=\"262\" \/><\/a>Algumas experi\u00eancias, na Igreja no Brasil, apontam o que \u00e9 necess\u00e1rio fazer para que a inclus\u00e3o se torne uma realidade. \u00c9 o caso da Pastoral da Pessoa com Defici\u00eancia (Pasped) na Arquidiocese do Rio de Janeiro, articulada desde 2010.<\/p>\n<p style=\"text-align: justify\">Na Arquidiocese h\u00e1 uma experi\u00eancia muito rica de trabalho com pessoas com defici\u00eancia segundo nos conta o professor C\u00e9sar Bacchim, coordenador arquidiocesano da Pastoral da Pessoa com Defici\u00eancia. L\u00e1 existe a experi\u00eancia da Pastoral dos Surdos h\u00e1 38 anos. Eles tamb\u00e9m desenvolvem a catequese especial h\u00e1 mais de 40 e a Fraternidade do Movimento Ecum\u00eanico de Pessoas com Defici\u00eancia h\u00e1 mais de 30 anos. A experi\u00eancia mais recente \u00e9 a Pastoral dos Cegos com tr\u00eas anos.<\/p>\n<p style=\"text-align: justify\">At\u00e9 em 2010, segundo o professor Bacchim, cada pastoral funcionava com suas atividades de forma independente. A partir da\u00ed foi feito um trabalho para articular as quatro \u00e1reas das pessoas com defici\u00eancia: f\u00edsica, intelectual, auditiva e visual, com a cria\u00e7\u00e3o da Pastoral da Pessoa com Defici\u00eancia (Pasped).<\/p>\n<p style=\"text-align: justify\">H\u00e1 um movimento de integra\u00e7\u00e3o, mas cada pastoral continua tamb\u00e9m fazendo suas atividades e metodologias espec\u00edficas. Desde 2005, existe o F\u00f3rum de Pessoas com Defici\u00eancia que se re\u00fane mensalmente, sempre na primeira quarta-feira do m\u00eas, do qual participam pessoas com diferentes tipos de defici\u00eancia: cadeirantes, cegos, surdos e pessoas com defici\u00eancia intelectual.<\/p>\n<p style=\"text-align: justify\">Segundo o professor, a Arquidiocese d\u00e1 todo suporte para a realiza\u00e7\u00e3o do trabalho, incluindo uma sala de refer\u00eancia dentro do pr\u00e9dio de governo da Arquidiocese de S\u00e3o Sebasti\u00e3o do Rio de Janeiro. O pr\u00e9dio \u00e9 totalmente acess\u00edvel com rampas e banheiros adaptados para cadeirantes.<\/p>\n<p style=\"text-align: justify\">No dia 4 de dezembro, a Pasped realiza o 9\u00ba Semin\u00e1rio Arquidiocesano da Pessoa com Defici\u00eancia, na C\u00faria Metropolitana, a partir das 16h. O semin\u00e1rio tem o tema: &#8220;Fraternidade e Inclus\u00e3o come\u00e7am em casa&#8221;.<\/p>\n<p>Para conhecer mais sobre o trabalho: http:\/\/<a href=\"http:\/\/pasped.org.br\/\" target=\"_blank\" rel=\"noopener\">pasped.org.br<\/a><\/p>\n<p>Foto da capa: Arquivo da Pasped &#8211; Arquidiocese do Rio de Janeiro<\/p>\n<p>&nbsp;<\/p>\n","protected":false},"excerpt":{"rendered":"<p>Neste Dia Internacional da Pessoa com defici\u00eancia, o Papa pede a remo\u00e7\u00e3o de todas as barreiras que impedem a cidadania e a integra\u00e7\u00e3o plenas<\/p>\n","protected":false},"author":83,"featured_media":36043,"comment_status":"closed","ping_status":"open","sticky":false,"template":"","format":"standard","meta":{"site-sidebar-layout":"default","site-content-layout":"default","ast-global-header-display":"","ast-banner-title-visibility":"","ast-main-header-display":"","ast-hfb-above-header-display":"","ast-hfb-below-header-display":"","ast-hfb-mobile-header-display":"","site-post-title":"","ast-breadcrumbs-content":"","ast-featured-img":"","footer-sml-layout":"","theme-transparent-header-meta":"","adv-header-id-meta":"","stick-header-meta":"","header-above-stick-meta":"","header-main-stick-meta":"","header-below-stick-meta":""},"categories":[841],"tags":[1582],"acf":[],"_links":{"self":[{"href":"https:\/\/www.cnbb.org.br\/cnbb-app\/wp\/v2\/posts\/36041"}],"collection":[{"href":"https:\/\/www.cnbb.org.br\/cnbb-app\/wp\/v2\/posts"}],"about":[{"href":"https:\/\/www.cnbb.org.br\/cnbb-app\/wp\/v2\/types\/post"}],"author":[{"embeddable":true,"href":"https:\/\/www.cnbb.org.br\/cnbb-app\/wp\/v2\/users\/83"}],"replies":[{"embeddable":true,"href":"https:\/\/www.cnbb.org.br\/cnbb-app\/wp\/v2\/comments?post=36041"}],"version-history":[{"count":0,"href":"https:\/\/www.cnbb.org.br\/cnbb-app\/wp\/v2\/posts\/36041\/revisions"}],"wp:featuredmedia":[{"embeddable":true,"href":"https:\/\/www.cnbb.org.br\/cnbb-app\/wp\/v2\/media\/36043"}],"wp:attachment":[{"href":"https:\/\/www.cnbb.org.br\/cnbb-app\/wp\/v2\/media?parent=36041"}],"wp:term":[{"taxonomy":"category","embeddable":true,"href":"https:\/\/www.cnbb.org.br\/cnbb-app\/wp\/v2\/categories?post=36041"},{"taxonomy":"post_tag","embeddable":true,"href":"https:\/\/www.cnbb.org.br\/cnbb-app\/wp\/v2\/tags?post=36041"}],"curies":[{"name":"wp","href":"https:\/\/api.w.org\/{rel}","templated":true}]}}