{"id":36064,"date":"2019-12-08T00:00:00","date_gmt":"2019-12-08T03:00:00","guid":{"rendered":"https:\/\/www.cnbb.org.br\/imaculada-conceicao-4\/"},"modified":"2019-12-08T00:00:00","modified_gmt":"2019-12-08T03:00:00","slug":"imaculada-conceicao-4","status":"publish","type":"post","link":"https:\/\/www.cnbb.org.br\/imaculada-conceicao-4\/","title":{"rendered":"Imaculada Concei\u00e7\u00e3o"},"content":{"rendered":"<p style=\"text-align: right\"><strong>Cardeal Orani Jo\u00e3o Tempesta<br \/>\n<\/strong><strong>Arcebispo da Arquidiocese de S\u00e3o Sebasti\u00e3o do Rio de Janeiro<\/strong><\/p>\n<p style=\"text-align: justify\">Neste final de semana em que celebrar\u00edamos o segundo domingo do Advento, teremos a celebra\u00e7\u00e3o de uma festa mariana que prevalece sobre o domingo: A Solenidade da Imaculada Concei\u00e7\u00e3o de Nossa Senhora. Mesmo sendo celebrada no lugar da liturgia indicada para o segundo domingo do Advento, se insere muito bem dentro do contexto da prepara\u00e7\u00e3o para a vinda do Senhor em nossa carne, a celebra\u00e7\u00e3o do santo Natal.<\/p>\n<p style=\"text-align: justify\">A Igreja acredita<em> que a beat\u00edssima Virgem Maria, no primeiro instante de sua concep\u00e7\u00e3o, por singular gra\u00e7a e privil\u00e9gio de Deus onipotente, em vista dos m\u00e9ritos de Cristo, Salvador do g\u00eanero humano, foi preservada imune de toda mancha do pecado original<\/em> (Pio XI, Bula de proclama\u00e7\u00e3o do Dogma da Imaculada Concei\u00e7\u00e3o, 08 de dezembro de 1854).<\/p>\n<p style=\"text-align: justify\">A cren\u00e7a na Imaculada Concei\u00e7\u00e3o de Maria existe desde o princ\u00edpio da Igreja. O Catecismo da Igreja Cat\u00f3lica (n. 492) nos recorda que \u201ce<em>ste esplendor de uma \u00absantidade de todo singular\u00bb, com que foi enriquecida desde o primeiro instante da sua concei\u00e7\u00e3o, vem-lhe totalmente de Cristo: foi remida dum modo mais sublime, em aten\u00e7\u00e3o aos m\u00e9ritos de seu Filho. Mais que toda e qualquer outra pessoa criada, o Pai a \u201cencheu de toda a esp\u00e9cie de b\u00ean\u00e7\u00e3os espirituais, nos c\u00e9us, em Cristo\u201d (Ef 1, 3). \u201cN&#8217;Ele a escolheu antes da cria\u00e7\u00e3o do mundo, para ser, na caridade, santa e irrepreens\u00edvel na sua presen\u00e7a\u201d (Ef 1, 4).<\/em><\/p>\n<p style=\"text-align: justify\">Os Padres da tradi\u00e7\u00e3o oriental chamam a M\u00e3e de Deus a <em>toda santa<\/em>, celebram-na como imune de toda a mancha de pecado, visto que o pr\u00f3prio Esp\u00edrito Santo a modelou e dela fez uma nova criatura (Lumen Gentium 30). Pela gra\u00e7a de Deus, Maria manteve-se pura de todo o pecado pessoal ao longo de toda a vida.<\/p>\n<p style=\"text-align: justify\">Ao nos prepararmos para o Senhor que veio, vem e vir\u00e1, nada melhor do que contemplar a vida e a miss\u00e3o de Maria e aprender dela a como preparar os caminhos do Senhor para que Ele possa encontrar em n\u00f3s morada digna.<\/p>\n<p style=\"text-align: justify\">Deus preparou aquela que seria a M\u00e3e do Verbo que iria se encarnar com um privil\u00e9gio extraordin\u00e1rio: ser concebida sem a mancha do pecado original, fato que d\u00e1 nome \u00e0 solenidade de hoje, a Imaculada Concei\u00e7\u00e3o de Maria, sempre tendo em vista os m\u00e9ritos de Cristo. Por aceitar ser a m\u00e3e do Filho de Deus pela a\u00e7\u00e3o do Esp\u00edrito Santo, ser\u00e1 concebida sem o pecado original, preparando assim o seu seio para acolher e gerar o Verbo de Deus. Grande dom e grande gra\u00e7a que ressalta a centralidade de Jesus. Todas as prerrogativas Marianas t\u00eam uma dimens\u00e3o cristol\u00f3gica. Esse \u00e9 um pouco do mist\u00e9rio que celebramos neste final de semana: O Alt\u00edssimo que prepara sua morada em meio aos homens.<\/p>\n<p style=\"text-align: justify\">Se de um lado nos preparamos para a vinda do Senhor no final dos tempos, nos preparamos para celebrar o Senhor que veio habitar no meio de n\u00f3s atrav\u00e9s do mist\u00e9rio do Natal, se nos preparamos para acolher o Senhor que vem sempre em nossas vidas, o exemplo de Maria se apresenta como uma grande oportunidade para nos conduzir neste caminho: assim como ela recebeu o dom de Deus ao nascer Imaculada, ela tamb\u00e9m disse seu sim ao plano de Deus dirigido a ela: <em>Eis aqui a Serva do Senhor! Cumpra-se em mim a Tua Palavra! <\/em>\u00c9 Dom, \u00e9 Gra\u00e7a e \u00e9 tamb\u00e9m responsabilidade em nossa resposta.<\/p>\n<p style=\"text-align: justify\">Comentando este fato, o Catecismo (n. 494) ainda nos recorda:<\/p>\n<p style=\"text-align: justify\"><em>Ao an\u00fancio de que dar\u00e1 \u00e0 luz \u201co Filho do Alt\u00edssimo\u201d, sem conhecer homem, pela virtude do Esp\u00edrito Santo, Maria respondeu pela \u201cobedi\u00eancia da f\u00e9\u201d (Rm 1, 5), certa de que \u201ca Deus nada \u00e9 imposs\u00edvel\u201d: \u201cEis a serva do Senhor, fa\u00e7a-se em mim segundo a tua palavra\u201d (Lc 1, 38). Assim, dando o seu consentimento \u00e0 palavra de Deus, Maria tornou-se M\u00e3e de Jesus. E aceitando de todo o cora\u00e7\u00e3o, sem que nenhum pecado a retivesse, a vontade divina da salva\u00e7\u00e3o, entregou-se totalmente \u00e0 pessoa e \u00e0 obra do seu Filho para servir, na depend\u00eancia d&#8217;Ele e com Ele, pela gra\u00e7a de Deus, o mist\u00e9rio da reden\u00e7\u00e3o<\/em>.<\/p>\n<p style=\"text-align: justify\">Maria recebeu uma grande Gra\u00e7a, ao mesmo tempo que foi magn\u00e2nima em sua resposta e entrega ao plano de Deus. Nossa predestina\u00e7\u00e3o \u00e0 santidade fica prefigurada na a\u00e7\u00e3o de Deus em Maria, ao mesmo tempo em que o chamado \u00e0 santidade no dia a dia e nas realidades mais ordin\u00e1rias torna-se novamente presente. Somos chamados a dizer nosso sim e colocar em pr\u00e1tica o dom que recebemos, como bem nos recorda a segunda leitura (Ef 1, 3-6.11-12) da solenidade de hoje, tirada da carta aos Ef\u00e9sios:<\/p>\n<p style=\"text-align: justify\"><em>Em Cristo, ele nos escolheu, antes da funda\u00e7\u00e3o do mundo, para que sejamos santos e irrepreens\u00edveis sob o seu olhar, no amor. Ele nos predestinou para sermos seus filhos adotivos por interm\u00e9dio de Jesus Cristo, conforme a decis\u00e3o da sua vontade, para o louvor da sua gl\u00f3ria e da gra\u00e7a com que ele nos cumulou no seu Bem-amado. Nele tamb\u00e9m n\u00f3s recebemos a nossa parte. Segundo o projeto daquele que conduz tudo conforme a decis\u00e3o de sua vontade, n\u00f3s fomos predestinados a sermos, para o louvor de sua gl\u00f3ria, os que de antem\u00e3o colocaram a sua esperan\u00e7a em Cristo.<\/em><\/p>\n<p style=\"text-align: justify\">Chamados a ser filhos no Filho, somos tamb\u00e9m chamados a trilhar um caminho de santidade e justi\u00e7a diante de Deus. O sim que somos chamados a responder vem animado pelo sim de Maria, conforma presentado no Evangelho de hoje, tirado de S. Lucas (Lc 1, 26-38):<\/p>\n<p style=\"text-align: justify\"><em>O anjo Gabriel foi enviado por Deus a uma cidade da Galileia, chamada Nazar\u00e9, a uma virgem, prometida em casamento a um homem chamado Jos\u00e9. Ele era descendente de Davi e o nome da virgem era Maria O anjo entrou onde ela estava e disse: &#8216;Alegra-te, cheia de gra\u00e7a, o Senhor est\u00e1 contigo!&#8217; Maria ficou perturbada com estas palavras e come\u00e7ou a pensar qual seria o significado da sauda\u00e7\u00e3o. O anjo, ent\u00e3o, disse-lhe: &#8216;N\u00e3o tenhas medo, Maria, porque encontraste gra\u00e7a diante de Deus. Eis que conceber\u00e1s e dar\u00e1s \u00e0 luz um filho, a quem por\u00e1s o nome de Jesus. Ele ser\u00e1 grande, ser\u00e1 chamado Filho do Alt\u00edssimo, e o Senhor Deus lhe dar\u00e1 o trono de seu pai Davi. Ele reinar\u00e1 para sempre sobre os descendentes de Jac\u00f3, e o seu reino n\u00e3o ter\u00e1 fim&#8217;. Maria perguntou ao anjo: &#8216;Como acontecer\u00e1 isso, se eu n\u00e3o conhe\u00e7o homem algum?&#8217; O anjo respondeu: &#8216;O Esp\u00edrito vir\u00e1 sobre ti, e o poder do Alt\u00edssimo te cobrir\u00e1 com sua sombra. Por isso, o menino que vai nascer ser\u00e1 chamado Santo, Filho de Deus. Tamb\u00e9m Isabel, tua parenta, concebeu um filho na velhice. Este j\u00e1 \u00e9 o sexto m\u00eas daquela que era considerada est\u00e9ril, porque para Deus nada \u00e9 imposs\u00edvel&#8217;. Maria, ent\u00e3o, disse: &#8216;Eis aqui a serva do Senhor; fa\u00e7a-se em mim segundo a tua palavra!&#8217; E o anjo retirou-se.<\/em><\/p>\n<p style=\"text-align: justify\">O Evangelho nos narra o mist\u00e9rio da Gra\u00e7a, da Escolha e da resposta. S. Bernardo, ao comentar belamente este epis\u00f3dio do Evangelho, assim diz: <em>O anjo retirou-se no momento sublime da a\u00e7\u00e3o do Esp\u00edrito Santo na vida de Maria, fazendo conceber o Verbo de Deus.<\/em> Maria que d\u00e1 o seu sim para que o eterno possa habitar no tempo: O Verbo se fez carne e veio habitar no meio de n\u00f3s. Para isso Deus preparou Maria, com sua Concep\u00e7\u00e3o Imaculada.<\/p>\n<p style=\"text-align: justify\">Na primeira leitura desta solenidade celebrada neste domingo (Gn 3,9-15.20), relata as consequ\u00eancias do pecado na vida da humanidade:<\/p>\n<p style=\"text-align: justify\"><em>Depois que Ad\u00e3o comeu do fruto da \u00e1rvore, o Senhor Deus o chamou, dizendo: &#8220;Onde est\u00e1s?&#8221; E ele respondeu: &#8220;Ouvi tua voz no jardim, e fiquei com medo porque estava nu; e me escondi&#8221;.<\/em><\/p>\n<p style=\"text-align: justify\">Ad\u00e3o que foge da presen\u00e7a de Deus porque havia sucumbido \u00e0 tenta\u00e7\u00e3o de querer ser como Deus. Ap\u00f3s a queda, coloca a culpa em Eva, que por sua vez a coloca na serpente. A partir da\u00ed as consequ\u00eancias do pecado come\u00e7am a ser apresentadas. Sabemos que, a partir disso, Cristo vem para assumir toda a nossa vida. Mesmo sem ter pecado, assume os nossos pecados para nos resgatar e abrir as portas da eternidade. Vale aqui relembrar o coment\u00e1rio que Santo Irineu de Lyon faz sobre essa passagem, trazendo a figura t\u00e3o rica de significados de Maria, a Nova Eva: se pela desobedi\u00eancia de uma mulher veio a condena\u00e7\u00e3o, pela obedi\u00eancia da Filha de Si\u00e3o veio a salva\u00e7\u00e3o aos homens. Maria desata o n\u00f3 que Eva havia atado com sua desobedi\u00eancia.<\/p>\n<p style=\"text-align: justify\">Cabe ent\u00e3o a n\u00f3s dizer tamb\u00e9m o nosso sim. Que nossa contempla\u00e7\u00e3o do mist\u00e9rio da Imaculada Concei\u00e7\u00e3o, juntamente com nossa prepara\u00e7\u00e3o para a vinda do Senhor, incentive nosso desejo e nossa busca de santidade, nos colocando com uma maior dilig\u00eancia em preparar os caminhos do Senhor. Assim como o Senhor chamou Maria, o Senhor tamb\u00e9m nos chama, hoje, aqui e agora!<\/p>\n<p style=\"text-align: justify\">Neste tempo do advento que estamos vivenciando, somos chamados a olhar para a M\u00e3e, contemplar toda a escolha que Deus fez dela.<\/p>\n<p style=\"text-align: justify\">Nestes tempos complexos que vivenciamos, cabe estar atentos ao chamado de Deus para cada um de n\u00f3s e estar atentos aos sinais da presen\u00e7a dele no meio de n\u00f3s. Que possamos pedir o dom da f\u00e9 para permanecermos firmes, em meio a tantos ate\u00edsmos, a tantas formas de viol\u00eancia que nos afligem, em meio a tanto \u00f3dio declarado \u00e0queles que n\u00e3o creem, pe\u00e7amos o dom da perseveran\u00e7a na f\u00e9, ao mesmo tempo que pe\u00e7amos o dom de poder responder o sim generoso ao chamado do Senhor onde e quando ele nos chamar.<\/p>\n<p style=\"text-align: justify\">O advento \u00e9 tamb\u00e9m um tempo favor\u00e1vel para a contempla\u00e7\u00e3o das maravilhas que o Senhor tem realizado no meio de n\u00f3s. E como consequ\u00eancia disso, como nos recorda a campanha para a evangeliza\u00e7\u00e3o, que possamos renovar nossas atitudes de cuidar: cuidar das pessoas, cuidar da miss\u00e3o evangelizadora: cuido da miss\u00e3o evangelizadora, cuido dos pobres e cuido do an\u00fancio da Palavra.<\/p>\n<p style=\"text-align: justify\">N\u00e3o podemos deixar de agradecer a Deus por intercess\u00e3o da Virgem Imaculada pela ordena\u00e7\u00e3o presbiteral dos nossos 20 di\u00e1conos neste s\u00e1bado, 07 de dezembro. Que Maria possa ir sustentando a cada dia mais sua oferta sacerdotal.<\/p>\n<p style=\"text-align: justify\">Quero tamb\u00e9m dar gra\u00e7as a Deus pelos meus 45 anos de ordena\u00e7\u00e3o presbiteral celebrados tamb\u00e9m no dia 07 de dezembro. Dou gra\u00e7as a Deus pelo dom do chamado e pe\u00e7o que rezem por mim, para que possa responder com mais generosidade a cada dia ao dom que o Senhor me confiou.<\/p>\n<p style=\"text-align: justify\">Se tudo \u00e9 dom e gra\u00e7a do Senhor, isso sup\u00f5e tamb\u00e9m nossa disponibilidade em rela\u00e7\u00e3o aos planos de Deus, para que o Reino de Deus aconte\u00e7a em nossa sociedade. Que agradecidos pelo motivo da celebra\u00e7\u00e3o deste dia, vivamos intensamente nosso tempo do Advento!<\/p>\n<p style=\"text-align: justify\">\n<p style=\"text-align: justify\">\n<p style=\"text-align: justify\"><em>\u00a0<\/em><\/p>\n","protected":false},"excerpt":{"rendered":"<p>Cardeal Orani Jo\u00e3o Tempesta Arcebispo da Arquidiocese de S\u00e3o Sebasti\u00e3o do Rio de Janeiro Neste final de semana em que celebrar\u00edamos o segundo domingo do Advento, teremos a celebra\u00e7\u00e3o de uma festa mariana que prevalece sobre o domingo: A Solenidade da Imaculada Concei\u00e7\u00e3o de Nossa Senhora. Mesmo sendo celebrada no lugar da liturgia indicada para &hellip;<\/p>\n<p class=\"read-more\"> <a class=\"\" href=\"https:\/\/www.cnbb.org.br\/imaculada-conceicao-4\/\"> <span class=\"screen-reader-text\">Imaculada Concei\u00e7\u00e3o<\/span> Leia mais &raquo;<\/a><\/p>\n","protected":false},"author":31,"featured_media":0,"comment_status":"closed","ping_status":"open","sticky":false,"template":"","format":"standard","meta":{"site-sidebar-layout":"default","site-content-layout":"default","ast-global-header-display":"","ast-banner-title-visibility":"","ast-main-header-display":"","ast-hfb-above-header-display":"","ast-hfb-below-header-display":"","ast-hfb-mobile-header-display":"","site-post-title":"","ast-breadcrumbs-content":"","ast-featured-img":"","footer-sml-layout":"","theme-transparent-header-meta":"","adv-header-id-meta":"","stick-header-meta":"","header-above-stick-meta":"","header-main-stick-meta":"","header-below-stick-meta":""},"categories":[758],"tags":[],"acf":[],"_links":{"self":[{"href":"https:\/\/www.cnbb.org.br\/cnbb-app\/wp\/v2\/posts\/36064"}],"collection":[{"href":"https:\/\/www.cnbb.org.br\/cnbb-app\/wp\/v2\/posts"}],"about":[{"href":"https:\/\/www.cnbb.org.br\/cnbb-app\/wp\/v2\/types\/post"}],"author":[{"embeddable":true,"href":"https:\/\/www.cnbb.org.br\/cnbb-app\/wp\/v2\/users\/31"}],"replies":[{"embeddable":true,"href":"https:\/\/www.cnbb.org.br\/cnbb-app\/wp\/v2\/comments?post=36064"}],"version-history":[{"count":0,"href":"https:\/\/www.cnbb.org.br\/cnbb-app\/wp\/v2\/posts\/36064\/revisions"}],"wp:attachment":[{"href":"https:\/\/www.cnbb.org.br\/cnbb-app\/wp\/v2\/media?parent=36064"}],"wp:term":[{"taxonomy":"category","embeddable":true,"href":"https:\/\/www.cnbb.org.br\/cnbb-app\/wp\/v2\/categories?post=36064"},{"taxonomy":"post_tag","embeddable":true,"href":"https:\/\/www.cnbb.org.br\/cnbb-app\/wp\/v2\/tags?post=36064"}],"curies":[{"name":"wp","href":"https:\/\/api.w.org\/{rel}","templated":true}]}}