{"id":36072,"date":"2019-12-05T00:00:00","date_gmt":"2019-12-05T03:00:00","guid":{"rendered":"https:\/\/www.cnbb.org.br\/imaculada-conceicao-2o-domingo-advento\/"},"modified":"2020-10-23T14:35:02","modified_gmt":"2020-10-23T17:35:02","slug":"imaculada-conceicao-2o-domingo-advento","status":"publish","type":"post","link":"https:\/\/www.cnbb.org.br\/imaculada-conceicao-2o-domingo-advento\/","title":{"rendered":"Segundo domingo do Advento ou Solenidade da Imaculada Concei\u00e7\u00e3o? Entenda"},"content":{"rendered":"<p style=\"text-align: justify\">No pr\u00f3ximo dia 8 de dezembro, um domingo, ser\u00e1 a Solenidade da Imaculada Concei\u00e7\u00e3o de Nossa Senhora. Dentro do Tempo do Advento, a Igreja no Brasil celebrar\u00e1 a solenidade mariana no lugar do 2\u00ba Domingo deste tempo lit\u00fargico. Esta peculiaridade tem gerado algumas d\u00favidas quanto \u00e0s preced\u00eancias das celebra\u00e7\u00f5es no contexto da pastoral lit\u00fargica. O assessor da Comiss\u00e3o Episcopal Pastoral para a Liturgia da Confer\u00eancia Nacional dos Bispos do Brasil (CNBB), padre Leonardo Pinheiro, ajuda a entender esta quest\u00e3o.<\/p>\n<p style=\"text-align: justify\">A d\u00favida surge quando consultada a tabela de preced\u00eancia das celebra\u00e7\u00f5es. De acordo com o Diret\u00f3rio de Liturgia da Igreja no Brasil, \u201cse ocorrem no mesmo dia v\u00e1rias celebra\u00e7\u00f5es, celebra-se a que ocupa um lugar superior na tabela dos dias lit\u00fargicos. Se uma solenidade for impedida por algum dia lit\u00fargico que tem preced\u00eancia sobre ela, transfere-se para o dia mais pr\u00f3ximo que estiver livre\u201d.<\/p>\n<figure id=\"attachment_230253\" aria-describedby=\"caption-attachment-230253\" style=\"width: 300px\" class=\"wp-caption alignleft\"><img decoding=\"async\" loading=\"lazy\" class=\"size-medium wp-image-230253\" src=\"https:\/\/www.cnbb.org.br\/wp-content\/uploads\/2020\/03\/Pe-Leonardo-Liturgia-300x200.jpg\" alt=\"\" width=\"300\" height=\"200\" \/><figcaption id=\"caption-attachment-230253\" class=\"wp-caption-text\"><em>Padre Leonardo Pinheiro mostra a orienta\u00e7\u00e3o no Missal | Foto: CNBB\/Luiz Lopes Jr<\/em><\/figcaption><\/figure>\n<p style=\"text-align: justify\">\u201cNa tabela de preced\u00eancias das celebra\u00e7\u00f5es, contida nas &#8216;Normas Universais do Ano Lit\u00fargico e Calend\u00e1rio Romano Geral&#8217;, n\u00famero 59, o domingo do Advento tem preced\u00eancia em rela\u00e7\u00e3o \u00e0s Solenidades e este \u00e9 o motivo da d\u00favida\u201d, conta padre Leonardo.<\/p>\n<p style=\"text-align: justify\">Mas a resposta est\u00e1 na p\u00e1gina 715 do Missal Romano, indica o assessor. Ali, j\u00e1 no topo da p\u00e1gina, se encontra a explica\u00e7\u00e3o do porqu\u00ea, mesmo no domingo do Advento, se celebra a Solenidade da Imaculada Concei\u00e7\u00e3o de Maria:<\/p>\n<p style=\"text-align: justify\">\u201cNo Brasil, por determina\u00e7\u00e3o da CNBB e autoriza\u00e7\u00e3o da Santa S\u00e9, esta solenidade \u00e9 sempre celebrada no dia 8 de dezembro, mesmo que este dia seja Domingo do Tempo do Advento\u201d.<\/p>\n<p style=\"text-align: justify\"><strong>Resgate hist\u00f3rico<\/strong><br \/>\nEsta determina\u00e7\u00e3o por parte da Confer\u00eancia dos Bispos do Brasil se deu por decis\u00e3o da 13\u00aa Assembleia Geral da entidade. Na ocasi\u00e3o, os bispos votaram a favor da celebra\u00e7\u00e3o da Solenidade sempre no dia 8 de dezembro. Em fevereiro de 1973, o ent\u00e3o presidente da CNBB, dom Alo\u00edsio Lorscheider, recebeu o comunicado do secret\u00e1rio da Congrega\u00e7\u00e3o para o Culto Divino, dom Annibale Bugnini, autorizando a manuten\u00e7\u00e3o da celebra\u00e7\u00e3o na tradicional data por meio da aprova\u00e7\u00e3o em assembleia.<\/p>\n<p style=\"text-align: justify\"><strong>Devo\u00e7\u00e3o popular<\/strong><br \/>\nA festa da Imaculada Concei\u00e7\u00e3o \u00e9 uma das festas marianas mais populares no Brasil. Este foi um dos motivos justificados para a celebra\u00e7\u00e3o no dia 8 de dezembro. Nos registros da CNBB tamb\u00e9m est\u00e1 elencado o outro argumento que favoreceu a escolha: \u201co Mist\u00e9rio da Imaculada Concei\u00e7\u00e3o est\u00e1 profundamente ligado ao mist\u00e9rio do Natal\u201d, explica padre Leonardo.<\/p>\n<blockquote>\n<p style=\"text-align: justify\">\u201c<em>Neste ano, a festa da Imaculada Concei\u00e7\u00e3o cai em Domingo do Advento. Conforme as rubricas, deve ser antecipada para o s\u00e1bado precedente. Atendendo \u00e0s dificuldades pastorais causadas por esta transfer\u00eancia, a Sagrada Congrega\u00e7\u00e3o para o culto Divino escreveu ao Presidente da CNBB acenando com a possibilidade de manter a festa da Imaculada no Domingo, caso fosse esse o parecer da Confer\u00eancia Episcopal. Ora, considerando que o mist\u00e9rio da Imaculada Concei\u00e7\u00e3o se relaciona com o tempo do Advento (prepara\u00e7\u00e3o da vida do Messias), considerando que no Brasil a festa tem grande resson\u00e2ncia popular, estando o povo habituado a celebr\u00e1-la no dia 8, tendo mesmo obtido que em numerosos lugares o dia 8 fosse feriado civil<\/em>\u201d, l\u00ea-se no documento da d\u00e9cada de 1970.<\/p>\n<\/blockquote>\n<p style=\"text-align: justify\">A Solenidade da Imaculada Concei\u00e7\u00e3o \u00e9 celebrada desde o s\u00e9culo XI e est\u00e1 inserida no contexto do Advento-Natal, \u201cunindo a espera messi\u00e2nica e o retorno glorioso de Cristo com a admir\u00e1vel mem\u00f3ria da M\u00e3e\u201d, explica o Missal Romano. O dogma da Imaculada Concei\u00e7\u00e3o foi proclamado pelo Papa Pio IX, em 1854.<\/p>\n<p>&nbsp;<\/p>\n<p>http:\/\/www.cnbb.org.br\/imaculada-conceicao-maria-e-celebrada-como-modelo-de-virtude-nesta-festa-de-devocao-nacional\/<\/p>\n","protected":false},"excerpt":{"rendered":"<p>Diante das d\u00favidas em rela\u00e7\u00e3o \u00e0 coincid\u00eancia da celebra\u00e7\u00e3o do segundo domingo do Advento com a Solenidade da Imaculada Concei\u00e7\u00e3o, no dia 8 dezembro, saiba o porqu\u00ea no Brasil se celebra a Solenidade Mariana, mesmo que seja um Domingo do Advento.<\/p>\n","protected":false},"author":83,"featured_media":36073,"comment_status":"closed","ping_status":"open","sticky":false,"template":"","format":"standard","meta":{"site-sidebar-layout":"default","site-content-layout":"default","ast-global-header-display":"","ast-banner-title-visibility":"","ast-main-header-display":"","ast-hfb-above-header-display":"","ast-hfb-below-header-display":"","ast-hfb-mobile-header-display":"","site-post-title":"","ast-breadcrumbs-content":"","ast-featured-img":"","footer-sml-layout":"","theme-transparent-header-meta":"","adv-header-id-meta":"","stick-header-meta":"","header-above-stick-meta":"","header-main-stick-meta":"","header-below-stick-meta":""},"categories":[1],"tags":[1609],"acf":[],"_links":{"self":[{"href":"https:\/\/www.cnbb.org.br\/cnbb-app\/wp\/v2\/posts\/36072"}],"collection":[{"href":"https:\/\/www.cnbb.org.br\/cnbb-app\/wp\/v2\/posts"}],"about":[{"href":"https:\/\/www.cnbb.org.br\/cnbb-app\/wp\/v2\/types\/post"}],"author":[{"embeddable":true,"href":"https:\/\/www.cnbb.org.br\/cnbb-app\/wp\/v2\/users\/83"}],"replies":[{"embeddable":true,"href":"https:\/\/www.cnbb.org.br\/cnbb-app\/wp\/v2\/comments?post=36072"}],"version-history":[{"count":0,"href":"https:\/\/www.cnbb.org.br\/cnbb-app\/wp\/v2\/posts\/36072\/revisions"}],"wp:featuredmedia":[{"embeddable":true,"href":"https:\/\/www.cnbb.org.br\/cnbb-app\/wp\/v2\/media\/36073"}],"wp:attachment":[{"href":"https:\/\/www.cnbb.org.br\/cnbb-app\/wp\/v2\/media?parent=36072"}],"wp:term":[{"taxonomy":"category","embeddable":true,"href":"https:\/\/www.cnbb.org.br\/cnbb-app\/wp\/v2\/categories?post=36072"},{"taxonomy":"post_tag","embeddable":true,"href":"https:\/\/www.cnbb.org.br\/cnbb-app\/wp\/v2\/tags?post=36072"}],"curies":[{"name":"wp","href":"https:\/\/api.w.org\/{rel}","templated":true}]}}