{"id":36083,"date":"2019-12-06T00:00:00","date_gmt":"2019-12-06T03:00:00","guid":{"rendered":"https:\/\/www.cnbb.org.br\/em-cada-casa-um-presepio\/"},"modified":"2019-12-06T00:00:00","modified_gmt":"2019-12-06T03:00:00","slug":"em-cada-casa-um-presepio","status":"publish","type":"post","link":"https:\/\/www.cnbb.org.br\/em-cada-casa-um-presepio\/","title":{"rendered":"Em cada casa um pres\u00e9pio"},"content":{"rendered":"<p style=\"text-align: right\"><strong>Dom Jo\u00e3o Justino de Medeiros Silva<br \/>\nArcebispo Metropolitano de Montes Claros<\/strong><\/p>\n<p style=\"text-align: justify\">A festa do Natal de Jesus Cristo aproxima-se. Nas igrejas, a liturgia do advento retoma os antigos profetas e sua expectativa da chegada do Messias. Nessa \u00e9poca do ano, a troca de presentes \u00e9 estimulada. O com\u00e9rcio se prepara com incont\u00e1veis produtos e enfeites natalinos. Muitos programam festas familiares, outros organizam celebra\u00e7\u00f5es. Nas comunidades, vizinhos se re\u00fanem para os encontros de ora\u00e7\u00e3o e de prepara\u00e7\u00e3o para a Noite Santa. Uma das figuras de destaque \u00e9 o Papai Noel, que faz brilhar os olhos dos pequeninos, ansiosos pela novidade de um presente.<\/p>\n<p style=\"text-align: justify\">Entre tantos preparativos, h\u00e1 um muito especial, de longa tradi\u00e7\u00e3o. Trata-se do pres\u00e9pio, qual encena\u00e7\u00e3o do nascimento do menino Jesus. Em muitos lugares as pessoas se dedicam a preparar com criatividade os pres\u00e9pios. Nas casas, nas escolas, nas igrejas, nas pra\u00e7as e ruas, nos hospitais e em diferentes locais s\u00e3o alocadas, no m\u00ednimo, as imagens de Maria, de Jos\u00e9 e do menino Jesus circundadas por outras imagens de bois, burros, ovelhas e dos pastores. Se as informa\u00e7\u00f5es dos evangelhos s\u00e3o muito poucas, n\u00e3o faltou a imagina\u00e7\u00e3o da f\u00e9 para propor a cena de Bel\u00e9m que assinala a dificuldade de Jos\u00e9 encontrar hospedagem e ter que improvisar um lugar onde estavam dormindo animais para ali Maria dar \u00e0 luz ao seu filho Jesus. O evangelista Lucas nos conta que Maria deu \u00e0 luz o menino, o envolveu em panos e o deitou numa manjedoura (cf. Lc 2,7). Como em latim a palavra manjedoura se diz <em>\u201cpraesepium\u201d<\/em>, da\u00ed veio a palavra pres\u00e9pio para retratar o ambiente em que Jesus nasceu.<\/p>\n<p style=\"text-align: justify\">Foi S\u00e3o Francisco de Assis que no Natal de 1223, em Greccio, quis reviver o nascimento de Jesus instalando uma manjedoura com palhas e trazendo um boi e um burro para o mesmo local. Naquela noite, os presentes reviveram a alegria dos pastores que encontraram o rec\u00e9m-nascido deitado na manjedoura. Talvez sem a pretens\u00e3o de que se tornasse uma tradi\u00e7\u00e3o t\u00e3o viva e variegada, Francisco de Assis, sem saber, criou um recurso de grande express\u00e3o evangelizadora e catequ\u00e9tica e uma das mais belas tradi\u00e7\u00f5es natalinas.<\/p>\n<p style=\"text-align: justify\">Eis que o Papa Francisco quis come\u00e7ar o advento deste ano visitando, pessoalmente, a localidade de Greccio e ali assinar a carta Apost\u00f3lica Admirabile Signum (Sinal admir\u00e1vel) sobre o significado e valor do pres\u00e9pio. Com esse gesto, Papa Francisco quis apoiar e reestimular a tradi\u00e7\u00e3o das fam\u00edlias prepararem o pres\u00e9pio. Lembra-nos o Papa de que \u201co pres\u00e9pio faz parte do suave e exigente processo de transmiss\u00e3o da f\u00e9\u201d. Queremos nos associar ao Papa Francisco e propor que em cada casa se prepare um pres\u00e9pio, especialmente com a participa\u00e7\u00e3o das crian\u00e7as. N\u00e3o faltar\u00e3o nem criatividade nem recursos para reconstruir com imagina\u00e7\u00e3o a cena do nascimento de Jesus. \u201cN\u00e3o \u00e9 importante a forma como se arma o pres\u00e9pio; pode ser sempre igual ou modific\u00e1-la a cada ano. O que conta, \u00e9 que fale \u00e0 nossa vida\u201d, escreve o Papa.<\/p>\n<p style=\"text-align: justify\">Sim, que fale \u00e0 nossa vida. O Natal como festa do encontro de Deus com a humanidade revela-nos o humano abra\u00e7ado pelo divino. O Filho de Deus reveste-se de nossa fragilidade. O pres\u00e9pio nos deixa algumas li\u00e7\u00f5es. Entre elas a certeza de que Deus escolheu vir a n\u00f3s na pobreza de nossa humanidade. Nada elevou mais o ser humano que a encarna\u00e7\u00e3o do Verbo. Aquele menino que repousa na manjedoura em Bel\u00e9m \u00e9 verdadeiramente homem e Deus. Mist\u00e9rio de f\u00e9.<\/p>\n","protected":false},"excerpt":{"rendered":"<p>Dom Jo\u00e3o Justino de Medeiros Silva Arcebispo Metropolitano de Montes Claros A festa do Natal de Jesus Cristo aproxima-se. Nas igrejas, a liturgia do advento retoma os antigos profetas e sua expectativa da chegada do Messias. Nessa \u00e9poca do ano, a troca de presentes \u00e9 estimulada. O com\u00e9rcio se prepara com incont\u00e1veis produtos e enfeites &hellip;<\/p>\n<p class=\"read-more\"> <a class=\"\" href=\"https:\/\/www.cnbb.org.br\/em-cada-casa-um-presepio\/\"> <span class=\"screen-reader-text\">Em cada casa um pres\u00e9pio<\/span> Leia mais &raquo;<\/a><\/p>\n","protected":false},"author":64,"featured_media":0,"comment_status":"closed","ping_status":"open","sticky":false,"template":"","format":"standard","meta":{"site-sidebar-layout":"default","site-content-layout":"default","ast-global-header-display":"","ast-banner-title-visibility":"","ast-main-header-display":"","ast-hfb-above-header-display":"","ast-hfb-below-header-display":"","ast-hfb-mobile-header-display":"","site-post-title":"","ast-breadcrumbs-content":"","ast-featured-img":"","footer-sml-layout":"","theme-transparent-header-meta":"","adv-header-id-meta":"","stick-header-meta":"","header-above-stick-meta":"","header-main-stick-meta":"","header-below-stick-meta":""},"categories":[758],"tags":[],"acf":[],"_links":{"self":[{"href":"https:\/\/www.cnbb.org.br\/cnbb-app\/wp\/v2\/posts\/36083"}],"collection":[{"href":"https:\/\/www.cnbb.org.br\/cnbb-app\/wp\/v2\/posts"}],"about":[{"href":"https:\/\/www.cnbb.org.br\/cnbb-app\/wp\/v2\/types\/post"}],"author":[{"embeddable":true,"href":"https:\/\/www.cnbb.org.br\/cnbb-app\/wp\/v2\/users\/64"}],"replies":[{"embeddable":true,"href":"https:\/\/www.cnbb.org.br\/cnbb-app\/wp\/v2\/comments?post=36083"}],"version-history":[{"count":0,"href":"https:\/\/www.cnbb.org.br\/cnbb-app\/wp\/v2\/posts\/36083\/revisions"}],"wp:attachment":[{"href":"https:\/\/www.cnbb.org.br\/cnbb-app\/wp\/v2\/media?parent=36083"}],"wp:term":[{"taxonomy":"category","embeddable":true,"href":"https:\/\/www.cnbb.org.br\/cnbb-app\/wp\/v2\/categories?post=36083"},{"taxonomy":"post_tag","embeddable":true,"href":"https:\/\/www.cnbb.org.br\/cnbb-app\/wp\/v2\/tags?post=36083"}],"curies":[{"name":"wp","href":"https:\/\/api.w.org\/{rel}","templated":true}]}}