{"id":36086,"date":"2019-12-09T00:00:00","date_gmt":"2019-12-09T03:00:00","guid":{"rendered":"https:\/\/www.cnbb.org.br\/tu-me-amas\/"},"modified":"2019-12-09T00:00:00","modified_gmt":"2019-12-09T03:00:00","slug":"tu-me-amas","status":"publish","type":"post","link":"https:\/\/www.cnbb.org.br\/tu-me-amas\/","title":{"rendered":"Tu me amas?"},"content":{"rendered":"<p style=\"text-align: right\"><strong>Dom Murilo S.R. Krieger<\/strong><br \/>\n<strong>Arcebispo de S\u00e3o Salvador da Bahia<\/strong><\/p>\n<p style=\"text-align: justify\">A celebra\u00e7\u00e3o de meu jubileu de ouro de ordena\u00e7\u00e3o sacerdotal (1969 &#8211; 07.12 -2019) me fez recordar a pergunta que Jesus, pouco antes de sua ascens\u00e3o, fez a Sim\u00e3o Pedro: \u201cSim\u00e3o, filho de Jo\u00e3o, tu me amas?\u201d Por que essa pergunta? Afinal, Pedro havia dado muitas provas de que o amava: deixara barco e redes por causa dele; partira com Jesus para o desconhecido; havia seguido o Mestre durante tr\u00eas anos, numa vida desgastante; manifestara sua f\u00e9, ao proclamar: \u201cTu \u00e9s o Cristo, o Filho de Deus vivo\u201d. N\u00e3o era de se esperar, pois, que o ap\u00f3stolo ouvisse a mesma pergunta, e por tr\u00eas vezes. \u00c9 verdade que Pedro havia negado Jesus, tamb\u00e9m por tr\u00eas vezes. Mas, afinal, agora estava ali, seguindo-o.<\/p>\n<p style=\"text-align: justify\">Provavelmente, Jesus insistiu em sua pergunta para ter a oportunidade de acentuar, de forma clara, qual seria a miss\u00e3o de Pedro: \u201cApascenta as minhas ovelhas!!\u201d O ap\u00f3stolo passava a ter a mesma miss\u00e3o de Jesus. Como pastor, dever\u00e1 testemunhar as dimens\u00f5es do amor e da miseric\u00f3rdia do Senhor \u2013 miseric\u00f3rdia que ele pr\u00f3prio havia experimentado ap\u00f3s ter negado o Mestre. Como pastor, Pedro dever\u00e1 fazer por todas as pessoas o que Jesus havia feito por ele: dar a vida. Jamais poder\u00e1 se esquecer de que n\u00e3o estava recebendo um cargo de domina\u00e7\u00e3o ou poder, mas uma miss\u00e3o de servi\u00e7o. Pedro dever\u00e1 possibilitar que outros experimentem o amor de Jesus, como ele pr\u00f3prio o havia experimentado.<\/p>\n<p style=\"text-align: justify\">A insist\u00eancia de Jesus na pergunta pode ter tamb\u00e9m uma outra explica\u00e7\u00e3o: o desejo que o Mestre tinha de ouvir, por tr\u00eas vezes, uma confirma\u00e7\u00e3o do amor que o ap\u00f3stolo tinha por ele: \u201cTu sabes que eu te amo\u201d. A partir da\u00ed, Pedro ser\u00e1 outro: cuidar\u00e1 do rebanho de Jesus, unir\u00e1 os outros ap\u00f3stolos em torno do Bom Pastor, anunciar\u00e1 a Boa Nova, escrever\u00e1 duas cartas e enfrentar\u00e1 mil problemas, at\u00e9 ser martirizado. Cada passo que dava, era uma confirma\u00e7\u00e3o do que havia dito a Jesus: \u201cTu sabes que eu te amo&#8230;\u201d<\/p>\n<p style=\"text-align: justify\">Passados cinquenta anos de minha ordena\u00e7\u00e3o sacerdotal, sinto que Jesus se dirige a mim com a pergunta feita a Pedro: \u201cTu me amas?&#8230;\u201d Ele quer que eu aproveite esse jubileu para uma revis\u00e3o de minha vida em rela\u00e7\u00e3o a ele. Lembrando-me das situa\u00e7\u00f5es que vivi, das pessoas que conheci, das muitas gra\u00e7as recebidas, s\u00f3 posso repetir com Pedro: \u201cTu sabes que eu te amo!\u201d E como n\u00e3o am\u00e1-lo, depois de tantas manifesta\u00e7\u00f5es de sua miseric\u00f3rdia? Como n\u00e3o lhe ser grato depois de experi\u00eancias que tive como seu disc\u00edpulo? Como n\u00e3o lhe responder positivamente e com alegria, depois de tudo o que ele me possibilitou viver?<\/p>\n<p style=\"text-align: justify\">Lendo esse testemunho, meus leitores entender\u00e3o melhor a escolha do meu lema: \u201cDeus \u00e9 amor!\u201d Pe\u00e7o a ora\u00e7\u00e3o de todos para acreditar sempre mais nessa verdade e para proclam\u00e1-la com renovado entusiasmo.<\/p>\n","protected":false},"excerpt":{"rendered":"<p>Dom Murilo S.R. Krieger Arcebispo de S\u00e3o Salvador da Bahia A celebra\u00e7\u00e3o de meu jubileu de ouro de ordena\u00e7\u00e3o sacerdotal (1969 &#8211; 07.12 -2019) me fez recordar a pergunta que Jesus, pouco antes de sua ascens\u00e3o, fez a Sim\u00e3o Pedro: \u201cSim\u00e3o, filho de Jo\u00e3o, tu me amas?\u201d Por que essa pergunta? Afinal, Pedro havia dado &hellip;<\/p>\n<p class=\"read-more\"> <a class=\"\" href=\"https:\/\/www.cnbb.org.br\/tu-me-amas\/\"> <span class=\"screen-reader-text\">Tu me amas?<\/span> Leia mais &raquo;<\/a><\/p>\n","protected":false},"author":14,"featured_media":0,"comment_status":"closed","ping_status":"open","sticky":false,"template":"","format":"standard","meta":{"site-sidebar-layout":"default","site-content-layout":"default","ast-global-header-display":"","ast-banner-title-visibility":"","ast-main-header-display":"","ast-hfb-above-header-display":"","ast-hfb-below-header-display":"","ast-hfb-mobile-header-display":"","site-post-title":"","ast-breadcrumbs-content":"","ast-featured-img":"","footer-sml-layout":"","theme-transparent-header-meta":"","adv-header-id-meta":"","stick-header-meta":"","header-above-stick-meta":"","header-main-stick-meta":"","header-below-stick-meta":""},"categories":[758],"tags":[],"acf":[],"_links":{"self":[{"href":"https:\/\/www.cnbb.org.br\/cnbb-app\/wp\/v2\/posts\/36086"}],"collection":[{"href":"https:\/\/www.cnbb.org.br\/cnbb-app\/wp\/v2\/posts"}],"about":[{"href":"https:\/\/www.cnbb.org.br\/cnbb-app\/wp\/v2\/types\/post"}],"author":[{"embeddable":true,"href":"https:\/\/www.cnbb.org.br\/cnbb-app\/wp\/v2\/users\/14"}],"replies":[{"embeddable":true,"href":"https:\/\/www.cnbb.org.br\/cnbb-app\/wp\/v2\/comments?post=36086"}],"version-history":[{"count":0,"href":"https:\/\/www.cnbb.org.br\/cnbb-app\/wp\/v2\/posts\/36086\/revisions"}],"wp:attachment":[{"href":"https:\/\/www.cnbb.org.br\/cnbb-app\/wp\/v2\/media?parent=36086"}],"wp:term":[{"taxonomy":"category","embeddable":true,"href":"https:\/\/www.cnbb.org.br\/cnbb-app\/wp\/v2\/categories?post=36086"},{"taxonomy":"post_tag","embeddable":true,"href":"https:\/\/www.cnbb.org.br\/cnbb-app\/wp\/v2\/tags?post=36086"}],"curies":[{"name":"wp","href":"https:\/\/api.w.org\/{rel}","templated":true}]}}