{"id":36091,"date":"2019-12-09T00:00:00","date_gmt":"2019-12-09T03:00:00","guid":{"rendered":"https:\/\/www.cnbb.org.br\/santarem-celebrou-101a-edicao-do-cirio-de-nossa-senhora-da-conceicao-ultima-edicao-antes-de-ser-elevada-a-arquidiocese\/"},"modified":"2020-10-23T16:59:50","modified_gmt":"2020-10-23T19:59:50","slug":"santarem-celebrou-101a-edicao-do-cirio-de-nossa-senhora-da-conceicao-ultima-edicao-antes-de-ser-elevada-a-arquidiocese","status":"publish","type":"post","link":"https:\/\/www.cnbb.org.br\/santarem-celebrou-101a-edicao-do-cirio-de-nossa-senhora-da-conceicao-ultima-edicao-antes-de-ser-elevada-a-arquidiocese\/","title":{"rendered":"Santar\u00e9m celebrou 101\u00aa edi\u00e7\u00e3o do C\u00edrio de Nossa Senhora da Concei\u00e7\u00e3o, no fim de semana"},"content":{"rendered":"<p style=\"text-align: justify\">Em 2020, a diocese de Santar\u00e9m (PA) ser\u00e1 oficialmente elevada a arquidiocese. No \u00faltimo final de semana, foi conclu\u00edda a \u00faltima edi\u00e7\u00e3o do C\u00edrio de Nossa Senhora da Concei\u00e7\u00e3o antes da eleva\u00e7\u00e3o e da posse do novo bispo. Neste ano de 2019, tamb\u00e9m foram celebrados os dois s\u00e9culos da dedica\u00e7\u00e3o da Igreja de Nossa Senhora da Concei\u00e7\u00e3o, que agora ser\u00e1 a catedral metropolitana da arquidiocese de Santar\u00e9m.<\/p>\n<p style=\"text-align: justify\">O arcebispo eleito de Santar\u00e9m (PA), dom Irineu Roman, falou ao portal da CNBB sobre a devo\u00e7\u00e3o \u00e0 Imaculada Concei\u00e7\u00e3o no estado do Par\u00e1 e recordou que de Maria \u201cpodemos aprender a viv\u00eancia da f\u00e9, a escuta da Palavra de Deus\u201d.<\/p>\n<p style=\"text-align: justify\"><strong>A devo\u00e7\u00e3o na futura arquidiocese<br \/>\n<\/strong>Na noite de ontem, ocorreu a \u00faltima prociss\u00e3o do C\u00edrio de Nossa Senhora da Concei\u00e7\u00e3o, saindo da rua Siqueira Campos, em frente \u00e0 catedral, at\u00e9 o elevado da Pra\u00e7a da Matriz. Ap\u00f3s a missa, celebrada na chegada do trajeto, houve show pirot\u00e9cnico.<\/p>\n<p style=\"text-align: justify\">Em Santar\u00e9m, a devo\u00e7\u00e3o a Nossa Senhora da Concei\u00e7\u00e3o se traduz em uma s\u00e9rie de eventos que movimenta todo o segundo semestre do ano com peregrina\u00e7\u00e3o da imagem, missas, carreatas e as v\u00e1rias romarias (de barcos, de bicicletas, de motos). Tamb\u00e9m s\u00e3o promovidos corridas, exposi\u00e7\u00f5es, desfiles, caminhadas, leil\u00f5es e vig\u00edlias. Somente neste ano foram quase 30 eventos da 101\u00aa edi\u00e7\u00e3o do C\u00edrio de Nossa Senhora da Concei\u00e7\u00e3o.<\/p>\n<p style=\"text-align: justify\">Neste ano, a futura arquidiocese tamb\u00e9m celebra os 200 anos da dedica\u00e7\u00e3o da Igreja de Nossa Senhora da Concei\u00e7\u00e3o, que agora ser\u00e1 a catedral metropolitana da arquidiocese de Santar\u00e9m.<\/p>\n<div id='gallery-1' class='gallery galleryid-36091 gallery-columns-3 gallery-size-thumbnail'><figure class='gallery-item'>\n\t\t\t<div class='gallery-icon portrait'>\n\t\t\t\t<a href='https:\/\/www.cnbb.org.br\/wp-content\/uploads\/2020\/03\/Imaculada-Santar\u00e9m-4.jpeg' title=\"\" data-rl_title=\"\" class=\"rl-gallery-link\" data-rl_caption=\"\" data-rel=\"lightbox-gallery-1\"><img width=\"150\" height=\"150\" src=\"https:\/\/www.cnbb.org.br\/wp-content\/uploads\/2020\/03\/Imaculada-Santar\u00e9m-4-150x150.jpeg\" class=\"attachment-thumbnail size-thumbnail\" alt=\"\" decoding=\"async\" loading=\"lazy\" srcset=\"https:\/\/www.cnbb.org.br\/wp-content\/uploads\/2020\/03\/Imaculada-Santar\u00e9m-4-150x150.jpeg 150w, https:\/\/www.cnbb.org.br\/wp-content\/uploads\/2020\/03\/Imaculada-Santar\u00e9m-4-800x800.jpeg 800w\" sizes=\"(max-width: 150px) 100vw, 150px\" \/><\/a>\n\t\t\t<\/div><\/figure><figure class='gallery-item'>\n\t\t\t<div class='gallery-icon landscape'>\n\t\t\t\t<a href='https:\/\/www.cnbb.org.br\/wp-content\/uploads\/2020\/03\/Imaculada-Santar\u00e9m-1.jpeg' title=\"\" data-rl_title=\"\" class=\"rl-gallery-link\" data-rl_caption=\"\" data-rel=\"lightbox-gallery-1\"><img width=\"150\" height=\"150\" src=\"https:\/\/www.cnbb.org.br\/wp-content\/uploads\/2020\/03\/Imaculada-Santar\u00e9m-1-150x150.jpeg\" class=\"attachment-thumbnail size-thumbnail\" alt=\"\" decoding=\"async\" loading=\"lazy\" srcset=\"https:\/\/www.cnbb.org.br\/wp-content\/uploads\/2020\/03\/Imaculada-Santar\u00e9m-1-150x150.jpeg 150w, https:\/\/www.cnbb.org.br\/wp-content\/uploads\/2020\/03\/Imaculada-Santar\u00e9m-1-800x800.jpeg 800w\" sizes=\"(max-width: 150px) 100vw, 150px\" \/><\/a>\n\t\t\t<\/div><\/figure><figure class='gallery-item'>\n\t\t\t<div class='gallery-icon portrait'>\n\t\t\t\t<a href='https:\/\/www.cnbb.org.br\/wp-content\/uploads\/2020\/03\/Imaculada-Santar\u00e9m-2.jpeg' title=\"\" data-rl_title=\"\" class=\"rl-gallery-link\" data-rl_caption=\"\" data-rel=\"lightbox-gallery-1\"><img width=\"150\" height=\"150\" src=\"https:\/\/www.cnbb.org.br\/wp-content\/uploads\/2020\/03\/Imaculada-Santar\u00e9m-2-150x150.jpeg\" class=\"attachment-thumbnail size-thumbnail\" alt=\"\" decoding=\"async\" loading=\"lazy\" srcset=\"https:\/\/www.cnbb.org.br\/wp-content\/uploads\/2020\/03\/Imaculada-Santar\u00e9m-2-150x150.jpeg 150w, https:\/\/www.cnbb.org.br\/wp-content\/uploads\/2020\/03\/Imaculada-Santar\u00e9m-2-800x800.jpeg 800w\" sizes=\"(max-width: 150px) 100vw, 150px\" \/><\/a>\n\t\t\t<\/div><\/figure><figure class='gallery-item'>\n\t\t\t<div class='gallery-icon landscape'>\n\t\t\t\t<a href='https:\/\/www.cnbb.org.br\/wp-content\/uploads\/2020\/03\/Imaculada-Santar\u00e9m-3.jpeg' title=\"\" data-rl_title=\"\" class=\"rl-gallery-link\" data-rl_caption=\"\" data-rel=\"lightbox-gallery-1\"><img width=\"150\" height=\"150\" src=\"https:\/\/www.cnbb.org.br\/wp-content\/uploads\/2020\/03\/Imaculada-Santar\u00e9m-3-150x150.jpeg\" class=\"attachment-thumbnail size-thumbnail\" alt=\"\" decoding=\"async\" loading=\"lazy\" srcset=\"https:\/\/www.cnbb.org.br\/wp-content\/uploads\/2020\/03\/Imaculada-Santar\u00e9m-3-150x150.jpeg 150w, https:\/\/www.cnbb.org.br\/wp-content\/uploads\/2020\/03\/Imaculada-Santar\u00e9m-3-800x800.jpeg 800w\" sizes=\"(max-width: 150px) 100vw, 150px\" \/><\/a>\n\t\t\t<\/div><\/figure>\n\t\t<\/div>\n\n<h5><em><strong>Fotos: diocese de Santar\u00e9m (PA)<\/strong><\/em><\/h5>\n<p>&nbsp;<\/p>\n<p style=\"text-align: justify\"><strong>A devo\u00e7\u00e3o no estado do Par\u00e1<\/strong><br \/>\nA devo\u00e7\u00e3o mariana no Par\u00e1 \u00e9 sempre muito destacada quando se fala em Nossa Senhora de Nazar\u00e9. Mas, assim como no restante do pa\u00eds, a devo\u00e7\u00e3o \u00e0 Imaculada Concei\u00e7\u00e3o tem significativa relev\u00e2ncia. \u201cSomente em nosso regional Norte 2 da CNBB, temos quatro dioceses que possuem Nossa Senhora da Concei\u00e7\u00e3o como padroeira\u201d, conta dom Irineu Roman. S\u00e3o as Igrejas particulares que celebraram a padroeira no \u00faltimo domingo: diocese de Abaetetuba, diocese de Concei\u00e7\u00e3o do Araguaia, diocese de Ponta de Pedras e a arquidiocese de Santar\u00e9m.<\/p>\n<p style=\"text-align: justify\">O bispo, que tem posse marcada para o dia 2 de fevereiro do pr\u00f3ximo ano, conta que h\u00e1 in\u00fameras par\u00f3quias e comunidades cuja padroeira \u00e9 justamente Nossa Senhora da Concei\u00e7\u00e3o. \u201cDe acordo com a hist\u00f3ria da Igreja, os mission\u00e1rios jesu\u00edtas e outras ordens religiosas que aqui chegaram na \u00e9poca da evangeliza\u00e7\u00e3o, quando os mission\u00e1rios chegaram na Amaz\u00f4nia, eles trouxeram essa devo\u00e7\u00e3o de Portugal, que se tornou muito forte aqui na regi\u00e3o do Par\u00e1 e tamb\u00e9m em toda a Amaz\u00f4nia\u201d, resgata.<\/p>\n<p style=\"text-align: justify\">Dom Irineu refor\u00e7a que a futura arquidiocese continuar\u00e1 contanto com a intercess\u00e3o mais pr\u00f3xima da Imaculada Concei\u00e7\u00e3o: \u201cCom toda a certeza, com muito carinho e com muito amor ela seguir\u00e1 como padroeira da arquidiocese. Quem sou eu para mudar a devo\u00e7\u00e3o do povo? Na verdade, tenho um amor e um carinho para com a devo\u00e7\u00e3o a Nossa Senhora Imaculada Concei\u00e7\u00e3o\u201d.<\/p>\n<p style=\"text-align: justify\"><strong><img decoding=\"async\" loading=\"lazy\" class=\"size-medium wp-image-230466 alignleft\" src=\"https:\/\/www.cnbb.org.br\/wp-content\/uploads\/2020\/03\/Dom-Irineu_Roman-244x300.png\" alt=\"\" width=\"244\" height=\"300\" \/>O que aprender de Maria?<\/strong><br \/>\nDom Irineu Roman, ofereceu uma reflex\u00e3o a partir do sim de Maria ao projeto de Deus, particularmente, neste momento novo para a Igreja em Santar\u00e9m. \u201cDeus ama os homens e tem um projeto de vida plena para lhes oferecer. E como Deus interv\u00eam na hist\u00f3ria e concretiza essa oferta de salva\u00e7\u00e3o? A hist\u00f3ria de Maria a responde: atrav\u00e9s de pessoas atentas aos seus projetos e de cora\u00e7\u00e3o dispon\u00edvel para o servi\u00e7o dos irm\u00e3os\u201d, afirma.<\/p>\n<blockquote>\n<p style=\"text-align: justify\">\u201c<em>Deus atua no mundo, manifesta aos homens o seu amor e convida cada pessoa a percorrer os caminhos da felicidade e da realiza\u00e7\u00e3o plena. Deus age atrav\u00e9s de pessoas, creio que dentro da arquidiocese de Santar\u00e9m agora tamb\u00e9m ser\u00e1 assim, independente de suas qualidades humanas, o que \u00e9 decisivo \u00e9 o amor que cada crist\u00e3o tem, com quem acolhem e testemunham as propostas de Deus\u201d<\/em>, refletiu dom Irineu.<\/p>\n<\/blockquote>\n<p style=\"text-align: justify\">Para responder aos apelos de Deus a partir da devo\u00e7\u00e3o a Nossa Senhora \u00e9 preciso aprender de seu exemplo, ensina o prelado: \u201cConfrontada com os Planos de Deus, Maria responde com um sim total e incondicional, renunciando ao seu programa de vida e os seus projetos pessoais para servir \u00e0 sua prima Isabel, por exemplo, ou ent\u00e3o para servir \u00e0s mesas, nas bodas de Can\u00e3, onde ela provoca a transforma\u00e7\u00e3o da \u00e1gua em vinho, que \u00e9 o primeiro milagre de Jesus, quando ela diz \u2018Eles n\u00e3o t\u00eam mais vinho\u2019\u201d.<\/p>\n<p style=\"text-align: justify\">Maria chegou a essa confian\u00e7a incondicional em Deus por meio de uma vida de di\u00e1logo, de escuta, de sil\u00eancio interior, de comunh\u00e3o, de intimidade com Deus. \u201cDeus ocupava o primeiro lugar e era a sua prioridade fundamental. Ent\u00e3o n\u00f3s podemos aprender de Maria a viv\u00eancia da f\u00e9, a escuta da Palavra de Deus. Maria era uma pessoa de ora\u00e7\u00e3o, de f\u00e9, que fez a experiencia do encontro com Deus e aprendeu a confiar totalmente nele\u201d, disse dom Irineu.<\/p>\n","protected":false},"excerpt":{"rendered":"<p>Arcebispo eleito fala da devo\u00e7\u00e3o no Par\u00e1 e recorda exemplo: \u201cpodemos aprender de Maria a viv\u00eancia da f\u00e9, a escuta da Palavra de Deus\u201d<\/p>\n","protected":false},"author":83,"featured_media":36096,"comment_status":"closed","ping_status":"open","sticky":false,"template":"","format":"standard","meta":{"site-sidebar-layout":"default","site-content-layout":"default","ast-global-header-display":"","ast-banner-title-visibility":"","ast-main-header-display":"","ast-hfb-above-header-display":"","ast-hfb-below-header-display":"","ast-hfb-mobile-header-display":"","site-post-title":"","ast-breadcrumbs-content":"","ast-featured-img":"","footer-sml-layout":"","theme-transparent-header-meta":"","adv-header-id-meta":"","stick-header-meta":"","header-above-stick-meta":"","header-main-stick-meta":"","header-below-stick-meta":""},"categories":[841],"tags":[3054],"acf":[],"_links":{"self":[{"href":"https:\/\/www.cnbb.org.br\/cnbb-app\/wp\/v2\/posts\/36091"}],"collection":[{"href":"https:\/\/www.cnbb.org.br\/cnbb-app\/wp\/v2\/posts"}],"about":[{"href":"https:\/\/www.cnbb.org.br\/cnbb-app\/wp\/v2\/types\/post"}],"author":[{"embeddable":true,"href":"https:\/\/www.cnbb.org.br\/cnbb-app\/wp\/v2\/users\/83"}],"replies":[{"embeddable":true,"href":"https:\/\/www.cnbb.org.br\/cnbb-app\/wp\/v2\/comments?post=36091"}],"version-history":[{"count":0,"href":"https:\/\/www.cnbb.org.br\/cnbb-app\/wp\/v2\/posts\/36091\/revisions"}],"wp:featuredmedia":[{"embeddable":true,"href":"https:\/\/www.cnbb.org.br\/cnbb-app\/wp\/v2\/media\/36096"}],"wp:attachment":[{"href":"https:\/\/www.cnbb.org.br\/cnbb-app\/wp\/v2\/media?parent=36091"}],"wp:term":[{"taxonomy":"category","embeddable":true,"href":"https:\/\/www.cnbb.org.br\/cnbb-app\/wp\/v2\/categories?post=36091"},{"taxonomy":"post_tag","embeddable":true,"href":"https:\/\/www.cnbb.org.br\/cnbb-app\/wp\/v2\/tags?post=36091"}],"curies":[{"name":"wp","href":"https:\/\/api.w.org\/{rel}","templated":true}]}}