{"id":36110,"date":"2019-12-11T00:00:00","date_gmt":"2019-12-11T03:00:00","guid":{"rendered":"https:\/\/www.cnbb.org.br\/advento-jubilar\/"},"modified":"2019-12-11T00:00:00","modified_gmt":"2019-12-11T03:00:00","slug":"advento-jubilar","status":"publish","type":"post","link":"https:\/\/www.cnbb.org.br\/advento-jubilar\/","title":{"rendered":"Advento Jubilar"},"content":{"rendered":"<p style=\"text-align: right\"><strong><em>Dom Alo\u00edsio A. Dilli<br \/>\n<\/em><em>Bispo de Santa Cruz do Sul (RS)<\/em><\/strong><\/p>\n<p style=\"text-align: justify\">Caros diocesanos. Ao celebrarmos os 60 anos de nossa Diocese de Santa Cruz do Sul, tamb\u00e9m o tempo do Advento deve ter car\u00e1ter jubilar, pois o jubileu se reveste de muitas e ricas caracter\u00edsticas, com destaque especial para a <em>a\u00e7\u00e3o de gra\u00e7as<\/em> e a <em>reconcilia\u00e7\u00e3o<\/em>, como j\u00e1 frisamos em v\u00e1rias oportunidades. Contudo, um jubileu tamb\u00e9m reaviva a dimens\u00e3o da <em>esperan\u00e7a<\/em>, do olhar para o futuro, para o amanh\u00e3, em que a hist\u00f3ria celebrada deve continuar, pois agora chegou a nossa vez de contribuir na sua constru\u00e7\u00e3o, assim como a vez dos que nos seguir\u00e3o. O Jubileu, como afirma o Papa Jo\u00e3o Paulo II, nos faz olhar <em>com gratid\u00e3o<\/em> para o passado, certamente rico de f\u00e9 e de amor crist\u00e3o; abra\u00e7ar <em>com paix\u00e3o<\/em> o presente, no sentido de n\u00f3s assumirmos, como disc\u00edpulos mission\u00e1rios respons\u00e1veis, a constru\u00e7\u00e3o do Reino da vida e do amor, em nosso tempo; e olhar <em>com esperan\u00e7a<\/em> para o futuro desafiador que se descortina diante de n\u00f3s (cf. NMI 1).<\/p>\n<p style=\"text-align: justify\">O Advento sempre traz em evid\u00eancia a dimens\u00e3o da esperan\u00e7a em nossa vida. A Igreja o considera como \u201c<em>tempo de feliz e piedosa expectativa<\/em>\u201d. Portanto, este tempo lit\u00fargico objetiva preparar os crist\u00e3os para a vinda do Salvador, para celebrar sua presen\u00e7a entre n\u00f3s, como diz o evangelista S\u00e3o Jo\u00e3o: \u201c<em>A Palavra se fez carne e veio morar entre n\u00f3s<\/em>\u201d (Jo 1, 14) e tornar-se nossa esperan\u00e7a salvadora. Vivemos um tempo em que muito precisamos de sinais de esperan\u00e7a e n\u00e3o de promessas vazias. O verdadeiro Natal consiste em acolher Jesus como nosso salvador. Com Ele poderemos dar novo sentido \u00e0 nossa vida. Ele vem apagar a escurid\u00e3o do nosso pecado e acender nova luz para devolver-nos o horizonte da esperan\u00e7a e a alegria de viver e conviver. Nosso Deus chama-se <em>Emanuel<\/em> = <em>Deus conosco<\/em> (Is 7, 14) e esta sua presen\u00e7a se perpetua atrav\u00e9s de todos os tempos da hist\u00f3ria humana, sempre reativando nossa esperan\u00e7a.<\/p>\n<p style=\"text-align: justify\">Se Deus \u00e9 t\u00e3o bom para conosco, revelando sua infinita miseric\u00f3rdia em todos os tempos, n\u00f3s tamb\u00e9m queremos fazer a nossa parte. Por isso \u00e9 preciso preparar os ambientes de nossa vida, de nossas fam\u00edlias, comunidades, par\u00f3quias e diocese jubilar atrav\u00e9s da atitude de reconcilia\u00e7\u00e3o, a qual somente \u00e9 poss\u00edvel onde existem humildade e disposi\u00e7\u00e3o de miseric\u00f3rdia e perd\u00e3o, tanto no acolher quanto no conceder. Sabemos que o perdoar \u00e9 divino, exemplo ensinado por Jesus Cristo na cruz, tornando-se gesto de amor extremo para salvar os irm\u00e3os e as irm\u00e3s. N\u00f3s somos seus disc\u00edpulos mission\u00e1rios e seremos verdadeiras testemunhas se tomarmos o mesmo caminho, ainda que isto custe ren\u00fancias a n\u00f3s mesmos, a nossos gostos pessoais, ao nosso orgulho ferido. Para termos o ganho de nosso irm\u00e3o \u00e9 necess\u00e1rio perder algo ou muito de n\u00f3s. Por isso \u00e9 t\u00e3o dif\u00edcil perdoar, pois nossa tend\u00eancia humana quer ganhar at\u00e9 na hora de perdoar, quando se deve chegar ao \u00e2mago da gratuidade e do amor.<\/p>\n<p style=\"text-align: justify\">Como crist\u00e3os, aprendemos que na encarna\u00e7\u00e3o de Jesus Cristo Deus inicia um gesto inef\u00e1vel de reconcilia\u00e7\u00e3o com a humanidade, que vai culminar mais tarde na cruz, ao dar a vida por amor. Com o advento preparamos este mist\u00e9rio do Natal do Senhor. N\u00e3o queremos faz\u00ea-lo sozinhos, mas em fam\u00edlia, na comunidade, na par\u00f3quia, na diocese jubilar e em comunh\u00e3o com toda Igreja.<\/p>\n<p style=\"text-align: justify\">Esperamos que o Natal, festa do nascimento de Deus entre n\u00f3s, seja de fato feliz para todos. Torne-se a festa da fam\u00edlia, a festa da paz e do amor. A festa da esperan\u00e7a de um novo tempo em nossa vida, em nossa diocese.<em>\u00a0<\/em><\/p>\n","protected":false},"excerpt":{"rendered":"<p>Dom Alo\u00edsio A. Dilli Bispo de Santa Cruz do Sul (RS) Caros diocesanos. Ao celebrarmos os 60 anos de nossa Diocese de Santa Cruz do Sul, tamb\u00e9m o tempo do Advento deve ter car\u00e1ter jubilar, pois o jubileu se reveste de muitas e ricas caracter\u00edsticas, com destaque especial para a a\u00e7\u00e3o de gra\u00e7as e a &hellip;<\/p>\n<p class=\"read-more\"> <a class=\"\" href=\"https:\/\/www.cnbb.org.br\/advento-jubilar\/\"> <span class=\"screen-reader-text\">Advento Jubilar<\/span> Leia mais &raquo;<\/a><\/p>\n","protected":false},"author":33,"featured_media":0,"comment_status":"closed","ping_status":"open","sticky":false,"template":"","format":"standard","meta":{"site-sidebar-layout":"default","site-content-layout":"default","ast-global-header-display":"","ast-banner-title-visibility":"","ast-main-header-display":"","ast-hfb-above-header-display":"","ast-hfb-below-header-display":"","ast-hfb-mobile-header-display":"","site-post-title":"","ast-breadcrumbs-content":"","ast-featured-img":"","footer-sml-layout":"","theme-transparent-header-meta":"","adv-header-id-meta":"","stick-header-meta":"","header-above-stick-meta":"","header-main-stick-meta":"","header-below-stick-meta":""},"categories":[758],"tags":[],"acf":[],"_links":{"self":[{"href":"https:\/\/www.cnbb.org.br\/cnbb-app\/wp\/v2\/posts\/36110"}],"collection":[{"href":"https:\/\/www.cnbb.org.br\/cnbb-app\/wp\/v2\/posts"}],"about":[{"href":"https:\/\/www.cnbb.org.br\/cnbb-app\/wp\/v2\/types\/post"}],"author":[{"embeddable":true,"href":"https:\/\/www.cnbb.org.br\/cnbb-app\/wp\/v2\/users\/33"}],"replies":[{"embeddable":true,"href":"https:\/\/www.cnbb.org.br\/cnbb-app\/wp\/v2\/comments?post=36110"}],"version-history":[{"count":0,"href":"https:\/\/www.cnbb.org.br\/cnbb-app\/wp\/v2\/posts\/36110\/revisions"}],"wp:attachment":[{"href":"https:\/\/www.cnbb.org.br\/cnbb-app\/wp\/v2\/media?parent=36110"}],"wp:term":[{"taxonomy":"category","embeddable":true,"href":"https:\/\/www.cnbb.org.br\/cnbb-app\/wp\/v2\/categories?post=36110"},{"taxonomy":"post_tag","embeddable":true,"href":"https:\/\/www.cnbb.org.br\/cnbb-app\/wp\/v2\/tags?post=36110"}],"curies":[{"name":"wp","href":"https:\/\/api.w.org\/{rel}","templated":true}]}}