{"id":36111,"date":"2019-12-11T00:00:00","date_gmt":"2019-12-11T03:00:00","guid":{"rendered":"https:\/\/www.cnbb.org.br\/padre-jaime-gusberti-deixa-comando-do-ccm-confira-avaliacao-dos-tres-anos-de-trabalho-em-brasilia\/"},"modified":"2020-10-23T14:22:03","modified_gmt":"2020-10-23T17:22:03","slug":"padre-jaime-gusberti-deixa-comando-do-ccm-confira-avaliacao-dos-tres-anos-de-trabalho-em-brasilia","status":"publish","type":"post","link":"https:\/\/www.cnbb.org.br\/padre-jaime-gusberti-deixa-comando-do-ccm-confira-avaliacao-dos-tres-anos-de-trabalho-em-brasilia\/","title":{"rendered":"Padre Jaime avalia os tr\u00eas anos de trabalho \u00e0 frente do Centro Cultural Mission\u00e1rio em Bras\u00edlia"},"content":{"rendered":"<p style=\"text-align: justify\">Ap\u00f3s 3 anos \u00e0 frente do Centro Cultural Mission\u00e1rio (CCM), o padre Jaime Luiz Gusberti retornar\u00e1 para a diocese de Caxias do Sul (RS). Nos \u00faltimos anos, padre Jaime viveu um caminho mission\u00e1rio iniciado no ano de 1997 nas Pontif\u00edcias Obras Mission\u00e1rias, como secret\u00e1rio da Inf\u00e2ncia e Adolesc\u00eancia Mission\u00e1ria. Foi mission\u00e1rio na arquidiocese de Porto Velho (RO) e esteve a servi\u00e7o do Centro Cultural Mission\u00e1rio (CCM) desde 2017, em Bras\u00edlia (DF).<\/p>\n<p style=\"text-align: justify\">A quem encontra nos corredores do CCM, sempre um sorriso atencioso e uma palavra de incentivo: &#8220;Coragem!&#8221; ou &#8220;A luta \u00e9 grande&#8221;. Aos mission\u00e1rios e participantes de encontros, um cuidado em bem receber. Ao trabalho mission\u00e1rio, uma doa\u00e7\u00e3o apaixonada sem medo de colocar a m\u00e3o na massa. Assim ficam algumas marcas na passagem de padre Jaime Gusberti na vida dos que conviveram com ele nos \u00faltimos anos. Em entrevista publicada no site das Pontif\u00edcias Obras Mission\u00e1rias (POM), sacerdote avaliou o trabalho desenvolvido <span style=\"text-align: justify\">ap\u00f3s ter anunciado na \u00faltima semana seu desligamento com o fim do mandato de secret\u00e1rio executivo.<\/span><\/p>\n<p>&nbsp;<\/p>\n<p style=\"text-align: justify\"><strong><em>Quanto tempo esteve \u00e0 frente do CCM?<\/em><\/strong><\/p>\n<blockquote>\n<p style=\"text-align: justify\"><em>Foram 3 anos. Cheguei no dia 25 de janeiro de 2017. Dia da convers\u00e3o de S\u00e3o Paulo Ap\u00f3stolo. Data muito significativa. Saio no dia 23 de dezembro de 2019, dois dias antes da celebra\u00e7\u00e3o do Natal.<\/em><\/p>\n<p>&nbsp;<\/p><\/blockquote>\n<p style=\"text-align: justify\"><strong><em>Como voc\u00ea avalia o caminho realizado junto ao CCM nestes anos em que esteve atuando?<\/em><\/strong><\/p>\n<blockquote>\n<p style=\"text-align: justify\"><em>Deus \u00e9 Miss\u00e3o. A vida \u00e9 Miss\u00e3o e a miss\u00e3o continua. Ela \u00e9 de Deus! Jesus tamb\u00e9m n\u00e3o fez a sua vontade, mas a vontade do Pai. Serviu at\u00e9 o fim. O mission\u00e1rio\/a \u00e9 convidado a semear mesmo que n\u00e3o contemple nem recolha os frutos, outros recolher\u00e3o. Essa \u00e9 a din\u00e2mica da miss\u00e3o. \u201cUm dia a gente chega e no outro vai embora cada um de n\u00f3s comp\u00f5e a sua hist\u00f3ria\u201d. A miss\u00e3o \u00e9 muito din\u00e2mica. O que torna a miss\u00e3o bonita \u00e9 isso. Eu n\u00e3o sou dono da miss\u00e3o e nem das coisas. Quanto ao avaliar a caminhada realizada, para mim \u00e9 muito dif\u00edcil. Quem \u00e9 de fora v\u00ea e avalia melhor. Nem sempre o que eu penso que \u00e9 positivo o outro tamb\u00e9m pensa. Depende de que ponto o olhar parte. Mas posso dizer que dentro de minhas limita\u00e7\u00f5es que s\u00e3o muitas procurei dar tudo o que podia fazer. Ajudando nas assessorias de cursos, encontros, na reflex\u00e3o junto \u00e0 equipe do Centro de Anima\u00e7\u00e3o e Estudos Mission\u00e1rios (CAEM) bem como no acompanhamento aos mission\u00e1rios e mission\u00e1rias dos cursos do Centro de Forma\u00e7\u00e3o Intercultural (CENFI) e do Curso Ad Gente e dos demais cursos acontecidos neste centro. Sempre tenho dito: \u201csou um servo in\u00fatil, fiz o que podia fazer\u201d (cf. Lc 17,10).<\/em><\/p>\n<\/blockquote>\n<figure id=\"attachment_12957\" aria-describedby=\"caption-attachment-12957\" style=\"width: 800px\" class=\"wp-caption alignnone\"><a href=\"http:\/\/www.pom.org.br\/wp-content\/uploads\/2019\/12\/01112019111639-2jpg-2jpg-2.jpg\" data-featherlight=\"image\" data-rel=\"lightbox-image-0\" data-rl_title=\"\" data-rl_caption=\"\" title=\"\" target=\"_blank\" rel=\"noopener\"><img decoding=\"async\" loading=\"lazy\" class=\"wp-image-12957\" src=\"https:\/\/www.cnbb.org.br\/wp-content\/uploads\/2020\/03\/01112019111639-2jpg-2jpg-2-300x169-1.jpg\" alt=\"01112019111639_2.jpg_2.jpg_2\" width=\"800\" height=\"450\" \/><\/a><figcaption id=\"caption-attachment-12957\" class=\"wp-caption-text\"><em>Padre Jaime Gusberti | Foto: Fernando Reis<\/em><\/figcaption><\/figure>\n<p style=\"text-align: justify\"><strong><em>Neste novo formato entre CNBB e CCM, quais as expectativas deste trabalho que ter\u00e1 mais proximidade nos pr\u00f3ximos anos?<\/em><\/strong><\/p>\n<blockquote>\n<p style=\"text-align: justify\"><em>No contexto hist\u00f3rico em que vivemos onde sobressai o individualismo, a autoreferencialidade e a perda do sentido das coisas, mais do que nunca somos chamados a buscar outro caminho, o da comunh\u00e3o entre as institui\u00e7\u00f5es, isto \u00e9, a sinodalidade.<\/em><\/p>\n<p style=\"text-align: justify\"><em>Destaco nestes \u00faltimos tr\u00eas anos e sou imensamente grato \u00e0 comunh\u00e3o que constru\u00edmos n\u00e3o s\u00f3 no processo mission\u00e1rio com as Pontif\u00edcias Obras Mission\u00e1rias, mas tamb\u00e9m na fraternidade entre n\u00f3s. \u00c9 isso que precisamos fortalecer. Sei que isso n\u00e3o se constr\u00f3i de um momento para o outro, exige caminhar juntos, partilhando morrendo de ideias particulares para que ven\u00e7a a miss\u00e3o. As ideias precisam ser gestadas amadurecidas como foi tamb\u00e9m a P\u00f3s-Gradua\u00e7\u00e3o em Missiologia e o Programa Mission\u00e1rio Nacional nascido no ano de 2017 e tornados realidade neste ano. Tudo o que se quer fazer logo n\u00e3o tem futuro. Como nos diz Guimar\u00e3es Rosa: \u201cA terra n\u00e3o se alimenta de tempestades, mas de chuva fina\u201d. Tenho muita esperan\u00e7a no caminho que se esta construindo entre CNBB e CCM. Rezo para que ele v\u00e1 adiante e possa produzir frutos para a miss\u00e3o no Brasil.<\/em><\/p>\n<\/blockquote>\n<p>&nbsp;<\/p>\n<p style=\"text-align: justify\"><strong><em>Quais os seus projetos assim que se desligar do CCM?<\/em><\/strong><\/p>\n<blockquote>\n<p style=\"text-align: justify\"><em>Eu n\u00e3o tenho nenhum projeto particular a n\u00e3o ser viver o minist\u00e9rio presbiteral como sempre o fiz dentro da simplicidade. Reconhe\u00e7o que devo crescer muito. Devo converter-me de muitos pecados e sei disso. Conto com a gra\u00e7a de Deus por isso pe\u00e7o que voc\u00eas rezem por mim para que eu tenha a for\u00e7a suficiente para chegar a este bom prop\u00f3sito.<\/em><\/p>\n<figure id=\"attachment_192227\" aria-describedby=\"caption-attachment-192227\" style=\"width: 300px\" class=\"wp-caption alignleft\"><img decoding=\"async\" loading=\"lazy\" class=\"size-medium wp-image-192227\" src=\"https:\/\/www.cnbb.org.br\/wp-content\/uploads\/2020\/03\/Cenfi-119-17mai18-3-300x200.jpg\" alt=\"\" width=\"300\" height=\"200\" \/><figcaption id=\"caption-attachment-192227\" class=\"wp-caption-text\"><em>Padre Jaime Luiz Gusberti | Foto: CNBB\/Matheus de Sousa<\/em><\/figcaption><\/figure>\n<p style=\"text-align: justify\"><em>O caminho que fa\u00e7o agora \u00e9 voltar. O caminho da volta sempre \u00e9 mais rico do que quando se parte. Na mochila est\u00e3o experi\u00eancias recolhidas nas escutas feitas em tantos lugares percorridos, mas tamb\u00e9m em tantos encontros com mission\u00e1rios e mission\u00e1rias vindos de terras t\u00e3o long\u00ednquas de outros continentes e tamb\u00e9m de nosso Brasil. Sou grato a cada um deles. Os tenho no meu cora\u00e7\u00e3o e rezo para que eles possam continuar vibrando pela miss\u00e3o onde quer que estejam cultivando \u201cuma paix\u00e3o profunda por Jesus Cristo e simultaneamente pelo seu povo\u201d (EG, n. 268).<\/em><\/p>\n<p style=\"text-align: justify\"><em>Volto para minha Diocese de Caxias do Sul, ap\u00f3s um caminho mission\u00e1rio iniciado no ano de 1997 nas Pontif\u00edcias Obras Mission\u00e1rias, ap\u00f3s ter cursado Mestrado em Teologia Espiritual em Roma, prestado o servi\u00e7o como Reitor do Semin\u00e1rio Maior S\u00e3o Lucas da Diocese de Caxias do Sul em Viam\u00e3o \u2013 RS, Mission\u00e1rio na Arquidiocese de Porto Velho \u2013 RO, Igreja irm\u00e3 de Caxias do Sul e a servi\u00e7o do Centro Cultural Mission\u00e1rio (CCM) desde o ano de 2017 em Bras\u00edlia \u2013 DF.<\/em><\/p>\n<p>&nbsp;<\/p><\/blockquote>\n<p style=\"text-align: justify\"><strong><em>Uma \u00faltima palavra<\/em><\/strong><\/p>\n<blockquote>\n<p style=\"text-align: justify\"><em>Desejo agradecer \u00e0 Confer\u00eancia Nacional dos Bispos do Brasil (CNBB) pela confian\u00e7a em mim depositada; bem como a cada um dos colaboradores do Centro Cultural Mission\u00e1rio (CCM), que dia a dia, cuidaram para que tudo estivesse em ordem para acolher homens e mulheres que chegavam para beber da fonte do mission\u00e1rio do Pai.<\/em><br \/>\n<em>Agrade\u00e7o tamb\u00e9m, sem fazer nomes para n\u00e3o esquecer nenhum: \u00e0s Pontif\u00edcias Obras Mission\u00e1rias (POM); \u00e0 Confer\u00eancia dos Religiosos do Brasil (CRB); \u00e0 Comiss\u00e3o Episcopal Especial para a Amaz\u00f4nia e \u00e0 Rede Eclesial Pan-Amaz\u00f4nica (REPAM); ao Centro F\u00e9 e Pol\u00edtica (CEFEP); \u00e0 Comiss\u00e3o Episcopal Pastoral para a A\u00e7\u00e3o Mission\u00e1ria e Coopera\u00e7\u00e3o Intereclesial; ao Conselho Mission\u00e1rio Nacional (COMINA); ao Conselho Nacional do Laicato (CNL); ao Conselho Indigenista Mission\u00e1rio (CIMI); \u00e0 Confer\u00eancia Nacional dos Institutos Seculares (CNIS), aos organismos que fazem parte da minha hist\u00f3ria e da hist\u00f3ria do CCM. A cada um\/uma, agrade\u00e7o de cora\u00e7\u00e3o e pe\u00e7o perd\u00e3o por erros cometidos.<\/em><\/p>\n<p style=\"text-align: justify\"><em>Aproveito a oportunidade para desejar um Feliz Natal e Ano de 2020 a todos os mission\u00e1rios e mission\u00e1rios presentes nos diferentes lugares do mundo.<\/em><br \/>\n<em>Continuemos unidos na prece. Deus aben\u00e7oe a todos. Rezem por mim.<\/em><\/p>\n<\/blockquote>\n","protected":false},"excerpt":{"rendered":"<p>O religioso avalia o caminho mission\u00e1rio iniciado no ano de 1997 nas Pontif\u00edcias Obras Mission\u00e1rias, como secret\u00e1rio da Inf\u00e2ncia e Adolesc\u00eancia Mission\u00e1ria, e tb da dire\u00e7\u00e3o do CCM<\/p>\n","protected":false},"author":83,"featured_media":36112,"comment_status":"closed","ping_status":"open","sticky":false,"template":"","format":"standard","meta":{"site-sidebar-layout":"default","site-content-layout":"default","ast-global-header-display":"","ast-banner-title-visibility":"","ast-main-header-display":"","ast-hfb-above-header-display":"","ast-hfb-below-header-display":"","ast-hfb-mobile-header-display":"","site-post-title":"","ast-breadcrumbs-content":"","ast-featured-img":"","footer-sml-layout":"","theme-transparent-header-meta":"","adv-header-id-meta":"","stick-header-meta":"","header-above-stick-meta":"","header-main-stick-meta":"","header-below-stick-meta":""},"categories":[854,878],"tags":[1249],"acf":[],"_links":{"self":[{"href":"https:\/\/www.cnbb.org.br\/cnbb-app\/wp\/v2\/posts\/36111"}],"collection":[{"href":"https:\/\/www.cnbb.org.br\/cnbb-app\/wp\/v2\/posts"}],"about":[{"href":"https:\/\/www.cnbb.org.br\/cnbb-app\/wp\/v2\/types\/post"}],"author":[{"embeddable":true,"href":"https:\/\/www.cnbb.org.br\/cnbb-app\/wp\/v2\/users\/83"}],"replies":[{"embeddable":true,"href":"https:\/\/www.cnbb.org.br\/cnbb-app\/wp\/v2\/comments?post=36111"}],"version-history":[{"count":0,"href":"https:\/\/www.cnbb.org.br\/cnbb-app\/wp\/v2\/posts\/36111\/revisions"}],"wp:featuredmedia":[{"embeddable":true,"href":"https:\/\/www.cnbb.org.br\/cnbb-app\/wp\/v2\/media\/36112"}],"wp:attachment":[{"href":"https:\/\/www.cnbb.org.br\/cnbb-app\/wp\/v2\/media?parent=36111"}],"wp:term":[{"taxonomy":"category","embeddable":true,"href":"https:\/\/www.cnbb.org.br\/cnbb-app\/wp\/v2\/categories?post=36111"},{"taxonomy":"post_tag","embeddable":true,"href":"https:\/\/www.cnbb.org.br\/cnbb-app\/wp\/v2\/tags?post=36111"}],"curies":[{"name":"wp","href":"https:\/\/api.w.org\/{rel}","templated":true}]}}