{"id":36132,"date":"2019-12-14T00:00:00","date_gmt":"2019-12-14T03:00:00","guid":{"rendered":"https:\/\/www.cnbb.org.br\/no-proximo-domingo-campanha-para-a-evangelizacao-convida-ao-cuidado-com-os-irmaos\/"},"modified":"2019-12-14T00:00:00","modified_gmt":"2019-12-14T03:00:00","slug":"no-proximo-domingo-campanha-para-a-evangelizacao-convida-ao-cuidado-com-os-irmaos","status":"publish","type":"post","link":"https:\/\/www.cnbb.org.br\/no-proximo-domingo-campanha-para-a-evangelizacao-convida-ao-cuidado-com-os-irmaos\/","title":{"rendered":"No pr\u00f3ximo domingo, Campanha para a Evangeliza\u00e7\u00e3o convida ao cuidado com os irm\u00e3os"},"content":{"rendered":"<p style=\"text-align: justify\">No pr\u00f3ximo domingo, dia 15 de dezembro, a Confer\u00eancia Nacional dos Bispos do Brasil (CNBB) promove a Coleta Nacional da Campanha para a Evangeliza\u00e7\u00e3o. Neste tempo do Advento, todas as comunidades do Brasil s\u00e3o chamadas a praticar o cuidado e a colaborar com as atividades evangelizadoras.<\/p>\n<p style=\"text-align: justify\">O arcebispo de Belo Horizonte (MG) e presidente da CNBB, dom Walmor Oliveira de Azevedo, motiva, no v\u00eddeo abaixo, a participa\u00e7\u00e3o neste momento ressaltando que \u00e9 compromisso dos crist\u00e3os contribuir para que outras pessoas descubram o dom da f\u00e9 e se tornem disc\u00edpulos e disc\u00edpulas de Jesus. <em>\u201cSomos todos respons\u00e1veis pelos trabalhos que a Igreja realiza no an\u00fancio do Evangelho. Cuidado com os pobres e fortalecimento da rede de comunidades\u201d.<\/em><\/p>\n<p style=\"text-align: justify\">Para despertar, no tempo do Advento, a consci\u00eancia de que o menino Deus, sol nascente que nos veio visitar (Lc 1,78), e que permitiu-se ser cuidado na fragilidade de uma crian\u00e7a, o presidente da CNBB tamb\u00e9m nos convida a cuidar uns dos outros. \u00c9 preciso cuidar do an\u00fancio da Palavra; cuidar dos pobres e cuidar da comunidade. A participa\u00e7\u00e3o consciente de cada um, sinal de comunh\u00e3o mission\u00e1ria, nos coloca em atitude de doa\u00e7\u00e3o de tudo aquilo que somos e temos em favor da Igreja e da sua a\u00e7\u00e3o pastoral. \u00c9 consequ\u00eancia do \u201cSentir com a Igreja\u201d.<\/p>\n<p style=\"text-align: justify\">A Campanha para a Evangeliza\u00e7\u00e3o completa 21 anos em 2019. Foi aprovada pela 35\u00aa Assembleia Geral da CNBB, em 1997, e realizada pela primeira vez no advento de 1998.<\/p>\n<p style=\"text-align: justify\"><strong>Destino dos recursos<\/strong><\/p>\n<p style=\"text-align: justify\">Do total arrecadado com as doa\u00e7\u00f5es e gesto concreto de colabora\u00e7\u00e3o na Coleta da Campanha para a Evangeliza\u00e7\u00e3o 45% \u00e9 destinado para o trabalho de evangeliza\u00e7\u00e3o realizado pelas arquidioceses, dioceses e prelazias. Os 18 regionais da CNBB contam com 20% para fortalecer seus projetos de evangeliza\u00e7\u00e3o. A CNBB conta com 35% do valor arrecadado para potencializar o trabalho pastoral e de evangeliza\u00e7\u00e3o da entidade, entre eles, o trabalho desenvolvido por suas comiss\u00f5es episcopais pastorais, publica\u00e7\u00f5es, entre outras.<\/p>\n<p style=\"text-align: justify\">Os recursos, refor\u00e7ou dom Walmor, \u00a0s\u00e3o destinados para apoiar in\u00fameras iniciativas da Igreja no Brasil no servi\u00e7o da evangeliza\u00e7\u00e3o, da dinamiza\u00e7\u00e3o das pastorais, na luta pela justi\u00e7a social, nas experi\u00eancias mission\u00e1rias das Igrejas irm\u00e3s e na miss\u00e3o ad gentes.<\/p>\n<p>Assista ao v\u00eddeo de dom Walmor Oliveira, presidente da CNBB:<\/p>\n<div class=\"ast-oembed-container\" style=\"height: 100%;\"><iframe loading=\"lazy\" title=\"Campanha para a Evangeliza\u00e7\u00e3o - Mensagem de Dom Walmor\" width=\"500\" height=\"281\" src=\"https:\/\/www.youtube.com\/embed\/9DnDfmuBdV8?feature=oembed\" frameborder=\"0\" allow=\"accelerometer; autoplay; clipboard-write; encrypted-media; gyroscope; picture-in-picture\" allowfullscreen><\/iframe><\/div>\n","protected":false},"excerpt":{"rendered":"<p>O gesto concreto de colabora\u00e7\u00e3o na Coleta da Campanha ser\u00e1 neste domingo, 15 de dezembro, nas missas e celebra\u00e7\u00f5es. Os recursos, refor\u00e7a o presidente da CNBB, s\u00e3o destinados ao apoio a iniciativas de evangeliza\u00e7\u00e3o da Igreja no Brasil, de dinamiza\u00e7\u00e3o das pastorais e experi\u00eancias mission\u00e1rias<\/p>\n","protected":false},"author":83,"featured_media":0,"comment_status":"closed","ping_status":"open","sticky":false,"template":"","format":"standard","meta":{"site-sidebar-layout":"default","site-content-layout":"default","ast-global-header-display":"","ast-banner-title-visibility":"","ast-main-header-display":"","ast-hfb-above-header-display":"","ast-hfb-below-header-display":"","ast-hfb-mobile-header-display":"","site-post-title":"","ast-breadcrumbs-content":"","ast-featured-img":"","footer-sml-layout":"","theme-transparent-header-meta":"","adv-header-id-meta":"","stick-header-meta":"","header-above-stick-meta":"","header-main-stick-meta":"","header-below-stick-meta":""},"categories":[759,761],"tags":[],"acf":[],"_links":{"self":[{"href":"https:\/\/www.cnbb.org.br\/cnbb-app\/wp\/v2\/posts\/36132"}],"collection":[{"href":"https:\/\/www.cnbb.org.br\/cnbb-app\/wp\/v2\/posts"}],"about":[{"href":"https:\/\/www.cnbb.org.br\/cnbb-app\/wp\/v2\/types\/post"}],"author":[{"embeddable":true,"href":"https:\/\/www.cnbb.org.br\/cnbb-app\/wp\/v2\/users\/83"}],"replies":[{"embeddable":true,"href":"https:\/\/www.cnbb.org.br\/cnbb-app\/wp\/v2\/comments?post=36132"}],"version-history":[{"count":0,"href":"https:\/\/www.cnbb.org.br\/cnbb-app\/wp\/v2\/posts\/36132\/revisions"}],"wp:attachment":[{"href":"https:\/\/www.cnbb.org.br\/cnbb-app\/wp\/v2\/media?parent=36132"}],"wp:term":[{"taxonomy":"category","embeddable":true,"href":"https:\/\/www.cnbb.org.br\/cnbb-app\/wp\/v2\/categories?post=36132"},{"taxonomy":"post_tag","embeddable":true,"href":"https:\/\/www.cnbb.org.br\/cnbb-app\/wp\/v2\/tags?post=36132"}],"curies":[{"name":"wp","href":"https:\/\/api.w.org\/{rel}","templated":true}]}}