{"id":36154,"date":"2019-12-17T00:00:00","date_gmt":"2019-12-17T03:00:00","guid":{"rendered":"https:\/\/www.cnbb.org.br\/morre-aos-94-anos-dom-candido-lorenzo-bispo-emerito-de-sao-raimundo-nonato-pi\/"},"modified":"2019-12-17T00:00:00","modified_gmt":"2019-12-17T03:00:00","slug":"morre-aos-94-anos-dom-candido-lorenzo-bispo-emerito-de-sao-raimundo-nonato-pi","status":"publish","type":"post","link":"https:\/\/www.cnbb.org.br\/morre-aos-94-anos-dom-candido-lorenzo-bispo-emerito-de-sao-raimundo-nonato-pi\/","title":{"rendered":"Morre aos 94 anos dom C\u00e2ndido Lorenzo, bispo em\u00e9rito de S\u00e3o Raimundo Nonato (PI)"},"content":{"rendered":"<p style=\"text-align: justify\">Morreu na madrugada desta ter\u00e7a-feira, 17 de dezembro, no hospital regional Senador C\u00e2ndido Ferraz, dom C\u00e2ndido Lorenzo Gonzalez, bispo em\u00e9rito de S\u00e3o Raimundo Nonato (PI). O bispo tinha 94 anos e estava doente.\u00a0O corpo ser\u00e1 velado no Santu\u00e1rio Nossa Senhora das Merc\u00eas at\u00e9 \u00e0s 18h desta ter\u00e7a-feira. \u00c0s 19h, o corpo ser\u00e1 trasladado para a Igreja Catedral de S\u00e3o Raimundo Nonato, onde ser\u00e1 velado com celebra\u00e7\u00e3o de missa a cada duas horas.\u00a0O sepultamento ser\u00e1 na quinta-feira, 19 de dezembro, na pr\u00f3pria catedral da cidade, ap\u00f3s a Missa Exequial, \u00e0s 8h.<\/p>\n<p style=\"text-align: justify\"><strong>Trajet\u00f3ria<br \/>\n<\/strong>Dom C\u00e2ndido Lorenzo Gonzalez nasceu em 23 de setembro de 1925, em Ginzo de Lima, na Espanha. Era religioso da Ordem de Nossa Senhora das Merc\u00eas. Aqui no Brasil, dom C\u00e2ndido tinha mais de 60 anos de vida mission\u00e1ria, dos quais 45 anos na cidade de S\u00e3o Raimundo Nonato (PI).<\/p>\n<p style=\"text-align: justify\">Foi nomeado bispo de S\u00e3o Raimundo em 1969 e esteve \u00e0 frente da diocese por 33 anos. Atualmente dom C\u00e2ndido, bispo em\u00e9rito desde 2002, vivia na comunidade dos padres merced\u00e1rios na mesma cidade.<\/p>\n<blockquote>\n<p style=\"text-align: center\"><strong>Nota de Condol\u00eancias da CNBB pelo falecimento de dom C\u00e2ndido Lorenzo Gonzalez<\/strong><\/p>\n<p style=\"text-align: right\">Bras\u00edlia-DF, 17 de dezembro de 2019<\/p>\n<p style=\"text-align: justify\">Prezado irm\u00e3o, Dom Eduardo Zielski, bispo de S\u00e3o Raimundo Nonato (PI).<\/p>\n<p style=\"text-align: justify\">A Confer\u00eancia Nacional dos Bispos do Brasil (CNBB) manifesta seu pesar pelo falecimento de dom C\u00e2ndido Lorenzo Gonzalez, bispo Em\u00e9rito de S\u00e3o Raimundo Nonato (PI), na madrugada desta ter\u00e7a-feira, 17 de dezembro. Ao senhor, aos familiares e a todo o povo de Deus desta Igreja Particular, queremos nos unir em ora\u00e7\u00e3o e em solidariedade, fazendo mem\u00f3ria deste nosso irm\u00e3o.<\/p>\n<p style=\"text-align: justify\">Enaltecemos a atua\u00e7\u00e3o de dom C\u00e2ndido, pastor dedicado e humilde. Enviamos nossa fraterna sauda\u00e7\u00e3o a todos e asseguramos as nossas ora\u00e7\u00f5es pelo descanso eterno do bispo que dedicou mais de 60 anos \u00e0 vida mission\u00e1ria, dos quais 45 no Brasil.<\/p>\n<p style=\"text-align: left\">Em Cristo,<\/p>\n<p style=\"text-align: center\"><strong>Dom Walmor Oliveira de Azevedo<\/strong><br \/>\nArcebispo de Belo Horizonte (MG)<br \/>\nPresidente da CNBB<\/p>\n<p style=\"text-align: center\"><strong>Dom Jaime Spengler<\/strong><br \/>\nArcebispo de Porto Alegre (RS)<br \/>\nPrimeiro Vice-Presidente da CNBB<\/p>\n<p style=\"text-align: center\"><strong>Dom M\u00e1rio Ant\u00f4nio da Silva<\/strong><br \/>\nBispo de Roraima (RR)<br \/>\nSegundo Vice-Presidente da CNBB<\/p>\n<p style=\"text-align: center\"><strong>Dom Joel Portella Amado<\/strong><br \/>\nBispo auxiliar da arquidiocese de S\u00e3o Sebasti\u00e3o do Rio de Janeiro (RJ)<br \/>\nSecret\u00e1rio-geral da CNBB<\/p>\n<\/blockquote>\n","protected":false},"excerpt":{"rendered":"<p>O sepultamento ser\u00e1 nesta quinta-feira, 19 de dezembro, na Igreja Catedral de S\u00e3o Raimundo Nonato (PI).  Religioso da Ordem de Nossa Senhora das Merc\u00eas, dom C\u00e2ndido tinha mais de 60 anos de vida mission\u00e1ria, dos quais 45 anos dedicados ao Brasil. A CNBB enviou condol\u00eancias<\/p>\n","protected":false},"author":83,"featured_media":3163,"comment_status":"closed","ping_status":"open","sticky":false,"template":"","format":"standard","meta":{"site-sidebar-layout":"default","site-content-layout":"default","ast-global-header-display":"","ast-banner-title-visibility":"","ast-main-header-display":"","ast-hfb-above-header-display":"","ast-hfb-below-header-display":"","ast-hfb-mobile-header-display":"","site-post-title":"","ast-breadcrumbs-content":"","ast-featured-img":"","footer-sml-layout":"","theme-transparent-header-meta":"","adv-header-id-meta":"","stick-header-meta":"","header-above-stick-meta":"","header-main-stick-meta":"","header-below-stick-meta":""},"categories":[1358,798],"tags":[1406],"acf":[],"_links":{"self":[{"href":"https:\/\/www.cnbb.org.br\/cnbb-app\/wp\/v2\/posts\/36154"}],"collection":[{"href":"https:\/\/www.cnbb.org.br\/cnbb-app\/wp\/v2\/posts"}],"about":[{"href":"https:\/\/www.cnbb.org.br\/cnbb-app\/wp\/v2\/types\/post"}],"author":[{"embeddable":true,"href":"https:\/\/www.cnbb.org.br\/cnbb-app\/wp\/v2\/users\/83"}],"replies":[{"embeddable":true,"href":"https:\/\/www.cnbb.org.br\/cnbb-app\/wp\/v2\/comments?post=36154"}],"version-history":[{"count":0,"href":"https:\/\/www.cnbb.org.br\/cnbb-app\/wp\/v2\/posts\/36154\/revisions"}],"wp:featuredmedia":[{"embeddable":true,"href":"https:\/\/www.cnbb.org.br\/cnbb-app\/wp\/v2\/media\/3163"}],"wp:attachment":[{"href":"https:\/\/www.cnbb.org.br\/cnbb-app\/wp\/v2\/media?parent=36154"}],"wp:term":[{"taxonomy":"category","embeddable":true,"href":"https:\/\/www.cnbb.org.br\/cnbb-app\/wp\/v2\/categories?post=36154"},{"taxonomy":"post_tag","embeddable":true,"href":"https:\/\/www.cnbb.org.br\/cnbb-app\/wp\/v2\/tags?post=36154"}],"curies":[{"name":"wp","href":"https:\/\/api.w.org\/{rel}","templated":true}]}}