{"id":36195,"date":"2019-12-24T00:00:00","date_gmt":"2019-12-24T03:00:00","guid":{"rendered":"https:\/\/www.cnbb.org.br\/morre-aos-82-anos-dom-werner-franz-siebenbrock-bispo-emerito-de-governador-valadares-mg\/"},"modified":"2019-12-24T00:00:00","modified_gmt":"2019-12-24T03:00:00","slug":"morre-aos-82-anos-dom-werner-franz-siebenbrock-bispo-emerito-de-governador-valadares-mg","status":"publish","type":"post","link":"https:\/\/www.cnbb.org.br\/morre-aos-82-anos-dom-werner-franz-siebenbrock-bispo-emerito-de-governador-valadares-mg\/","title":{"rendered":"Morre aos 82 anos dom Werner Franz Siebenbrock, bispo em\u00e9rito de Governador Valadares (MG)"},"content":{"rendered":"<p style=\"text-align: justify\">Morreu na tarde desta ter\u00e7a-feira, 24 de dezembro, v\u00e9spera do Natal do Senhor, em Juiz de Fora (MG), dom Werner Franz Siebenbrock, bispo em\u00e9rito de Governador Valadares (MG). O bispo que tinha 82 anos morava em Juiz de Fora, junto dos seus confrades da Sociedade do Verbo Divino. O lema do seu episcopado foi &#8220;In Verbo autem Tuo&#8221;, &#8220;por causa da Tua Palavra&#8221;.<\/p>\n<p style=\"text-align: justify\">O corpo ser\u00e1 velado na Capela da Casa da Congrega\u00e7\u00e3o do Verbo Divino, no Bairro Paineiras, em Juiz de Fora. Ele ser\u00e1 sepultado no t\u00famulo dos Padres Verbitas, na mesma cidade. De acordo com a diocese de Governador Valadares (MG), ainda n\u00e3o foram definidos o hor\u00e1rio da Missa das Ex\u00e9quias e do sepultamento. A diocese informou que far\u00e1 um comunicado com as informa\u00e7\u00f5es.<\/p>\n<p style=\"text-align: justify\"><strong>Trajet\u00f3ria<\/strong><\/p>\n<p style=\"text-align: justify\">Dom Werner nasceu em M\u00fcnster, Alemanha, no dia 27 de setembro de 1937. Sacerdote da Congrega\u00e7\u00e3o do Verbo Divino (SVD), recebeu o sacramento da Ordem no dia 18 de dezembro de 1965. Em miss\u00e3o no Brasil desde 1966, foi p\u00e1roco at\u00e9 ser nomeado bispo auxiliar da arquidiocese de Belo Horizonte. A ordena\u00e7\u00e3o episcopal foi celebrada no dia 18 de dezembro de 1988. Depois de sua dedica\u00e7\u00e3o ao Povo de Deus na Capital Mineira e na sua Regi\u00e3o Metropolitana, foi transferido para a diocese de Nova Igua\u00e7u, Rio de Janeiro. Em 2001, regressou a Minas, ap\u00f3s ser nomeado bispo diocesano de Governador Valadares. Tornou-se em\u00e9rito aos 75 anos, ap\u00f3s apresentar a sua ren\u00fancia, conforme as leis can\u00f4nicas.<\/p>\n<blockquote>\n<p style=\"text-align: center\"><strong>Nota de Condol\u00eancias da CNBB pelo falecimento de dom Werner Siebenbrock<\/strong><\/p>\n<p style=\"text-align: right\">Bras\u00edlia-DF, 24 de dezembro de 2019<\/p>\n<p style=\"text-align: justify\">Prezado irm\u00e3o, Dom Ant\u00f4nio Carlos F\u00e9lix, bispo de Governador Valadares(MG).<\/p>\n<p style=\"text-align: justify\">A Confer\u00eancia Nacional dos Bispos do Brasil (CNBB) manifesta seu pesar pelo falecimento de dom Werner Franz Siebenbrock, bispo Em\u00e9rito de Governador Valadares(MG), na tarde desta ter\u00e7a-feira, 24 de dezembro. Ao senhor, aos familiares e a todo o povo de Deus desta Igreja Particular, pedimos \u00e0 Deus que conceda o conforto espiritual, que vem da nossa f\u00e9 na ressurrei\u00e7\u00e3o dos mortos.<\/p>\n<p style=\"text-align: justify\">Enaltecemos a atua\u00e7\u00e3o de dom Werner, que dedicou a sua vida ao an\u00fancio do Evangelho e foi servidor do Povo de Deus e exerceu o seu minist\u00e9rio mission\u00e1rio por quase 50 anos no Brasil. Que Jesus Cristo, cuja festa do nascimento celebramos, o acolha na morada eterna.<\/p>\n<p style=\"text-align: center\">Em Cristo,<\/p>\n<p style=\"text-align: center\"><strong>Dom Walmor Oliveira de Azevedo<\/strong><br \/>\nArcebispo de Belo Horizonte (MG)<br \/>\nPresidente da CNBB<\/p>\n<p style=\"text-align: center\"><strong>Dom Jaime Spengler<\/strong><br \/>\nArcebispo de Porto Alegre (RS)<br \/>\nPrimeiro Vice-Presidente da CNBB<\/p>\n<p style=\"text-align: center\"><strong>Dom M\u00e1rio Ant\u00f4nio da Silva<\/strong><br \/>\nBispo de Roraima (RR)<br \/>\nSegundo Vice-Presidente da CNBB<\/p>\n<p style=\"text-align: center\"><strong>Dom Joel Portella Amado<\/strong><br \/>\nBispo auxiliar da arquidiocese de S\u00e3o Sebasti\u00e3o do Rio de Janeiro (RJ)<br \/>\nSecret\u00e1rio-geral da CNBB<\/p>\n<\/blockquote>\n","protected":false},"excerpt":{"rendered":"<p>O corpo ser\u00e1 velado na Capela da Congrega\u00e7\u00e3o do Verbo Divino. A CNBB enviou condol\u00eancias<\/p>\n","protected":false},"author":83,"featured_media":3195,"comment_status":"closed","ping_status":"open","sticky":false,"template":"","format":"standard","meta":{"site-sidebar-layout":"default","site-content-layout":"default","ast-global-header-display":"","ast-banner-title-visibility":"","ast-main-header-display":"","ast-hfb-above-header-display":"","ast-hfb-below-header-display":"","ast-hfb-mobile-header-display":"","site-post-title":"","ast-breadcrumbs-content":"","ast-featured-img":"","footer-sml-layout":"","theme-transparent-header-meta":"","adv-header-id-meta":"","stick-header-meta":"","header-above-stick-meta":"","header-main-stick-meta":"","header-below-stick-meta":""},"categories":[1358,798],"tags":[],"acf":[],"_links":{"self":[{"href":"https:\/\/www.cnbb.org.br\/cnbb-app\/wp\/v2\/posts\/36195"}],"collection":[{"href":"https:\/\/www.cnbb.org.br\/cnbb-app\/wp\/v2\/posts"}],"about":[{"href":"https:\/\/www.cnbb.org.br\/cnbb-app\/wp\/v2\/types\/post"}],"author":[{"embeddable":true,"href":"https:\/\/www.cnbb.org.br\/cnbb-app\/wp\/v2\/users\/83"}],"replies":[{"embeddable":true,"href":"https:\/\/www.cnbb.org.br\/cnbb-app\/wp\/v2\/comments?post=36195"}],"version-history":[{"count":0,"href":"https:\/\/www.cnbb.org.br\/cnbb-app\/wp\/v2\/posts\/36195\/revisions"}],"wp:featuredmedia":[{"embeddable":true,"href":"https:\/\/www.cnbb.org.br\/cnbb-app\/wp\/v2\/media\/3195"}],"wp:attachment":[{"href":"https:\/\/www.cnbb.org.br\/cnbb-app\/wp\/v2\/media?parent=36195"}],"wp:term":[{"taxonomy":"category","embeddable":true,"href":"https:\/\/www.cnbb.org.br\/cnbb-app\/wp\/v2\/categories?post=36195"},{"taxonomy":"post_tag","embeddable":true,"href":"https:\/\/www.cnbb.org.br\/cnbb-app\/wp\/v2\/tags?post=36195"}],"curies":[{"name":"wp","href":"https:\/\/api.w.org\/{rel}","templated":true}]}}