{"id":36271,"date":"2020-01-06T00:00:00","date_gmt":"2020-01-06T03:00:00","guid":{"rendered":"https:\/\/www.cnbb.org.br\/articulacao-e-formacao-marcaram-o-ano-de-2019-da-comissao-sociotransformadora-da-cnbb\/"},"modified":"2020-03-11T17:09:20","modified_gmt":"2020-03-11T20:09:20","slug":"articulacao-e-formacao-marcaram-o-ano-de-2019-da-comissao-sociotransformadora-da-cnbb","status":"publish","type":"post","link":"https:\/\/www.cnbb.org.br\/articulacao-e-formacao-marcaram-o-ano-de-2019-da-comissao-sociotransformadora-da-cnbb\/","title":{"rendered":"Articula\u00e7\u00e3o e forma\u00e7\u00e3o marcaram o ano de 2019 da Comiss\u00e3o Sociotransformadora"},"content":{"rendered":"<p style=\"text-align: justify\">Em 2019, a Comiss\u00e3o Episcopal Pastoral para a A\u00e7\u00e3o Sociotransformadora realizou uma s\u00e9rie de atividades formativas e de articula\u00e7\u00e3o com as pastorais e organismos que atuam com as pautas mais sociais da Igreja. Al\u00e9m disso, foi um ano em que a Comiss\u00e3o mudou a presid\u00eancia, com a elei\u00e7\u00e3o na 57\u00aa Assembleia Geral dos Bispos do Brasil e com os nomes dos novos bispos referendados na reuni\u00e3o de julho do Conselho Permanente. Veja abaixo os destaques das principais a\u00e7\u00f5es da comiss\u00e3o.<\/p>\n<p><strong>MAR\u00c7O<\/strong><\/p>\n<p style=\"text-align: justify\"><strong>Encontro das Coordena\u00e7\u00f5es de Organismos e Pastorais Sociais<\/strong><\/p>\n<p style=\"text-align: justify\">O desafio de fortalecer o trabalho da pastoral conjunta foi encarado pelos 33 participantes do Encontro das Coordena\u00e7\u00f5es de Organismos e Pastorais Sociais, que integram o trabalho organizado pela Comiss\u00e3o Episcopal Pastoral para a A\u00e7\u00e3o Social Transformadora da Confer\u00eancia Nacional dos Bispos do Brasil (CNBB). O grupo, formado por representantes de 26 organiza\u00e7\u00f5es, os bispos, assessor e secret\u00e1ria da comiss\u00e3o, reuniu-se de 11 a 13 de mar\u00e7o, no Centro Cultural Mission\u00e1rio (CCM), em Bras\u00edlia (DF), para analisar a conjuntura brasileira, com enfoque nas pol\u00edticas p\u00fablicas e nos direitos humanos, tendo em vista tra\u00e7ar caminhos para fortalecer a pastoral de conjunto e planejar a a\u00e7\u00e3o para 2019.<\/p>\n<p style=\"text-align: justify\"><strong>ABRIL<br \/>\n<\/strong><br \/>\n<strong>1\u00ba Encontro Nacional de Conselheiros e Conselheiras Nacionais de Pol\u00edticas P\u00fablicas<br \/>\n<\/strong><br \/>\nO tema da Campanha da Fraternidade deste ano, \u201cpol\u00edticas p\u00fablicas\u201d, inspirou a realiza\u00e7\u00e3o do Encontro Nacional de Conselheiros e Conselheiras Nacionais de Pol\u00edticas P\u00fablicas\u201d, dia 24 de abril, do qual participou um grupo de 22 crist\u00e3os que representam a Igreja Cat\u00f3lica e seus organismos em conselhos federais de participa\u00e7\u00e3o social, na sede do Centro Cultural Mission\u00e1rio (CCM) em Bras\u00edlia (DF). O encontro teve como objetivo \u201cproporcionar espa\u00e7o para troca de experi\u00eancia entre conselheiros\/as que atuam a partir da motiva\u00e7\u00e3o da f\u00e9 crist\u00e3 em Conselhos Nacionais de Pol\u00edticas P\u00fablicas, conhecendo melhor o contexto social, pol\u00edtico e econ\u00f4mico atual, \u00e0 luz da f\u00e9 e da Doutrina Social da Igreja, identificando limites, avan\u00e7os e desafios e projetando m\u00fatua coopera\u00e7\u00e3o no exerc\u00edcio da representa\u00e7\u00e3o nos Conselhos\u201d.<\/p>\n<p><strong>MAIO<br \/>\n<\/strong><br \/>\n<strong>Elei\u00e7\u00e3o da nova presid\u00eancia da Comiss\u00e3o <\/strong><\/p>\n<p style=\"text-align: justify\">Para o quadri\u00eanio 2019-2023, a Comiss\u00e3o Episcopal Pastoral para a A\u00e7\u00e3o Sociotransformadora da Confer\u00eancia Nacional dos Bispos do Brasil (CNBB) conta com uma nova composi\u00e7\u00e3o de bispos, tendo o seu presidente sido eleito na 57\u00aa Assembleia Geral dos Bispos, em maio, e os demais referendados na \u00faltima reuni\u00e3o do Conselho Permanente da entidade, realizada no final de julho de 2019. O nome do assessor para o per\u00edodo tamb\u00e9m foi nomeado pelo presidente da entidade, dom Walmor Oliveira de Azevedo.<\/p>\n<p><strong>JUNHO<br \/>\n<\/strong><br \/>\n<strong>Dia Mundial do Refugiado<\/strong><\/p>\n<p style=\"text-align: justify\">Dia 20 de junho celebrou-se, em todo mundo, o Dia Mundial do Refugiado, de acordo com uma resolu\u00e7\u00e3o aprovada pela Assembleia Geral das Na\u00e7\u00f5es Unidas. Para a Ag\u00eancia da ONU para Refugiados (ACNUR), a data \u00e9 uma oportunidade para homenagear a coragem, a resili\u00eancia e a for\u00e7a de todas as mulheres, homens e crian\u00e7as for\u00e7adas a deixar suas casas por causa de guerras, conflitos armados e persegui\u00e7\u00f5es. Por ocasi\u00e3o da data, o bispo de Brejo (MA) e presidente da Comiss\u00e3o Episcopal Pastoral para a A\u00e7\u00e3o S\u00f3cio Transformadora, dom Jos\u00e9 Valdeci Santos Mendes, escreveu artigo sobre o processo migrat\u00f3rio no Brasil e o papel da Igreja.<\/p>\n<p><strong>2\u00ba Encontro Nacional de Conselheiros e Conselheiras Nacionais de Pol\u00edticas P\u00fablicas<\/strong><\/p>\n<p style=\"text-align: justify\">Em junho, o grupo de conselheiros e as representa\u00e7\u00f5es da CNBB definiram quatro eixos de atua\u00e7\u00e3o: a capacita\u00e7\u00e3o e a forma\u00e7\u00e3o de conselheiros; os processos de comunica\u00e7\u00e3o e articula\u00e7\u00e3o; a quest\u00e3o da descontinuidade desses espa\u00e7os por iniciativa do Governo Federal (Decreto 9759) e a necessidade de recursos para a manuten\u00e7\u00e3o da participa\u00e7\u00e3o dos conselheiros.<\/p>\n<p><strong>34\u00aa Semana do Migrante<\/strong><\/p>\n<p style=\"text-align: justify\">Uma semana de atividades marcou, a partir do dia 16, a realiza\u00e7\u00e3o em todo pa\u00eds da 34\u00aa Semana do Migrante, que se encerrou dia 23 do m\u00eas. Como a tem\u00e1tica da semana \u00e9 sempre relacionada ao tema da Campanha da Fraternidade de cada ano, em 2019 o tema da 34\u00aa Semana do Migrante foi \u201cMigra\u00e7\u00e3o e Pol\u00edticas P\u00fablicas\u201d e o lema \u201cAcolher, proteger, promover, integrar e celebrar. A luta \u00e9 todo dia\u201d.<\/p>\n<p style=\"text-align: justify\">Um conjunto de materiais sobre a realidade da migra\u00e7\u00e3o no Brasil e para dinamizar a\u00e7\u00f5es durante a semana (Texto-base, Roda de Conversa e Roteiro de Celebra\u00e7\u00e3o Ecum\u00eanica) foi enviado \u00e0s Igrejas particulares e para as comunidades onde as organiza\u00e7\u00f5es que integram o Setor de Mobilidade Humana atuam. Duas datas importantes marcam a semana. No dia 20, comemora-se o Dia Mundial do Refugiado e no dia 25 o Dia do Migrante.<\/p>\n<p style=\"text-align: justify\"><strong>JULHO<br \/>\n<\/strong><br \/>\n<strong>4\u00ba Encontro Formativo dos Bispos da Comiss\u00e3o<br \/>\n<\/strong><br \/>\nUm grupo de 15 bispos participou de 29 a 30 de julho, do 4\u00ba Encontro Formativo dos Bispos da Comiss\u00e3o Episcopal Pastoral para a A\u00e7\u00e3o Sociotransformadora da Confer\u00eancia Nacional dos Bispos do Brasil (CNBB) e referenciais e animadores das pastorais sociais nos regionais, organismos e do Setor de Mobilidade Humana da entidade. O encontro ocorreu no Centro Cultural Mission\u00e1rio em Bras\u00edlia (DF). O bispo de Marab\u00e1 (PA), dom Vital Coberlini, aprofundou com os bispos o tema \u201cEnsino Social da Igreja a partir dos Santos Padres\u201d.<\/p>\n<p><strong>Nova composi\u00e7\u00e3o da Comiss\u00e3o <\/strong><\/p>\n<p style=\"text-align: justify\">Para o quadri\u00eanio 2019-2023, a Comiss\u00e3o Episcopal Pastoral para a A\u00e7\u00e3o Sociotransformadora da Confer\u00eancia Nacional dos Bispos do Brasil (CNBB) conta com uma nova composi\u00e7\u00e3o de bispos, tendo o seu presidente sido eleito na 57\u00aa Assembleia Geral dos Bispos, em maio, e os demais referendados na \u00faltima reuni\u00e3o do Conselho Permanente da entidade, realizada no final de julho de 2019. O nome do assessor para o per\u00edodo tamb\u00e9m foi nomeado pelo presidente da entidade, dom Walmor Oliveira de Azevedo. Abaixo, eles aparecem na mesma ordem da foto, sendo o presidente o primeiro da esquerda para direita.<\/p>\n<p><strong>Presidente:<\/strong> Dom Jos\u00e9 Valdeci Santos Mendes, bispo de Brejo (MA<br \/>\nDom Jos\u00e9 Luiz Ferreira Salles, bispo da diocese de Pesqueira (PE)<br \/>\nDom Jos\u00e9 Ionilton Lisboa de Oliveira, bispo da Prelazia de Itacoatiara (AM)<br \/>\nDom Jos\u00e9 Reginaldo Andrietta, bispo de Jales (SP)<br \/>\nDom Henrique Aparecido de Lima, bispo de Dourados (MS)<br \/>\nDom Francisco Cota de Oliveira, bispo auxiliar de Curitiba (PR)<\/p>\n<p>Assessor<br \/>\nFrei Olavio Dotto<\/p>\n<p style=\"text-align: justify\"><strong>AGOSTO<br \/>\n<\/strong><br \/>\n<strong>F\u00f3rum das Pastorais Sociais <\/strong><br \/>\nComo fazer com que as Comiss\u00f5es da Confer\u00eancia Nacional dos Bispos do Brasil (CNBB) possam traduzir para realidades com que elas trabalham as Diretrizes Gerais da Igreja no Brasil 2019-2023? Esta foi uma das provoca\u00e7\u00f5es que o bispo auxiliar do Rio de Janeiro e secret\u00e1rio-geral da entidade, dom Joel Portella fez aos participantes do F\u00f3rum das Pastorais Sociais que se reuniram em Bras\u00edlia (DF) de 30 de julho a 02 de agosto.<\/p>\n<p><strong>SETEMBRO<\/strong><\/p>\n<p><strong>25\u00aa Edi\u00e7\u00e3o do Grito dos Exclu\u00eddos<\/strong><\/p>\n<p style=\"text-align: justify\">A 25\u00aa edi\u00e7\u00e3o do Grito dos Exclu\u00eddos contabilizou a realiza\u00e7\u00e3o de a\u00e7\u00f5es em mais em 200 localidades espalhadas pelo Brasil por ocasi\u00e3o deste 7 de Setembro. Seis cidades registraram atos no dia 6 de setembro, como foi o caso de Manaus no qual cerca de 3 mil pessoas caminharam at\u00e9 a Ponto do Rio Negro, local simb\u00f3lico para aqueles que defendem a vida dos povos da floresta. Dom S\u00e9rgio Castriani, arcebispo de Manaus, caminhou ao lado de crian\u00e7as, religiosos, mulheres, migrantes e jovens at\u00e9 a ponte.<\/p>\n<p><strong>VII Encontro Nacional das Pastorais do Setor de Mobilidade Humana<\/strong><\/p>\n<p style=\"text-align: justify\">De 12 a 15 de setembro, aconteceu, em Salvador (BA), o VIII Encontro Nacional das Pastorais do Setor de Mobilidade Humana (SMH), coordenado pela Comiss\u00e3o Episcopal Pastoral para a A\u00e7\u00e3o Sociotransformadora da Confer\u00eancia Nacional dos Bispos do Brasil (CNBB). O objetivo do encontro foi refletir o momento sociopol\u00edtico e eclesial atual e aprofundar a espiritualidade do caminho e partilhar a caminhada das pastorais do SMH identificando boas not\u00edcias, desafios e apontando respostas de acordo com as Diretrizes Gerais da A\u00e7\u00e3o Evangelizadora 2019 -2023.<\/p>\n<p><strong>3\u00ba Encontro Nacional de Conselheiros e Conselheiras Nacionais de Pol\u00edticas P\u00fablicas<\/strong><\/p>\n<p style=\"text-align: justify\">Conselheiros e conselheiras de pol\u00edticas p\u00fablicas que representam a Igreja no Brasil se reuniram, na segunda-feira, 23 de setembro, em Bras\u00edlia, para o terceiro encontro nacional. Na pauta, o enfraquecimento da participa\u00e7\u00e3o da sociedade civil nos conselhos parit\u00e1rios e a preocupa\u00e7\u00e3o com a elei\u00e7\u00e3o de representantes dos Conselhos Tutelares em todo o Brasil.<\/p>\n<p><strong>OUTUBRO<\/strong><\/p>\n<p style=\"text-align: justify\"><strong>Reuni\u00e3o dos Bispos da Comiss\u00e3o <\/strong><\/p>\n<p style=\"text-align: justify\">Os bispos integrantes da Comiss\u00e3o Episcopal Pastoral para A\u00e7\u00e3o Sociotransformadora da Confer\u00eancia Nacional dos Bispos do Brasil (CNBB) se reuniram na ter\u00e7a-feira, 1\u00ba de outubro, em Bras\u00edlia, para avan\u00e7ar em seu planejamento quadrienal. Na pauta, uma avalia\u00e7\u00e3o dos trabalhos desenvolvidos, do papel da comiss\u00e3o e como est\u00e1 sendo o trabalho das pastorais sociais nos regionais da CNBB e a 6\u00aa Semana Social Brasileira (SSB).<\/p>\n<p><strong>NOVEMBRO <\/strong><\/p>\n<p><strong>Roda de Conversa Dia Mundial dos Pobres<\/strong><\/p>\n<p style=\"text-align: justify\"><a href=\"https:\/\/www.cnbb.org.br\/articulacao-e-formacao-marcaram-o-ano-de-2019-da-comissao-sociotransformadora-da-cnbb\/plantio2-1200x762_c\/\" rel=\"attachment wp-att-231252\"><img decoding=\"async\" loading=\"lazy\" class=\"wp-image-231252 size-medium alignright\" src=\"https:\/\/www.cnbb.org.br\/wp-content\/uploads\/2020\/03\/Plantio2-1200x762_c-300x191-1.jpg\" alt=\"\" width=\"300\" height=\"191\" \/><\/a>O vers\u00edculo b\u00edblico \u201ca Esperan\u00e7a dos pobres jamais se frustrar\u00e1\u201d, do Salmo 9-19, escolhido pelo Papa Francisco como mote do terceiro Dia Mundial dos Pobres foi o fio condutor que motivou a partilha de experi\u00eancias de cerca de 70 lideran\u00e7as de diferentes organiza\u00e7\u00f5es sociais da sociedade e da Igreja em roda de conversa realizada dia, 7 de novembro, pela Comiss\u00e3o Episcopal Pastoral para a A\u00e7\u00e3o Sociotransformadora da Confer\u00eancia Nacional dos Bispos do Brasil (CNBB) em parceria com a C\u00e1ritas Brasileira e pelas Pastorais Sociais da Igreja no Brasil. Os representantes das organiza\u00e7\u00f5es foram convidados a falar dos desafios enfrentados na atual conjuntura e sobre as alternativas e principais a\u00e7\u00f5es do grupo na supera\u00e7\u00e3o das desigualdades.<\/p>\n<p><strong>DEZEMBRO<br \/>\n<\/strong><br \/>\n<strong>Reuni\u00e3o dos membros da Comiss\u00e3o <\/strong><\/p>\n<p style=\"text-align: justify\">Os membros da Comiss\u00e3o Episcopal Pastoral para a A\u00e7\u00e3o Sociotransformadora, incluindo todos os bispos que a integram, a Comiss\u00e3o Executiva e o assessor, se encontraram na quarta-feira, 4 de dezembro, na sede da Confer\u00eancia Nacional dos Bispos do Brasil (CNBB), em Bras\u00edlia para avaliar 2019 e consolidar o seu planejamento para o pr\u00f3ximo ano.<br \/>\n6\u00aa Semana Social Brasileira<\/p>\n<p style=\"text-align: justify\">\u201cMutir\u00e3o pela Vida \u2013 por Terra, Teto e Trabalho\u201d ser\u00e1 o tema da 6\u00aa Semana Social Brasileira cujo processo de realiza\u00e7\u00e3o ter\u00e1 in\u00edcio com o lan\u00e7amento na 58\u00aa Assembleia Geral dos Bispos do Brasil, em abril de 2020, e o encerramento, com a etapa nacional, em julho 2022. O objetivo da 6\u00aa semana, aprovada na 57\u00aa Assembleia Geral do episcopado brasileiro, \u00e9 mobilizar a sociedade tendo em vista o fortalecimento da democracia. Um outro objetivo \u00e9 tamb\u00e9m fortalecer a a\u00e7\u00e3o das Pastorais Sociais da Igreja na defesa da popula\u00e7\u00e3o e dos grupos que se encontram em situa\u00e7\u00e3o de maior vulnerabilidade.<\/p>\n<p><strong>A\u00e7\u00e3o em 2020&#8230;<\/strong><\/p>\n<p style=\"text-align: justify\">O trabalho da Comiss\u00e3o, nos pr\u00f3ximos anos, segundo o presidente da Comiss\u00e3o, dom Jos\u00e9 Valdeci Santos Mendes, bispo de Brejo (MA), ser\u00e1 fortalecer e estimular a a\u00e7\u00e3o das Pastorais Sociais e organismos da Igreja a se engajar sempre mais frente aos grandes desafios da realidade, o que incluir\u00e1 fortalecer a presen\u00e7a dos bispos referenciais nos 18 regionais da CNBB. \u201cQueremos sempre mais fortalecer o trabalho da Comiss\u00e3o, da Comiss\u00e3o Executiva e o papel da assessoria e a presen\u00e7a dos leigos e dos bispos que a integram. Isto \u00e9 muito importante\u201d, disse.<\/p>\n<p style=\"text-align: justify\">Para o 2020, a Comiss\u00e3o realizar\u00e1, em mar\u00e7o, um semin\u00e1rio para aprofundar o documento n\u00ba 105 \u2013 Igrejas e Comunidades Quilombolas. Tamb\u00e9m realizar\u00e1 a forma\u00e7\u00e3o de conselheiros para maior incid\u00eancia pol\u00edtica. \u201c S\u00e3o estas as perspectivas que nos animam para continuar na busca de uma sociedade mais justa e fraterna. A gente busca refletir e a partir desta compreens\u00e3o encontrar caminhos para ser uma presen\u00e7a crist\u00e3 diante destes desafios\u201d, disse.<\/p>\n<p><a href=\"https:\/\/www.cnbb.org.br\/articulacao-e-formacao-marcaram-o-ano-de-2019-da-comissao-sociotransformadora-da-cnbb\/comissao\/\" rel=\"attachment wp-att-231253\"><img decoding=\"async\" loading=\"lazy\" class=\"size-large wp-image-231253 aligncenter\" src=\"https:\/\/www.cnbb.org.br\/wp-content\/uploads\/2020\/03\/Comiss\u00e3o-1024x650.jpg\" alt=\"\" width=\"900\" height=\"571\" \/><\/a><\/p>\n","protected":false},"excerpt":{"rendered":"<p>A Comiss\u00e3o em 2020, segundo dom Valdeci, vai estimular as Pastorais Sociais e organismos da Igreja a se engajarem frente aos desafios da realidade<\/p>\n","protected":false},"author":83,"featured_media":36273,"comment_status":"closed","ping_status":"open","sticky":false,"template":"","format":"standard","meta":{"site-sidebar-layout":"default","site-content-layout":"default","ast-global-header-display":"","ast-banner-title-visibility":"","ast-main-header-display":"","ast-hfb-above-header-display":"","ast-hfb-below-header-display":"","ast-hfb-mobile-header-display":"","site-post-title":"","ast-breadcrumbs-content":"","ast-featured-img":"","footer-sml-layout":"","theme-transparent-header-meta":"","adv-header-id-meta":"","stick-header-meta":"","header-above-stick-meta":"","header-main-stick-meta":"","header-below-stick-meta":""},"categories":[1],"tags":[],"acf":[],"_links":{"self":[{"href":"https:\/\/www.cnbb.org.br\/cnbb-app\/wp\/v2\/posts\/36271"}],"collection":[{"href":"https:\/\/www.cnbb.org.br\/cnbb-app\/wp\/v2\/posts"}],"about":[{"href":"https:\/\/www.cnbb.org.br\/cnbb-app\/wp\/v2\/types\/post"}],"author":[{"embeddable":true,"href":"https:\/\/www.cnbb.org.br\/cnbb-app\/wp\/v2\/users\/83"}],"replies":[{"embeddable":true,"href":"https:\/\/www.cnbb.org.br\/cnbb-app\/wp\/v2\/comments?post=36271"}],"version-history":[{"count":0,"href":"https:\/\/www.cnbb.org.br\/cnbb-app\/wp\/v2\/posts\/36271\/revisions"}],"wp:featuredmedia":[{"embeddable":true,"href":"https:\/\/www.cnbb.org.br\/cnbb-app\/wp\/v2\/media\/36273"}],"wp:attachment":[{"href":"https:\/\/www.cnbb.org.br\/cnbb-app\/wp\/v2\/media?parent=36271"}],"wp:term":[{"taxonomy":"category","embeddable":true,"href":"https:\/\/www.cnbb.org.br\/cnbb-app\/wp\/v2\/categories?post=36271"},{"taxonomy":"post_tag","embeddable":true,"href":"https:\/\/www.cnbb.org.br\/cnbb-app\/wp\/v2\/tags?post=36271"}],"curies":[{"name":"wp","href":"https:\/\/api.w.org\/{rel}","templated":true}]}}