{"id":36279,"date":"2019-12-14T00:00:00","date_gmt":"2019-12-14T03:00:00","guid":{"rendered":"https:\/\/www.cnbb.org.br\/cardeal-orani-alegrai-vos-o-senhor-esta-perto\/"},"modified":"2019-12-14T00:00:00","modified_gmt":"2019-12-14T03:00:00","slug":"cardeal-orani-alegrai-vos-o-senhor-esta-perto","status":"publish","type":"post","link":"https:\/\/www.cnbb.org.br\/cardeal-orani-alegrai-vos-o-senhor-esta-perto\/","title":{"rendered":"Alegrai-vos, o Senhor est\u00e1 perto!"},"content":{"rendered":"<h4 style=\"text-align: right\">Cardeal Orani Jo\u00e3o Tempesta, O.Cist.<br \/>\nArcebispo de S\u00e3o Sebasti\u00e3o do Rio de Janeiro (RJ)<\/h4>\n<p style=\"text-align: justify\"><strong>\u00a0<\/strong><\/p>\n<p style=\"text-align: justify\">Este terceiro domingo do Advento tem um tema predominante: a alegria provocada pela vinda do Senhor. Por isso, a cor ros\u00e1cea, que pode ser usada como um roxo atenuado. Alegrai-vos (<em>Gaudete<\/em>!) \u2013 convida-nos a liturgia, inspirando-se nas palavras do Ap\u00f3stolo: <em>\u201cAlegrai-vos sempre no Senhor. De novo eu vos digo: alegrai-vos! O Senhor est\u00e1 perto!\u201d (cf. Fl 4,4s)<\/em><em>.<\/em> O mundo vive carente da verdadeira alegria! Os testos b\u00edblicos do III Domingo do Advento s\u00e3o um convite muito forte a alegria, porque o Senhor, que esperamos, j\u00e1 est\u00e1 conosco e com Ele preparamos o Advento do seu Reino. Este domingo tamb\u00e9m \u00e9 o encerramento da Campanha para a Evangeliza\u00e7\u00e3o com a Coleta Nacional nessa inten\u00e7\u00e3o.<\/p>\n<p style=\"text-align: justify\">Na primeira Leitura deste domingo (cf. Is 35,1-6a) \u2013 faz-nos reviver a espera que precedeu a primeira vinda de Cristo e as esperan\u00e7as que a animaram. Isa\u00edas deseja despertar e fortalecer a esperan\u00e7a dos exilados. O povo atravessava um dos piores per\u00edodos de sua hist\u00f3ria: Jerusal\u00e9m e o Templo destru\u00eddos, o povo deportado na Babil\u00f4nia.<\/p>\n<p style=\"text-align: justify\">Segunda Leitura (cf. Tg 5,7-10): este trecho \u00e9 parte das exorta\u00e7\u00f5es finais da carta de S\u00e3o Tiago. O tempo de espera \u00e9 pouco; logo a melhor maneira de sofrer contradi\u00e7\u00f5es e persegui\u00e7\u00f5es, pelo fato de serem crist\u00e3os, \u00e9 armar-se de paci\u00eancia e resigna\u00e7\u00e3o, tomando como exemplo as persegui\u00e7\u00f5es dos antigos profetas. O pr\u00f3prio ap\u00f3stolo sofreu o mart\u00edrio da parte dos judeus, servindo assim de exemplo e n\u00e3o s\u00f3 de palavras de est\u00edmulo que como diz o prov\u00e9rbio <strong><em>verba ducunt, exempla movent<\/em><\/strong> [as palavras guiam; os exemplos movem].<\/p>\n<p style=\"text-align: justify\">O Evangelho (cf. Mt 11, 2-11) cont\u00e9m tr\u00eas se\u00e7\u00f5es diferentes: Pergunta do Batista; resposta de Jesus; testemunho deste sobre Jo\u00e3o. Jesus responde \u00e0 pergunta do Batista com fatos que confirmam a profecia de Isa\u00edas (cap. 29 e 35) sobre a conduta do Messias. E, ao mesmo tempo, n\u00e3o deixa de louvar aquele que foi seu arauto e precursor. Uma quest\u00e3o que estava na mente dos seus contempor\u00e2neos, era o poder pol\u00edtico do Messias. Jesus aponta a um messias de salva\u00e7\u00e3o, em que a cura do corpo \u00e9 a manifesta\u00e7\u00e3o da cura interior. Toda doen\u00e7a era produto de um pecado (cf. Jo 9, 2) e a liberta\u00e7\u00e3o da doen\u00e7a era sinal do perd\u00e3o do pecado (cf. Jo 5, 14), condi\u00e7\u00e3o que Jesus imp\u00f5e a quem curou da cegueira ou, antes de curar, perdoa os pecados (cf. Mt 9, 2); assim ele se acomoda ao pensamento dos seus contempor\u00e2neos. Um outro aspecto dessa profecia \u00e9 a evangeliza\u00e7\u00e3o dos pobres. Finalmente est\u00e1 o louvor do Batista, o maior entre os nascidos de mulher, mas inferior aos nascidos na \u00e1gua e no Esp\u00edrito (cf. Jo 3, 5), que formam parte do Reino de Deus e n\u00e3o do reino de Israel, ou da descend\u00eancia de Abra\u00e3o.<\/p>\n<p style=\"text-align: justify\">Jo\u00e3o Batista est\u00e1 preso, por Herodes, por reprovar o seu comportamento. No c\u00e1rcere ouve falar das obras de Cristo\u2026 Perplexo, envia a Jesus dois disc\u00edpulos com uma pergunta bem concreta: \u201c\u00c9s tu aquele que h\u00e1 de vir ou devemos esperar por outro?\u201d (cf. Mt 11, 3). Jesus responde-lhes apontando os sinais concretos de liberta\u00e7\u00e3o, j\u00e1 anunciados por Isa\u00edas h\u00e1 muito tempo: \u201cIde contar a Jo\u00e3o o que estais ouvindo e vendo: os cegos recuperam a vista, os paral\u00edticos andam, os leprosos s\u00e3o curados, os surdos ouvem, os mortos ressuscitam e os pobres s\u00e3o evangelizados\u201d (cf. Mt 11, 4-5).<\/p>\n<p style=\"text-align: justify\">Na Exorta\u00e7\u00e3o Apost\u00f3lica \u201cA Alegria do Evangelho\u201d, o Papa Francisco nos lembra que \u201ca alegria do Evangelho enche o cora\u00e7\u00e3o e a vida inteira daqueles que se encontram com Jesus. Os que se deixam salvar por Ele s\u00e3o libertados do pecado, da tristeza, do vazio interior, do isolamento. Com Jesus Cristo, renasce sem cessar a alegria\u201d (EG, n. 1) (Retirado do site: <a href=\"https:\/\/w2.vatican.va\/content\/francesco\/pt\/apost_exhortations\/documents\/papa-francesco_esortazione-ap_20131124_evangelii-gaudium.html\" target=\"_blank\" rel=\"noopener\">https:\/\/w2.vatican.va\/content\/francesco\/pt\/apost_exhortations\/documents\/papa-francesco_esortazione-ap_20131124_evangelii-gaudium.html<\/a>. \u00daltimo acesso em: 02\/12\/2016).<\/p>\n<p style=\"text-align: justify\">A alegria do Advento e a de cada dia \u00e9 porque Jesus est\u00e1 muito perto de n\u00f3s. A alegria crist\u00e3 n\u00e3o \u00e9 uma atitude passageira de festas humanas, mas um estado permanente, de quem confia que a vida crist\u00e3 \u00e9 uma caminhada ao encontro do Senhor que vem. A alegria \u00e9 um dos sinais da presen\u00e7a de Deus no cora\u00e7\u00e3o de uma pessoa. Jesus, ap\u00f3s a Ressurrei\u00e7\u00e3o, aparecer\u00e1 aos seus disc\u00edpulos em diversas ocasi\u00f5es. E o evangelista ir\u00e1 sublinhando repetidas vezes que os Ap\u00f3stolos \u201cse alegraram vendo o Senhor\u201d (cf. Jo 20,20). Eles n\u00e3o esquecer\u00e3o nunca esses encontros em que as suas almas experimentaram uma alegria indescrit\u00edvel.<\/p>\n<p style=\"text-align: justify\">Contudo, o crist\u00e3o deve ser um homem essencialmente alegre. Mas a sua alegria n\u00e3o \u00e9 uma alegria qualquer, \u00e9 a alegria de Cristo, que traz a justi\u00e7a e a paz, e que s\u00f3 Ele pode dar e conservar, porque o mundo n\u00e3o possui o seu segredo.<\/p>\n<p style=\"text-align: justify\">\n","protected":false},"excerpt":{"rendered":"<p>Cardeal Orani Jo\u00e3o Tempesta, O.Cist. Arcebispo de S\u00e3o Sebasti\u00e3o do Rio de Janeiro (RJ) \u00a0 Este terceiro domingo do Advento tem um tema predominante: a alegria provocada pela vinda do Senhor. Por isso, a cor ros\u00e1cea, que pode ser usada como um roxo atenuado. Alegrai-vos (Gaudete!) \u2013 convida-nos a liturgia, inspirando-se nas palavras do Ap\u00f3stolo: &hellip;<\/p>\n<p class=\"read-more\"> <a class=\"\" href=\"https:\/\/www.cnbb.org.br\/cardeal-orani-alegrai-vos-o-senhor-esta-perto\/\"> <span class=\"screen-reader-text\">Alegrai-vos, o Senhor est\u00e1 perto!<\/span> Leia mais &raquo;<\/a><\/p>\n","protected":false},"author":31,"featured_media":0,"comment_status":"closed","ping_status":"open","sticky":false,"template":"","format":"standard","meta":{"site-sidebar-layout":"default","site-content-layout":"default","ast-global-header-display":"","ast-banner-title-visibility":"","ast-main-header-display":"","ast-hfb-above-header-display":"","ast-hfb-below-header-display":"","ast-hfb-mobile-header-display":"","site-post-title":"","ast-breadcrumbs-content":"","ast-featured-img":"","footer-sml-layout":"","theme-transparent-header-meta":"","adv-header-id-meta":"","stick-header-meta":"","header-above-stick-meta":"","header-main-stick-meta":"","header-below-stick-meta":""},"categories":[758],"tags":[],"acf":[],"_links":{"self":[{"href":"https:\/\/www.cnbb.org.br\/cnbb-app\/wp\/v2\/posts\/36279"}],"collection":[{"href":"https:\/\/www.cnbb.org.br\/cnbb-app\/wp\/v2\/posts"}],"about":[{"href":"https:\/\/www.cnbb.org.br\/cnbb-app\/wp\/v2\/types\/post"}],"author":[{"embeddable":true,"href":"https:\/\/www.cnbb.org.br\/cnbb-app\/wp\/v2\/users\/31"}],"replies":[{"embeddable":true,"href":"https:\/\/www.cnbb.org.br\/cnbb-app\/wp\/v2\/comments?post=36279"}],"version-history":[{"count":0,"href":"https:\/\/www.cnbb.org.br\/cnbb-app\/wp\/v2\/posts\/36279\/revisions"}],"wp:attachment":[{"href":"https:\/\/www.cnbb.org.br\/cnbb-app\/wp\/v2\/media?parent=36279"}],"wp:term":[{"taxonomy":"category","embeddable":true,"href":"https:\/\/www.cnbb.org.br\/cnbb-app\/wp\/v2\/categories?post=36279"},{"taxonomy":"post_tag","embeddable":true,"href":"https:\/\/www.cnbb.org.br\/cnbb-app\/wp\/v2\/tags?post=36279"}],"curies":[{"name":"wp","href":"https:\/\/api.w.org\/{rel}","templated":true}]}}