{"id":36282,"date":"2019-12-15T00:00:00","date_gmt":"2019-12-15T03:00:00","guid":{"rendered":"https:\/\/www.cnbb.org.br\/preparemos-os-caminhos-do-senhor\/"},"modified":"2019-12-15T00:00:00","modified_gmt":"2019-12-15T03:00:00","slug":"preparemos-os-caminhos-do-senhor","status":"publish","type":"post","link":"https:\/\/www.cnbb.org.br\/preparemos-os-caminhos-do-senhor\/","title":{"rendered":"Preparemos os caminhos do Senhor"},"content":{"rendered":"<p style=\"text-align: right\"><strong>Cardeal Orani Jo\u00e3o Tempesta, O. Cist.<br \/>\n<\/strong><strong>Arcebispo de S\u00e3o Sebasti\u00e3o do Rio de Janeiro (RJ)<\/strong><\/p>\n<p style=\"text-align: justify\"><strong>\u00a0<\/strong><\/p>\n<p style=\"text-align: justify\">Estamos no bel\u00edssimo tempo do Advento! Com ele, vem o momento de revermos aquilo que fizemos durante o ano, coisas boas e aquilo que de certa maneira n\u00e3o foi t\u00e3o bom. Um momento de fazermos um balan\u00e7o da nossa vida, de preparar o nosso cora\u00e7\u00e3o para o momento t\u00e3o especial, que \u00e9 o Natal do Senhor. O Advento, como tempo de espera e de vigil\u00e2ncia, \u00e9 o tempo prop\u00edcio para uma boa e completa confiss\u00e3o auricular. Para isso nossas par\u00f3quias j\u00e1 est\u00e3o promovendo a possibilidade de ouvir as confiss\u00f5es com maior n\u00famero de presb\u00edteros.<\/p>\n<p style=\"text-align: justify\">Antes da concep\u00e7\u00e3o de Jesus, Maria e Jos\u00e9 estavam andando procurando um lugar para Jesus nascer e n\u00e3o encontraram. Ningu\u00e9m abriu as portas para receber aquele casal que estava prestes a ter o seu Filho, at\u00e9 que \u00e0s pressas, Maria teve que dar \u00e0 luz ao seu filho \u201cJesus\u201d na estrebaria, onde era o lugar dos cavalos. Neste momento, Jos\u00e9 e Maria tamb\u00e9m est\u00e3o procurando um lugar para Jesus nascer, que n\u00e3o ser\u00e1 na estrebaria novamente, mas no nosso \u201ccora\u00e7\u00e3o\u201d. Muitas vezes, nos preocupamos com muitas coisas, com as tarefas do dia a dia, com os presentes que temos que dar, com o que vamos comer na ceia de Natal e n\u00e3o nos preparamos para o principal, que \u00e9 o nascimento de Jesus. \u00c0s vezes, o nosso cora\u00e7\u00e3o est\u00e1 t\u00e3o cheio de \u201ccoisas\u201d que n\u00e3o tem espa\u00e7o para Jesus.<\/p>\n<p style=\"text-align: justify\">\u00c9 necess\u00e1rio \u201climpar\u201d o nosso cora\u00e7\u00e3o, tirar aquilo que nos impede de viver um bom Natal, para assim poder ter espa\u00e7o para Jesus nascer na manjedoura do nosso cora\u00e7\u00e3o. A cada ano ele quer nascer na nossa casa, na nossa vida, basta abrirmos a porta e permitir que ele nas\u00e7a.<\/p>\n<p style=\"text-align: justify\">E como fazemos isso? Atrav\u00e9s de uma boa confiss\u00e3o para podermos limpar o nosso cora\u00e7\u00e3o e darmos espa\u00e7o na nossa casa para que Jesus possa nascer. A Igreja nos recomenda que nos confessemos duas vezes no ano, na Quaresma e no Advento. S\u00e3o dois tempos fortes na Liturgia da Igreja, em que nos preparamos para o mist\u00e9rio do Nascimento e, no outro, para o mist\u00e9rio da Morte e Ressurrei\u00e7\u00e3o de Jesus.<\/p>\n<p style=\"text-align: justify\">Um personagem que nos ajuda a rezar neste tempo do Advento em prepara\u00e7\u00e3o ao Natal \u00e9 S\u00e3o Jo\u00e3o Batista, que com seu batismo de \u201cconvers\u00e3o\u201d veio preparar o caminho do Senhor. Assim como ele, somos chamados a preparar o caminho do Senhor, por meio do sacramento da confiss\u00e3o, convertendo-nos em novas \u201ccriaturas\u201d e aguardando com alegria o Senhor que h\u00e1 de chegar.<\/p>\n<p style=\"text-align: justify\">A confiss\u00e3o nos ajuda a ficarmos bem conosco mesmos, com Deus, com a M\u00e3e Igreja e com aqueles que convivem conosco para que assim possamos celebrar o Natal sem m\u00e1goa, sem ressentimento, sem raiva, ou algum sentimento que nos impe\u00e7a de viver o verdadeiro esp\u00edrito do Natal. No Natal, precisamos estar com \u201cpaz de esp\u00edrito\u201d, cheios da gra\u00e7a de Deus, assim como Maria quando disse o Sim ao plano de Deus.<\/p>\n<p style=\"text-align: justify\">Assim como a cada Domingo do Advento acendemos uma vela da coroa do advento, que significa que a luz vai iluminando as trevas, e quando chega o Natal essa coroa est\u00e1 completa, toda iluminada, ou seja: a luz venceu as trevas! E assim \u00e9 quando nos confessamos. N\u00f3s nos aproximamos da luz e ela vai preenchendo as trevas do nosso cora\u00e7\u00e3o.<\/p>\n<p style=\"text-align: justify\">A Igreja, M\u00e3e e Mestra, nos oferece subs\u00eddios para fazer uma boa confiss\u00e3o. N\u00e3o podemos simplesmente chegar na Igreja sem nenhum preparo pr\u00e9vio e nos confessarmos. Podemos at\u00e9 escrever num papel os nossos pecados para que n\u00e3o aconte\u00e7a de esquecermos de algum e, \u00e9 claro, irmos de cora\u00e7\u00e3o contrito, arrependido e com o esp\u00edrito de mudan\u00e7a de vida, para mais facilmente alcan\u00e7armos o perd\u00e3o de Deus. O padre que naquele momento representa o pr\u00f3prio Jesus nos acolher\u00e1 com miseric\u00f3rdia e nos dar\u00e1 o perd\u00e3o. E nos preparando dessa maneira para o momento da confiss\u00e3o, n\u00e3o corremos o risco de n\u00e3o saber o que falar na frente do padre e nem ficar contando \u201chist\u00f3rias\u201d, mas propriamente declararmos, clara e francamente, os nossos pecados.<\/p>\n<p style=\"text-align: justify\">Um modelo de exame de consci\u00eancia: <a href=\"https:\/\/opusdei.org\/pt-pt\/article\/exame-de-consciencia-para-a-confissao-adultos\/\" target=\"_blank\" rel=\"noopener\">https:\/\/opusdei.org\/pt-pt\/article\/exame-de-consciencia-para-a-confissao-adultos\/<\/a>. Destaco: \u201c<em>A confiss\u00e3o \u00e9 a oportunidade de pedir perd\u00e3o a Deus e de receber a sua miseric\u00f3rdia. Antes de se confessar, reserve alguns momentos de sil\u00eancio para refletir no que fez e que possa ter prejudicado outras pessoas, e o que pode fazer para se tornar num crist\u00e3o melhor. Uma confiss\u00e3o sincera permite a renova\u00e7\u00e3o da alma e a sua abertura \u00e0 gra\u00e7a de Deus. As quest\u00f5es que se seguem podem\u00a0ajudar a refletir sobre as a\u00e7\u00f5es pelas quais deve pedir perd\u00e3o.\u201d<\/em><\/p>\n<p style=\"text-align: justify\">Portanto, \u00e9 preciso fazer uma boa confiss\u00e3o em prepara\u00e7\u00e3o ao Natal para que a gra\u00e7a de Deus possa ser derramada em cada um de n\u00f3s e em nossa fam\u00edlia. Para podermos terminar este ano bem e iniciar o pr\u00f3ximo melhor ainda.<\/p>\n<p style=\"text-align: justify\">Em nossa Arquidiocese teremos os \u201cmutir\u00f5es\u201d de confiss\u00f5es em nossas Par\u00f3quias. Procure em sua Par\u00f3quia e no site da Arquidiocese os dias e locais para fazer uma boa confiss\u00e3o.<\/p>\n<p style=\"text-align: justify\">Que o bom Deus nos aben\u00e7oe neste Natal e nos presenteie com a chegada do seu Filho e que possamos fazer uma boa prepara\u00e7\u00e3o para este grande momento, atrav\u00e9s da confiss\u00e3o, limpando \u201ca manjedoura do nosso cora\u00e7\u00e3o\u201d para acolher o menino Deus que vem.<\/p>\n<p style=\"text-align: justify\"><strong>\u00a0<\/strong><\/p>\n<p style=\"text-align: justify\">\n","protected":false},"excerpt":{"rendered":"<p>Cardeal Orani Jo\u00e3o Tempesta, O. Cist. Arcebispo de S\u00e3o Sebasti\u00e3o do Rio de Janeiro (RJ) \u00a0 Estamos no bel\u00edssimo tempo do Advento! Com ele, vem o momento de revermos aquilo que fizemos durante o ano, coisas boas e aquilo que de certa maneira n\u00e3o foi t\u00e3o bom. Um momento de fazermos um balan\u00e7o da nossa &hellip;<\/p>\n<p class=\"read-more\"> <a class=\"\" href=\"https:\/\/www.cnbb.org.br\/preparemos-os-caminhos-do-senhor\/\"> <span class=\"screen-reader-text\">Preparemos os caminhos do Senhor<\/span> Leia mais &raquo;<\/a><\/p>\n","protected":false},"author":31,"featured_media":0,"comment_status":"closed","ping_status":"open","sticky":false,"template":"","format":"standard","meta":{"site-sidebar-layout":"default","site-content-layout":"default","ast-global-header-display":"","ast-banner-title-visibility":"","ast-main-header-display":"","ast-hfb-above-header-display":"","ast-hfb-below-header-display":"","ast-hfb-mobile-header-display":"","site-post-title":"","ast-breadcrumbs-content":"","ast-featured-img":"","footer-sml-layout":"","theme-transparent-header-meta":"","adv-header-id-meta":"","stick-header-meta":"","header-above-stick-meta":"","header-main-stick-meta":"","header-below-stick-meta":""},"categories":[758],"tags":[],"acf":[],"_links":{"self":[{"href":"https:\/\/www.cnbb.org.br\/cnbb-app\/wp\/v2\/posts\/36282"}],"collection":[{"href":"https:\/\/www.cnbb.org.br\/cnbb-app\/wp\/v2\/posts"}],"about":[{"href":"https:\/\/www.cnbb.org.br\/cnbb-app\/wp\/v2\/types\/post"}],"author":[{"embeddable":true,"href":"https:\/\/www.cnbb.org.br\/cnbb-app\/wp\/v2\/users\/31"}],"replies":[{"embeddable":true,"href":"https:\/\/www.cnbb.org.br\/cnbb-app\/wp\/v2\/comments?post=36282"}],"version-history":[{"count":0,"href":"https:\/\/www.cnbb.org.br\/cnbb-app\/wp\/v2\/posts\/36282\/revisions"}],"wp:attachment":[{"href":"https:\/\/www.cnbb.org.br\/cnbb-app\/wp\/v2\/media?parent=36282"}],"wp:term":[{"taxonomy":"category","embeddable":true,"href":"https:\/\/www.cnbb.org.br\/cnbb-app\/wp\/v2\/categories?post=36282"},{"taxonomy":"post_tag","embeddable":true,"href":"https:\/\/www.cnbb.org.br\/cnbb-app\/wp\/v2\/tags?post=36282"}],"curies":[{"name":"wp","href":"https:\/\/api.w.org\/{rel}","templated":true}]}}