{"id":36356,"date":"2020-01-13T00:00:00","date_gmt":"2020-01-13T03:00:00","guid":{"rendered":"https:\/\/www.cnbb.org.br\/com-nova-formacao-consep-se-encontrou-em-2019-para-fortalecer-a-pastoral-organica\/"},"modified":"2020-01-13T00:00:00","modified_gmt":"2020-01-13T03:00:00","slug":"com-nova-formacao-consep-se-encontrou-em-2019-para-fortalecer-a-pastoral-organica","status":"publish","type":"post","link":"https:\/\/www.cnbb.org.br\/com-nova-formacao-consep-se-encontrou-em-2019-para-fortalecer-a-pastoral-organica\/","title":{"rendered":"Com nova forma\u00e7\u00e3o, CONSEP se encontrou em 2019 para fortalecer a pastoral org\u00e2nica"},"content":{"rendered":"<p style=\"text-align: justify\">Em 2019, o Conselho Pastoral (CONSEP) da Confer\u00eancia Nacional dos Bispos do Brasil (CNBB), ap\u00f3s sua nova forma\u00e7\u00e3o para a gest\u00e3o do quadri\u00eanio 2019-2023, se encontrou em tr\u00eas ocasi\u00f5es nos meses de maio, agosto e setembro. Em junho e novembro aconteceram as reuni\u00f5es do Conselho Permanente.<\/p>\n<p style=\"text-align: justify\">Segundo o estatuto da entidade, cabe ao Conselho, constitu\u00eddo pela presid\u00eancia da CNBB e os bispos que presidem as Comiss\u00f5es Episcopais Pastorais, promover a pastoral org\u00e2nica da Igreja, em \u00e2mbito nacional, e tamb\u00e9m operar como um \u00f3rg\u00e3o executivo das decis\u00f5es pastorais da Assembleia Geral e do Conselho Permanente.<\/p>\n<p>Tamb\u00e9m participam das reuni\u00f5es do Conselho Pastoral os representantes dos chamados Organismos do Povo de Deus \u2013 que representam os presb\u00edteros, di\u00e1conos, os leigos, os religiosos, os institutos seculares, al\u00e9m dos organismos vinculados. Veja a seguir os principais encaminhamentos de cada reuni\u00e3o.<\/p>\n<p style=\"text-align: justify\"><strong>27 a 29 de maio <\/strong><br \/>\nFoi o primeiro encontro do colegiado com a nova forma\u00e7\u00e3o, uma vez que a Presid\u00eancia e os presidentes das Comiss\u00f5es Episcopais Pastorais foram eleitos durante a 57\u00aa Assembleia Geral da entidade, no in\u00edcio deste m\u00eas. Nesta reuni\u00e3o, os bispos analisaram a conjuntura social brasileira, deliberaram sobre o calend\u00e1rio de reuni\u00f5es do ano e encaminharam quest\u00f5es relativas as Campanhas da Fraternidade, ao Plano Quadrienal e as Comiss\u00f5es Episcopais Pastorais.<\/p>\n<p style=\"text-align: justify\">Os bispos tamb\u00e9m aprovaram as \u00faltimas atas da Assembleia Geral. O Conselho Pastoral retomou a discuss\u00e3o sobre as atribui\u00e7\u00f5es das Comiss\u00f5es Pastorais e a proposi\u00e7\u00e3o do n\u00famero de bispos e assessores para cada uma, apresentadas na reuni\u00e3o do Conselho Permanente, em junho.<\/p>\n<p style=\"text-align: justify\"><strong>20 a 21 de agosto<\/strong><br \/>\n<a href=\"https:\/\/www.cnbb.org.br\/com-nova-formacao-consep-se-encontrou-3-vezes-em-2019-para-fortalecer-a-pastoral-organica\/cartaz-cf-2020-3\/\" rel=\"attachment wp-att-231629\"><img decoding=\"async\" loading=\"lazy\" class=\"alignright wp-image-231629 size-medium\" src=\"https:\/\/www.cnbb.org.br\/wp-content\/uploads\/2020\/03\/Cartaz-CF-2020-214x300.png\" alt=\"\" width=\"214\" height=\"300\" \/><\/a>As diretrizes gerais da a\u00e7\u00e3o evangelizadora da Igreja no Brasil para o quadri\u00eanio 2019-2023 estiveram no centro das reflex\u00f5es, debates e encaminhamentos dos participantes do Conselho Episcopal Pastoral da Confer\u00eancia Nacional dos Bispos do Brasil (CNBB) nesta segunda com a nova forma\u00e7\u00e3o.<\/p>\n<p style=\"text-align: justify\">O bispo auxiliar do Rio de Janeiro e secret\u00e1rio-geral da CNBB, dom Joel Portella, aprofundou as ideias centrais das novas diretrizes, como a reflex\u00e3o em torno das comunidades eclesiais mission\u00e1rias. O secret\u00e1rio-geral refor\u00e7ou as ideias que sustentam o modelo das comunidades eclesiais mission\u00e1rias, horizonte a ser buscado segundo as novas diretrizes.<\/p>\n<p style=\"text-align: justify\">As Comiss\u00f5es Episcopais Pastorais da CNBB foram provocadas, pelo secret\u00e1rio-geral, a refletir sobre quais os encaminhamentos pr\u00e1ticos e como adaptar as diretrizes para o seu campo espec\u00edfico de a\u00e7\u00e3o por meio da elabora\u00e7\u00e3o de um plano quadrienal com objetivos, estrat\u00e9gias, prazos e recursos.<\/p>\n<p style=\"text-align: justify\">O cartaz da Campanha da Fraternidade de 2020, cujo tema ser\u00e1 \u201cFraternidade e vida: dom e compromisso\u201d foi aprovado no segundo dia da reuni\u00e3o. Os bispos tamb\u00e9m deliberaram sobre o texto-base e as propostas para a letra do hino da campanha. Novos assessores que estar\u00e3o a servi\u00e7o das 12 Comiss\u00f5es Episcopais Pastorais da Confer\u00eancia Nacional dos Bispos do Brasil se foram apresentados.<\/p>\n<p style=\"text-align: justify\"><strong>17 e 18 de setembro<\/strong><br \/>\nReflex\u00f5es e debates em torno da realiza\u00e7\u00e3o em outubro, no Vaticano, do S\u00ednodo da regi\u00e3o Pan-Amaz\u00f4nica ocuparam parte da pauta do primeiro dia de reuni\u00e3o. Outro assunto que tamb\u00e9m mereceu destaque e sugest\u00f5es dos bispos e assessores que integram o Consep foi o tema da 58\u00ba Assembleia Geral da CNBB a se realizar em 2020. Uma pergunta orientou as reflex\u00f5es do grupo: quais os desafios hoje para que a palavra de Deus seja o fundamento da vida das comunidades eclesiais mission\u00e1rias?<\/p>\n<p style=\"text-align: justify\">Sobre o tema, o arcebispo de Belo Horizonte e presidente da Confer\u00eancia Nacional dos Bispos do Brasil (CNBB), dom Walmor Oliveira de Azevedo, ressaltou que a ideia \u00e9 produzir um documento n\u00e3o muito extenso, mas orienta\u00e7\u00f5es para efetivar a centralidade da B\u00edblia e que aponte para uma verdadeira \u201ccultura\u201d da Palavra de Deus na vida comunit\u00e1ria.<\/p>\n<p style=\"text-align: justify\">As ideias e preocupa\u00e7\u00f5es iniciais para a nova pol\u00edtica de comunica\u00e7\u00e3o da CNBB para o quadri\u00eanio da nova gest\u00e3o tamb\u00e9m foram alvo de debate entre os participantes do Consep. As reflex\u00f5es foram motivadas pela Comiss\u00e3o Episcopal Pastoral para a Comunica\u00e7\u00e3o da Confer\u00eancia Nacional dos Bispos do Brasil por meio de seu presidente, o bispo auxiliar de Belo Horizonte (MG), dom Joaquim Mol, do padre Tiago Silva, assessor da Comiss\u00e3o e de Manuela de Oliveira Castro, nova assessora de Comunica\u00e7\u00e3o da entidade.<\/p>\n","protected":false},"excerpt":{"rendered":"<p>Participam do Conselho a presid\u00eancia da CNBB, os bispos que presidem as Comiss\u00f5es Episcopais e representantes dos Organismos do Povo de Deus<\/p>\n","protected":false},"author":83,"featured_media":35031,"comment_status":"closed","ping_status":"open","sticky":false,"template":"","format":"standard","meta":{"site-sidebar-layout":"default","site-content-layout":"default","ast-global-header-display":"","ast-banner-title-visibility":"","ast-main-header-display":"","ast-hfb-above-header-display":"","ast-hfb-below-header-display":"","ast-hfb-mobile-header-display":"","site-post-title":"","ast-breadcrumbs-content":"","ast-featured-img":"","footer-sml-layout":"","theme-transparent-header-meta":"","adv-header-id-meta":"","stick-header-meta":"","header-above-stick-meta":"","header-main-stick-meta":"","header-below-stick-meta":""},"categories":[824,744],"tags":[1664],"acf":[],"_links":{"self":[{"href":"https:\/\/www.cnbb.org.br\/cnbb-app\/wp\/v2\/posts\/36356"}],"collection":[{"href":"https:\/\/www.cnbb.org.br\/cnbb-app\/wp\/v2\/posts"}],"about":[{"href":"https:\/\/www.cnbb.org.br\/cnbb-app\/wp\/v2\/types\/post"}],"author":[{"embeddable":true,"href":"https:\/\/www.cnbb.org.br\/cnbb-app\/wp\/v2\/users\/83"}],"replies":[{"embeddable":true,"href":"https:\/\/www.cnbb.org.br\/cnbb-app\/wp\/v2\/comments?post=36356"}],"version-history":[{"count":0,"href":"https:\/\/www.cnbb.org.br\/cnbb-app\/wp\/v2\/posts\/36356\/revisions"}],"wp:featuredmedia":[{"embeddable":true,"href":"https:\/\/www.cnbb.org.br\/cnbb-app\/wp\/v2\/media\/35031"}],"wp:attachment":[{"href":"https:\/\/www.cnbb.org.br\/cnbb-app\/wp\/v2\/media?parent=36356"}],"wp:term":[{"taxonomy":"category","embeddable":true,"href":"https:\/\/www.cnbb.org.br\/cnbb-app\/wp\/v2\/categories?post=36356"},{"taxonomy":"post_tag","embeddable":true,"href":"https:\/\/www.cnbb.org.br\/cnbb-app\/wp\/v2\/tags?post=36356"}],"curies":[{"name":"wp","href":"https:\/\/api.w.org\/{rel}","templated":true}]}}