{"id":36370,"date":"2020-01-14T00:00:00","date_gmt":"2020-01-14T03:00:00","guid":{"rendered":"https:\/\/www.cnbb.org.br\/a-paz-e-um-bem-precioso\/"},"modified":"2020-01-14T00:00:00","modified_gmt":"2020-01-14T03:00:00","slug":"a-paz-e-um-bem-precioso","status":"publish","type":"post","link":"https:\/\/www.cnbb.org.br\/a-paz-e-um-bem-precioso\/","title":{"rendered":"A paz \u00e9 um bem precioso\u00a0"},"content":{"rendered":"<p style=\"text-align: right\"><b><span data-contrast=\"auto\">Dom\u00a0Edney\u00a0Gouv\u00eaa Mattoso,<\/span><\/b><br \/>\n<b><span data-contrast=\"auto\">Bispo de Nova Friburgo<\/span><\/b><span data-ccp-props=\"{&quot;335551550&quot;:3,&quot;335551620&quot;:3,&quot;335559739&quot;:240}\">\u00a0<\/span><\/p>\n<p style=\"text-align: justify\">\n<p style=\"text-align: justify\"><span data-contrast=\"auto\">Caros amigos,\u00a0<\/span><span data-contrast=\"auto\">estamos vivendo momentos de tens\u00e3o mundial com os conflitos entre pa\u00edses de grande for\u00e7a b\u00e9lica. O Papa Francisco em sua mensagem para o 53\u00ba Dia Mundial da Paz nos fez recordar que \u201c<\/span><span data-contrast=\"auto\">A paz \u00e9 um bem precioso, objeto da nossa esperan\u00e7a<\/span><span data-contrast=\"auto\">\u201d (n. 1)<\/span><span data-contrast=\"auto\">.\u00a0<\/span><span data-contrast=\"auto\">\u00a0<\/span><span data-ccp-props=\"{&quot;335551550&quot;:6,&quot;335551620&quot;:6,&quot;335559739&quot;:240}\">\u00a0<\/span><\/p>\n<p style=\"text-align: justify\"><span data-contrast=\"auto\">Olhando para a atual realidade, \u00e9 preciso assumir que todos somos respons\u00e1veis pela constru\u00e7\u00e3o de um mundo pac\u00edfico e fraterno. Neste sentido, vale lembrar que\u00a0<\/span><span data-contrast=\"auto\">a boa conviv\u00eancia \u00e9 parte essencial de nossa voca\u00e7\u00e3o crist\u00e3. Sua fonte \u00e9 a perfeita comunh\u00e3o das Pessoas da Sant\u00edssima Trindade e sua finalidade \u00e9 a reconcilia\u00e7\u00e3o de todos os cora\u00e7\u00f5es em Cristo, base daquela civiliza\u00e7\u00e3o do amor que todos queremos.<\/span><span data-ccp-props=\"{&quot;335551550&quot;:6,&quot;335551620&quot;:6,&quot;335559739&quot;:240}\">\u00a0<\/span><\/p>\n<p style=\"text-align: justify\"><span data-contrast=\"auto\">A<\/span><span data-contrast=\"auto\">\u00a0uni\u00e3o com Deus \u00e9 causa de conc\u00f3rdia entre as pessoas,\u00a0<\/span><span data-contrast=\"auto\">e\u00a0<\/span><span data-contrast=\"auto\">sua nega\u00e7\u00e3o provoca\u00a0<\/span><span data-contrast=\"auto\">a divis\u00e3o e a intoler\u00e2ncia<\/span><span data-contrast=\"auto\">\u00a0entre os semelhantes.\u00a0<\/span><span data-contrast=\"auto\">Somos\u00a0<\/span><span data-contrast=\"auto\">concord<\/span><span data-contrast=\"auto\">e<\/span><span data-contrast=\"auto\">s que queremos viver em harmonia com todos. Entretanto, n\u00e3o \u00e9 raro perceber que tamb\u00e9m cultivamos sentimentos e a\u00e7\u00f5es que n\u00e3o combinam com este ideal.<\/span><span data-ccp-props=\"{&quot;335551550&quot;:6,&quot;335551620&quot;:6,&quot;335559739&quot;:240}\">\u00a0<\/span><\/p>\n<p style=\"text-align: justify\"><span data-contrast=\"auto\">A Palavra de Deus exorta:\u00a0<\/span><i><span data-contrast=\"auto\">\u201cProcurai a paz com todos e a santidade, sem a qual ningu\u00e9m ver\u00e1 o Senhor\u201d<\/span><\/i><span data-contrast=\"auto\">\u00a0(Hb\u00a012,14) e\u00a0<\/span><i><span data-contrast=\"auto\">\u201cmantende um bom entendimento uns com os outros\u201d<\/span><\/i><span data-contrast=\"auto\">\u00a0(Rm\u00a012, 16). Quando n\u00e3o enxergamos o pr\u00f3ximo sob a perspectiva de Deus, mas pelas \u201clentes<\/span><span data-contrast=\"auto\">\u201d de nossos pr\u00f3prios interesses, ferimos esta paz.<\/span><span data-ccp-props=\"{&quot;335551550&quot;:6,&quot;335551620&quot;:6,&quot;335559739&quot;:240}\">\u00a0<\/span><\/p>\n<p style=\"text-align: justify\"><span data-contrast=\"auto\">S\u00e3o Jo\u00e3o Paulo II procurou elencar alguns elementos em sua Exorta\u00e7\u00e3o sobre a Reconcilia\u00e7\u00e3o e a Penit\u00eancia na Miss\u00e3o da Igreja hoje:\u00a0<\/span><i><span data-contrast=\"auto\">\u201cAo indagar sobre os elementos geradores de divis\u00e3o, observadores atentos apontam os mais variados: desde a crescente disparidade entre grupos, classes sociais e pa\u00edses, aos antagonismos ideol\u00f3gicos,\u00a0<\/span><\/i><i><span data-contrast=\"auto\">ainda n\u00e3o<\/span><\/i><i><span data-contrast=\"auto\">\u00a0extintos; desde a contraposi\u00e7\u00e3o dos interesses econ\u00f4micos \u00e0s polariza\u00e7\u00f5es pol\u00edticas; desde as diverg\u00eancias tribais \u00e0s discrimina\u00e7\u00f5es por motivos sociorreligiosos\u201d<\/span><\/i><span data-contrast=\"auto\">\u00a0(<\/span><i><span data-contrast=\"auto\">Reconciliatio\u00a0et\u00a0Paenitentia<\/span><\/i><span data-contrast=\"auto\">, 2).<\/span><span data-ccp-props=\"{&quot;335551550&quot;:6,&quot;335551620&quot;:6,&quot;335559739&quot;:240}\">\u00a0<\/span><\/p>\n<p style=\"text-align: justify\"><span data-contrast=\"auto\">\u00c9 sempre dif\u00edcil conviver com as diferen\u00e7as e, no entanto, este \u00e9 nosso ambiente natural. Portanto, a paz com o<\/span><span data-contrast=\"auto\">s<\/span><span data-contrast=\"auto\">\u00a0vizinho<\/span><span data-contrast=\"auto\">s,<\/span><span data-contrast=\"auto\">\u00a0com o<\/span><span data-contrast=\"auto\">s<\/span><span data-contrast=\"auto\">\u00a0amigo<\/span><span data-contrast=\"auto\">s e, sobretudo, na fam\u00edlia<\/span><span data-contrast=\"auto\">\u00a0n\u00e3o \u00e9 puramente resultado dos elementos convergentes de nossos ideais e comportamentos, mas do m\u00fatuo entendimento, da toler\u00e2ncia e do amor rec\u00edproco. Em suma, a conc\u00f3rdia fraterna \u00e9 sempre um esfor\u00e7o, uma meta, uma miss\u00e3o!<\/span><span data-ccp-props=\"{&quot;335551550&quot;:6,&quot;335551620&quot;:6,&quot;335559739&quot;:240}\">\u00a0<\/span><\/p>\n<p style=\"text-align: justify\"><span data-contrast=\"auto\">Somos\u00a0<\/span><span data-contrast=\"auto\">chamados<\/span><span data-contrast=\"auto\">\u00a0a promover a paz! Como nos ensina nosso\u00a0<\/span><span data-contrast=\"auto\">Senhor<\/span><span data-contrast=\"auto\">:\u00a0<\/span><i><span data-contrast=\"auto\">\u201cFelizes os que promovem a paz, porque ser\u00e3o chamados filhos de Deus\u201d\u00a0<\/span><\/i><span data-contrast=\"auto\">(Mt\u00a05, 9) e ainda<\/span><i><span data-contrast=\"auto\">: \u201cDeixo-vos a paz, dou-vos a minha paz. N\u00e3o \u00e9 a maneira do mundo que eu a dou\u201d<\/span><\/i><span data-contrast=\"auto\">\u00a0(Jo\u00a014, 27). A verdadeira paz tem sua raiz na comunh\u00e3o da Trindade Divina. Por isso, precisamos tamb\u00e9m dizer que n\u00e3o \u00e9 poss\u00edvel a aut\u00eantica comunh\u00e3o fora da\u00a0<\/span><span data-contrast=\"auto\">justi\u00e7a<\/span><span data-contrast=\"auto\">\u00a0e da verdade.<\/span><span data-ccp-props=\"{&quot;335551550&quot;:6,&quot;335551620&quot;:6,&quot;335559739&quot;:240}\">\u00a0<\/span><\/p>\n<p style=\"text-align: justify\"><span data-contrast=\"auto\">C<\/span><span data-contrast=\"auto\">omo a vida em comunh\u00e3o parece ser um ideal querido no cora\u00e7\u00e3o<\/span><span data-contrast=\"auto\">, e<\/span><span data-contrast=\"auto\">, muitas vezes, negado nas a\u00e7\u00f5es, tamb\u00e9m a veracidade sofre semelhante contradi\u00e7\u00e3o. Ningu\u00e9m gosta de ser enganado, contudo, \u00e9 comum a mentira aparecer como escudo dos interesses particulares. Um escudo fr\u00e1gil e ineficaz,\u00a0por\u00e9m\u00a0muito utilizado.<\/span><span data-ccp-props=\"{&quot;335551550&quot;:6,&quot;335551620&quot;:6,&quot;335559739&quot;:240}\">\u00a0<\/span><\/p>\n<p style=\"text-align: justify\"><span data-contrast=\"auto\">A paz advinda do engano n\u00e3o durar\u00e1 para sempre. Somente ser\u00e1 perene aquela fundamentada na fortaleza de dizer, procurar e viver a verdade. Por isso, promover uma \u201cpaz de apar\u00eancias\u201d n\u00e3o \u00e9 virtude, \u00e9 v\u00edcio! O verdadeiro pac\u00edfico \u00e9 aquele que se deixa vencer pela verdade, que a procura em seu caminho e a encontra no Senhor, mesmo que \u00e0 custa de uma radical mudan\u00e7a de vida.<\/span><span data-ccp-props=\"{&quot;335551550&quot;:6,&quot;335551620&quot;:6,&quot;335559739&quot;:240}\">\u00a0<\/span><\/p>\n<p style=\"text-align: justify\"><span data-contrast=\"auto\">Desejo que todos procurem<\/span><span data-contrast=\"auto\">os<\/span><span data-contrast=\"auto\">\u00a0a\u00a0<\/span><span data-contrast=\"auto\">V<\/span><span data-contrast=\"auto\">erdade para que assim vivam<\/span><span data-contrast=\"auto\">os<\/span><span data-contrast=\"auto\">\u00a0em paz\u00a0<\/span><span data-contrast=\"auto\">com\u00a0<\/span><span data-contrast=\"auto\">todos<\/span><span data-contrast=\"auto\">!<\/span><span data-ccp-props=\"{&quot;335551550&quot;:6,&quot;335551620&quot;:6,&quot;335559739&quot;:240}\">\u00a0<\/span><\/p>\n<p>&nbsp;<\/p>\n","protected":false},"excerpt":{"rendered":"<p>Dom\u00a0Edney\u00a0Gouv\u00eaa Mattoso, Bispo de Nova Friburgo\u00a0 Caros amigos,\u00a0estamos vivendo momentos de tens\u00e3o mundial com os conflitos entre pa\u00edses de grande for\u00e7a b\u00e9lica. O Papa Francisco em sua mensagem para o 53\u00ba Dia Mundial da Paz nos fez recordar que \u201cA paz \u00e9 um bem precioso, objeto da nossa esperan\u00e7a\u201d (n. 1).\u00a0\u00a0\u00a0 Olhando para a atual &hellip;<\/p>\n<p class=\"read-more\"> <a class=\"\" href=\"https:\/\/www.cnbb.org.br\/a-paz-e-um-bem-precioso\/\"> <span class=\"screen-reader-text\">A paz \u00e9 um bem precioso\u00a0<\/span> Leia mais &raquo;<\/a><\/p>\n","protected":false},"author":10,"featured_media":0,"comment_status":"closed","ping_status":"open","sticky":false,"template":"","format":"standard","meta":{"site-sidebar-layout":"default","site-content-layout":"default","ast-global-header-display":"","ast-banner-title-visibility":"","ast-main-header-display":"","ast-hfb-above-header-display":"","ast-hfb-below-header-display":"","ast-hfb-mobile-header-display":"","site-post-title":"","ast-breadcrumbs-content":"","ast-featured-img":"","footer-sml-layout":"","theme-transparent-header-meta":"","adv-header-id-meta":"","stick-header-meta":"","header-above-stick-meta":"","header-main-stick-meta":"","header-below-stick-meta":""},"categories":[758],"tags":[],"acf":[],"_links":{"self":[{"href":"https:\/\/www.cnbb.org.br\/cnbb-app\/wp\/v2\/posts\/36370"}],"collection":[{"href":"https:\/\/www.cnbb.org.br\/cnbb-app\/wp\/v2\/posts"}],"about":[{"href":"https:\/\/www.cnbb.org.br\/cnbb-app\/wp\/v2\/types\/post"}],"author":[{"embeddable":true,"href":"https:\/\/www.cnbb.org.br\/cnbb-app\/wp\/v2\/users\/10"}],"replies":[{"embeddable":true,"href":"https:\/\/www.cnbb.org.br\/cnbb-app\/wp\/v2\/comments?post=36370"}],"version-history":[{"count":0,"href":"https:\/\/www.cnbb.org.br\/cnbb-app\/wp\/v2\/posts\/36370\/revisions"}],"wp:attachment":[{"href":"https:\/\/www.cnbb.org.br\/cnbb-app\/wp\/v2\/media?parent=36370"}],"wp:term":[{"taxonomy":"category","embeddable":true,"href":"https:\/\/www.cnbb.org.br\/cnbb-app\/wp\/v2\/categories?post=36370"},{"taxonomy":"post_tag","embeddable":true,"href":"https:\/\/www.cnbb.org.br\/cnbb-app\/wp\/v2\/tags?post=36370"}],"curies":[{"name":"wp","href":"https:\/\/api.w.org\/{rel}","templated":true}]}}