{"id":36393,"date":"2020-01-15T00:00:00","date_gmt":"2020-01-15T03:00:00","guid":{"rendered":"https:\/\/www.cnbb.org.br\/eu-vi-e-dou-testemunho-este-e-o-filho-de-deus\/"},"modified":"2020-01-15T00:00:00","modified_gmt":"2020-01-15T03:00:00","slug":"eu-vi-e-dou-testemunho-este-e-o-filho-de-deus","status":"publish","type":"post","link":"https:\/\/www.cnbb.org.br\/eu-vi-e-dou-testemunho-este-e-o-filho-de-deus\/","title":{"rendered":"Eu vi e dou testemunho: este \u00e9 o filho de Deus!"},"content":{"rendered":"<p style=\"text-align: right\"><strong>Dom Alberto Taveira Corr\u00eaa\u00a0<\/strong><br \/>\n<strong>Arcebispo de Bel\u00e9m do Par\u00e1\u00a0<\/strong><\/p>\n<p><span data-ccp-props=\"{&quot;201341983&quot;:0,&quot;335559739&quot;:160,&quot;335559740&quot;:240}\">\u00a0<\/span><\/p>\n<p style=\"text-align: justify\"><span data-contrast=\"none\">Jo\u00e3o Batista apontou para a presen\u00e7a de Jesus: \u201cEis o Cordeiro de Deus, que tira o pecado do mundo\u201d (Jo 1,<\/span><span data-contrast=\"none\">\u00a0<\/span><span data-contrast=\"none\">29). Aquele que \u00e9 a luz para as na\u00e7\u00f5es,\u00a0<\/span><span data-contrast=\"none\">e<\/span><span data-contrast=\"none\">m quem a salva\u00e7\u00e3o chega aos confins da terra (Cf. Is 49,3-6) chegou ao nosso meio. Recebendo e reconhecendo sua presen\u00e7a, aquele que foi visitado por pastores e homens do long\u00ednquo oriente, ou que iniciou sua miss\u00e3o ao ser proclamado Filho Amado do Pai, e sobre quem o Esp\u00edrito repousou,\u00a0<\/span><span data-contrast=\"none\">o mesmo que se manifestou nas Bodas de Can\u00e1,\u00a0<\/span><span data-contrast=\"none\">est\u00e1 no meio de n\u00f3s. E a Igreja repete a cada Eucaristia: \u201cEis o Cordeiro de Deus, que tira o pecado do mundo! Faz parte de nossa convic\u00e7\u00e3o de f\u00e9 a certeza de que o pecado do mundo ou as artimanhas do maligno n\u00e3o t\u00eam a \u00faltima palavra. O pecado do mundo \u00e9 tirado e ser\u00e1 tirado sempre!<\/span><span data-ccp-props=\"{&quot;201341983&quot;:0,&quot;335551550&quot;:6,&quot;335551620&quot;:6,&quot;335559739&quot;:160,&quot;335559740&quot;:276}\">\u00a0<\/span><\/p>\n<p style=\"text-align: justify\"><span data-contrast=\"none\">Jo\u00e3o Batista, marcado desde o ventre de sua m\u00e3e pela presen\u00e7a do Salvador, veio para preparar o caminho e suscitar a convers\u00e3o, a fim de que aquele que batiza com o Esp\u00edrito Santo (Cf. Jo 1,<\/span><span data-contrast=\"none\">\u00a0<\/span><span data-contrast=\"none\">33) seja acolhido e transforme radicalmente a vida da humanidade.\u00a0<\/span><span data-contrast=\"none\">Ele d\u00e1 testemun<\/span><span data-contrast=\"none\">ho<\/span><span data-contrast=\"none\">, e sabemos que \u00e9 verdadeiro este testemunho, apontando para Jesus, e n\u00f3s corremos a ele!\u00a0<\/span><span data-contrast=\"none\">Pouco depois, no di\u00e1logo de Jesus com Nicodemos, aquele \u201cadorador noturno\u201d que vai visitar Jesus, uma palavra provocante ressoa e continua a se espalhar pelo mundo, at\u00e9 \u00e0 volta do Senhor:<\/span><span data-contrast=\"none\">\u00a0\u201cS<\/span><span data-contrast=\"none\">e algu\u00e9m n\u00e3o nascer da \u00e1gua e do Esp\u00edrito, n\u00e3o poder\u00e1 entrar no Reino de Deus\u201d (Jo 3,<\/span><span data-contrast=\"none\">\u00a0<\/span><span data-contrast=\"none\">5).<\/span><span data-contrast=\"none\">\u00a0No Batismo crist\u00e3o nascemos para uma vida nova e somos recebidos no Reino de Deus. Consequ\u00eancia ser\u00e1 a nossa vida renovada no Esp\u00edrito, com crit\u00e9rios diferentes, vida segundo o Evangelho, zelo mission\u00e1rio.<\/span><span data-ccp-props=\"{&quot;201341983&quot;:0,&quot;335551550&quot;:6,&quot;335551620&quot;:6,&quot;335559739&quot;:160,&quot;335559740&quot;:276}\">\u00a0<\/span><\/p>\n<p style=\"text-align: justify\"><span data-contrast=\"none\">Neste per\u00edodo em que nossa Igreja quer suas portas abertas para acolher a todos, especialmente os mais distantes, nasce a responsabilidade de acolher o testemunho de Jo\u00e3o Batista e unir-nos a ele, recolhendo tamb\u00e9m a imensa quantidade de testemunhos dados por irm\u00e3os e irm\u00e3s que fazem parte de nossas Par\u00f3quias e Comunidades. Sugerimos que as Par\u00f3quias encontrem a forma adequada para recolher, valorizar e fazer circular experi\u00eancias positivas de viv\u00eancia do Evangelho.\u00a0<\/span><span data-ccp-props=\"{&quot;201341983&quot;:0,&quot;335551550&quot;:6,&quot;335551620&quot;:6,&quot;335559739&quot;:160,&quot;335559740&quot;:276}\">\u00a0<\/span><\/p>\n<p style=\"text-align: justify\"><span data-contrast=\"none\">O\u00a0<\/span><span data-contrast=\"none\">Documento Final do S\u00edn<\/span><span data-contrast=\"none\">o<\/span><span data-contrast=\"none\">do para a Pan-Amaz\u00f4nia nos provoca outros passos, a fim que anunciemos a todos os povos e na\u00e7\u00f5es, at\u00e9 os confins da terra, a Boa Nova Nova do Evangelho:\u00a0<\/span><span data-contrast=\"none\">\u201cUma Igreja mission\u00e1ria em sa\u00edda exige de n\u00f3s uma convers\u00e3o pastoral. Para a Amaz\u00f4nia esse caminhar significa tamb\u00e9m\u00a0<\/span><span data-contrast=\"none\">\u2018<\/span><span data-contrast=\"none\">navegar<\/span><span data-contrast=\"none\">\u2019<\/span><span data-contrast=\"none\">, atrav\u00e9s de nossos rios, nossos lagos, entre nosso povo. Na Amaz\u00f4nia, a \u00e1gua nos une, n\u00e3o nos separa. Nossa convers\u00e3o pastoral ser\u00e1 samaritana, em di\u00e1logo, acompanhando pessoas com rostos concretos de ind\u00edgenas, de camponeses, de quilombolas, de migrantes, de jovens e de habitantes das cidades. Tudo isso envolver\u00e1 uma espiritualidade de escuta e de an\u00fancio. A Igreja, por natureza, \u00e9 mission\u00e1ria e tem a sua origem no\u00a0<\/span><span data-contrast=\"none\">\u2018<\/span><span data-contrast=\"none\">amor fontal de\u00a0<\/span><span data-contrast=\"none\">Deus<\/span><span data-contrast=\"none\">\u2019<\/span><span data-contrast=\"none\">\u00a0(<\/span><span data-contrast=\"none\">Conc\u00edlio Vaticano II,\u00a0<\/span><span data-contrast=\"none\">A<\/span><span data-contrast=\"none\">d\u00a0<\/span><span data-contrast=\"none\">G<\/span><span data-contrast=\"none\">entes<\/span><span data-contrast=\"none\">\u202f2). O dinamismo mission\u00e1rio que brota do amor de Deus se irradia, expande, transborda e se espalha em todo universo. Somos inseridos pelo batismo na din\u00e2mica do amor atrav\u00e9s do encontro com Jesus, que d\u00e1 um novo horizonte \u00e0 vida (<\/span><span data-contrast=\"none\">C<\/span><span data-contrast=\"none\">f.\u202f<\/span><span data-contrast=\"none\">D<\/span><span data-contrast=\"none\">ocumento de\u00a0<\/span><span data-contrast=\"none\">Ap<\/span><span data-contrast=\"none\">arecida<\/span><span data-contrast=\"none\">\u202f12). Este transbordamento impele a Igreja \u00e0 convers\u00e3o pastoral e nos transforma em comunidades vivas, trabalhando em equipes e redes a servi\u00e7o da evangeliza\u00e7\u00e3o. A miss\u00e3o assim entendida n\u00e3o \u00e9 algo opcional, uma atividade da Igreja entre outras, mas sua pr\u00f3pria natureza. A Igreja \u00e9 miss\u00e3o! \u201cA atividade mission\u00e1ria ainda hoje representa\u202f<\/span><span data-contrast=\"none\">o m\u00e1ximo desafio<\/span><span data-contrast=\"none\">\u202fpara a Igreja\u201d (<\/span><span data-contrast=\"none\">E<\/span><span data-contrast=\"none\">vangelii\u00a0<\/span><span data-contrast=\"none\">G<\/span><span data-contrast=\"none\">audium<\/span><span data-contrast=\"none\">\u202f15). Ser um disc\u00edpulo mission\u00e1rio \u00e9 mais do que apenas cumprir tarefas ou fazer coisas. Est\u00e1 situad<\/span><span data-contrast=\"none\">o<\/span><span data-contrast=\"none\">\u00a0na ordem do ser.\u00a0<\/span><span data-contrast=\"none\">\u201c<\/span><span data-contrast=\"none\">Jesus nos indicou, a n\u00f3s seus disc\u00edpulos, que a nossa miss\u00e3o no mundo n\u00e3o pode ser est\u00e1tica, mas \u00e9\u202f<\/span><span data-contrast=\"none\">itinerante<\/span><span data-contrast=\"none\">. O\u00a0<\/span><span data-contrast=\"none\">crist\u00e3o \u00e9 um itinerante<\/span><span data-contrast=\"none\">!<\/span><span data-contrast=\"none\">\u201d<\/span><span data-contrast=\"none\">\u00a0(Francisco,\u202f<\/span><span data-contrast=\"none\">Angelus<\/span><span data-contrast=\"none\">, 30.06.2019). Queremos ser uma Igreja amaz\u00f4nica, samaritana, encarnada no modo como o Filho de Deus se encarnou:\u00a0<\/span><span data-contrast=\"none\">\u2018<\/span><span data-contrast=\"none\">assumiu as nossas dores e carregou as nossas enfermidades<\/span><span data-contrast=\"none\">\u2019<\/span><span data-contrast=\"none\">\u00a0<\/span><span data-contrast=\"none\">(<\/span><span data-contrast=\"none\">Mt<\/span><span data-contrast=\"none\">\u202f8, 17). Aquele que se fez pobre para nos enriquecer com a sua pobreza (<\/span><span data-contrast=\"none\">C<\/span><span data-contrast=\"none\">f.\u202f<\/span><span data-contrast=\"none\">2 Cor<\/span><span data-contrast=\"none\">\u202f8, 9), por meio do seu Esp\u00edrito, exorta os disc\u00edpulos mission\u00e1rios de hoje a sa\u00edrem ao encontro de todos, especialmente dos povos origin\u00e1rios, dos pobres, dos exclu\u00eddos da sociedade e dos outros. Desejamos tamb\u00e9m uma Igreja madalena, que se sinta amada e reconciliada, que anuncie com alegria e convic\u00e7\u00e3o Cristo crucificado e ressuscitado. Uma Igreja mariana que gera filhos para a f\u00e9 e os educa com afeto e paci\u00eancia, aprendendo tamb\u00e9m com as riquezas dos povos. Queremos ser uma Igreja servidora,\u00a0<\/span><span data-contrast=\"none\">qu<\/span><span data-contrast=\"none\">erigm\u00e1tica, educadora, inculturada, no meio dos povos que servimos<\/span><span data-contrast=\"none\">\u201d<\/span><span data-contrast=\"none\">\u00a0(Documento final do S\u00edn<\/span><span data-contrast=\"none\">o<\/span><span data-contrast=\"none\">do para a Pan-Amaz\u00f4nia, n<\/span><span data-contrast=\"none\">\u00fa<\/span><span data-contrast=\"none\">meros 20-22)<\/span><span data-contrast=\"none\">.<\/span><span data-ccp-props=\"{&quot;201341983&quot;:0,&quot;335551550&quot;:6,&quot;335551620&quot;:6,&quot;335559731&quot;:708,&quot;335559739&quot;:160,&quot;335559740&quot;:276}\">\u00a0<\/span><\/p>\n<p style=\"text-align: justify\"><span data-contrast=\"none\">Para que nossa Igreja d\u00ea tais passos, valem alguns apelos! Nossas Comunidades de Igreja est\u00e3o suscitando o seguimento de Jesus Cristo e possibilitando que o testemunho dado chegue a todos? Ao participarem de nossa vida paroquial, as pessoas, especialmente as que chegam das periferias existenciais ou geogr\u00e1ficas, encontram setas que apontem para Jesus Cristo, como aquele que tira o pecado do mundo? Somos sinais de esperan\u00e7a para os mais fr\u00e1geis e pecadores?\u00a0<\/span><span data-ccp-props=\"{&quot;201341983&quot;:0,&quot;335551550&quot;:6,&quot;335551620&quot;:6,&quot;335559731&quot;:708,&quot;335559739&quot;:160,&quot;335559740&quot;:276}\">\u00a0<\/span><\/p>\n<p style=\"text-align: justify\"><span data-contrast=\"none\">Jo\u00e3o Batista ilumina, com seu testemunho, para onde podemos\u00a0<\/span><span data-contrast=\"none\">caminhar<\/span><span data-contrast=\"none\">, confessando nossa f\u00e9 em Jesus Cristo: \u201c<\/span><span data-contrast=\"none\">As multid\u00f5es lhe perguntavam: \u2018Que devemos fazer?\u2019 Jo\u00e3o respondia: \u2018Quem tiver duas t\u00fanicas, d\u00ea uma a quem n\u00e3o tem; e quem tiver comida, fa\u00e7a o mesmo!<\/span><span data-contrast=\"none\">\u2019\u00a0<\/span><span data-contrast=\"none\">At\u00e9 alguns publicanos foram para o batismo e perguntaram:\u00a0<\/span><span data-contrast=\"none\">\u2018<\/span><span data-contrast=\"none\">Mestre, que devemos fazer?<\/span><span data-contrast=\"none\">\u2019<\/span><span data-contrast=\"none\">\u00a0Ele respondeu:\u00a0<\/span><span data-contrast=\"none\">\u2018<\/span><span data-contrast=\"none\">N\u00e3o cobreis nada mais do que foi estabelecido<\/span><span data-contrast=\"none\">\u2019.<\/span><span data-contrast=\"none\">\u00a0Alguns soldados tamb\u00e9m lhe perguntaram:\u00a0<\/span><span data-contrast=\"none\">\u2018<\/span><span data-contrast=\"none\">E n\u00f3s, que devemos fazer?<\/span><span data-contrast=\"none\">\u2019<\/span><span data-contrast=\"none\">\u00a0Jo\u00e3o respondeu:\u00a0<\/span><span data-contrast=\"none\">\u2018<\/span><span data-contrast=\"none\">N\u00e3o maltrateis a ningu\u00e9m; n\u00e3o fa\u00e7ais den\u00fancias falsas e contentai-vos com o vosso soldo<\/span><span data-contrast=\"none\">\u2019<\/span><span data-contrast=\"none\">. Como o povo estivesse na expectativa, todos se perguntavam interiormente se Jo\u00e3o era ou n\u00e3o o Cristo, e ele respondia a todos:\u00a0<\/span><span data-contrast=\"none\">\u2018<\/span><span data-contrast=\"none\">Eu vos batizo com \u00e1gua, mas vir\u00e1 aquele que \u00e9 mais forte do que eu. Eu n\u00e3o sou digno de desatar a correia das suas sand\u00e1lias. Ele vos batizar\u00e1 com o Esp\u00edrito Santo e com fogo<\/span><span data-contrast=\"none\">\u2019\u201d<\/span><span data-contrast=\"none\">\u00a0(Lc 3,10-16).<\/span><span data-contrast=\"none\">\u00a0N\u00e3o se trata de dedo em riste para acusar-nos, mas um sinal que provoca e suscita a mudan\u00e7a de vida!<\/span><span data-ccp-props=\"{&quot;201341983&quot;:0,&quot;335551550&quot;:6,&quot;335551620&quot;:6,&quot;335559731&quot;:708,&quot;335559739&quot;:160,&quot;335559740&quot;:276}\">\u00a0<\/span><\/p>\n","protected":false},"excerpt":{"rendered":"<p>Dom Alberto Taveira Corr\u00eaa\u00a0 Arcebispo de Bel\u00e9m do Par\u00e1\u00a0 \u00a0 Jo\u00e3o Batista apontou para a presen\u00e7a de Jesus: \u201cEis o Cordeiro de Deus, que tira o pecado do mundo\u201d (Jo 1,\u00a029). Aquele que \u00e9 a luz para as na\u00e7\u00f5es,\u00a0em quem a salva\u00e7\u00e3o chega aos confins da terra (Cf. Is 49,3-6) chegou ao nosso meio. Recebendo &hellip;<\/p>\n<p class=\"read-more\"> <a class=\"\" href=\"https:\/\/www.cnbb.org.br\/eu-vi-e-dou-testemunho-este-e-o-filho-de-deus\/\"> <span class=\"screen-reader-text\">Eu vi e dou testemunho: este \u00e9 o filho de Deus!<\/span> Leia mais &raquo;<\/a><\/p>\n","protected":false},"author":21,"featured_media":0,"comment_status":"closed","ping_status":"open","sticky":false,"template":"","format":"standard","meta":{"site-sidebar-layout":"default","site-content-layout":"default","ast-global-header-display":"","ast-banner-title-visibility":"","ast-main-header-display":"","ast-hfb-above-header-display":"","ast-hfb-below-header-display":"","ast-hfb-mobile-header-display":"","site-post-title":"","ast-breadcrumbs-content":"","ast-featured-img":"","footer-sml-layout":"","theme-transparent-header-meta":"","adv-header-id-meta":"","stick-header-meta":"","header-above-stick-meta":"","header-main-stick-meta":"","header-below-stick-meta":""},"categories":[758],"tags":[],"acf":[],"_links":{"self":[{"href":"https:\/\/www.cnbb.org.br\/cnbb-app\/wp\/v2\/posts\/36393"}],"collection":[{"href":"https:\/\/www.cnbb.org.br\/cnbb-app\/wp\/v2\/posts"}],"about":[{"href":"https:\/\/www.cnbb.org.br\/cnbb-app\/wp\/v2\/types\/post"}],"author":[{"embeddable":true,"href":"https:\/\/www.cnbb.org.br\/cnbb-app\/wp\/v2\/users\/21"}],"replies":[{"embeddable":true,"href":"https:\/\/www.cnbb.org.br\/cnbb-app\/wp\/v2\/comments?post=36393"}],"version-history":[{"count":0,"href":"https:\/\/www.cnbb.org.br\/cnbb-app\/wp\/v2\/posts\/36393\/revisions"}],"wp:attachment":[{"href":"https:\/\/www.cnbb.org.br\/cnbb-app\/wp\/v2\/media?parent=36393"}],"wp:term":[{"taxonomy":"category","embeddable":true,"href":"https:\/\/www.cnbb.org.br\/cnbb-app\/wp\/v2\/categories?post=36393"},{"taxonomy":"post_tag","embeddable":true,"href":"https:\/\/www.cnbb.org.br\/cnbb-app\/wp\/v2\/tags?post=36393"}],"curies":[{"name":"wp","href":"https:\/\/api.w.org\/{rel}","templated":true}]}}