{"id":36422,"date":"2020-01-17T00:00:00","date_gmt":"2020-01-17T03:00:00","guid":{"rendered":"https:\/\/www.cnbb.org.br\/dom-rodolfo-weber-70-anos-catedral\/"},"modified":"2020-01-17T00:00:00","modified_gmt":"2020-01-17T03:00:00","slug":"dom-rodolfo-weber-70-anos-catedral","status":"publish","type":"post","link":"https:\/\/www.cnbb.org.br\/dom-rodolfo-weber-70-anos-catedral\/","title":{"rendered":"70 anos da Catedral"},"content":{"rendered":"<p style=\"text-align: right\"><strong>Dom Rodolfo Lu\u00eds Weber<\/strong><br \/>\n<strong>Arcebispo de Passo Fundo<\/strong><\/p>\n<p>&nbsp;<\/p>\n<p style=\"text-align: justify\">No dia 20 de janeiro de 1950 foi criada a Par\u00f3quia Nossa Senhora Aparecida. No ano seguinte, em 22 de julho de 1951 foi instalada a Diocese de Passo Fundo e a igreja Nossa Senhora Aparecida tornou-se a Catedral da nova diocese. A partir desta data, a hist\u00f3ria da Par\u00f3quia da Catedral passa a confundir-se com a hist\u00f3ria da diocese. O que \u00e9 uma Catedral?<\/p>\n<p style=\"text-align: justify\">O cerimonial dos Bispos define assim a igreja catedral: \u201c\u00c9 aquela em que est\u00e1 a c\u00e1tedra do Bispo, sinal do magist\u00e9rio e do poder do pastor da Igreja particular, bem como sinal da unidade dos crentes naquela f\u00e9 que o Bispo anuncia como pastor do rebanho. (&#8230;) Depois, deve considerar-se como imagem figurativa da Igreja vis\u00edvel de Cristo (&#8230;). Neste sentido, a igreja catedral deve ser considerada como o centro da vida lit\u00fargica da diocese\u201d.<\/p>\n<p style=\"text-align: justify\">A palavra catedral deriva da palavra latina <em>cathedra<\/em>, isto \u00e9 cadeira. Neste sentido a catedral \u00e9 a sede, o centro da diocese a partir do qual o bispo exerce seu minist\u00e9rio. O primeiro minist\u00e9rio do bispo \u00e9 o magist\u00e9rio, \u00e9 a prega\u00e7\u00e3o da Palavra de Deus. Recorda o que Jesus Cristo fazia prioritariamente que era de ensinar. As pessoas aderem a Jesus Cristo, s\u00e3o despertadas e amadurecidas na f\u00e9 e depois se vinculam \u00e0 Igreja porque foram ensinadas. Uma f\u00e9 aut\u00eantica fundamenta-se no uso da raz\u00e3o e na compreens\u00e3o do que se cr\u00ea. Diante desta responsabilidade que o bispo tem de ensinar, explicar e aprofundar a f\u00e9 existe uma tradi\u00e7\u00e3o antiga na Igreja que s\u00f3 o bispo pode sentar-se na c\u00e1tedra da catedral. Ficando evidente, deste modo, a miss\u00e3o de presidir a diocese.<\/p>\n<p style=\"text-align: justify\">A catedral tamb\u00e9m \u00e9 o lugar a partir da qual o bispo exerce a miss\u00e3o de santificar o Povo de Deus atrav\u00e9s das celebra\u00e7\u00f5es lit\u00fargicas, especialmente da Sagrada Eucaristia. Numa \u00fanica celebra\u00e7\u00e3o eucar\u00edstica presidida pelo bispo, ao redor do \u00fanico altar, o bispo, os presb\u00edteros e os fi\u00e9is se re\u00fanem para prestar culto e gl\u00f3ria a Deus, como tamb\u00e9m santificarem-se com as gra\u00e7as sacramentais.<\/p>\n<p style=\"text-align: justify\">Uma liturgia anual que destaca esta dimens\u00e3o \u00e9 a Missa Crismal celebrada na quinta-feira santa que \u00e9 \u201cuma das principais manifesta\u00e7\u00f5es da plenitude do sacerd\u00f3cio do Bispo e um sinal da \u00edntima uni\u00e3o dos presb\u00edteros com ele. Ao longo desta celebra\u00e7\u00e3o, juntamente com o \u00f3leo dos enfermos e o \u00f3leo dos catec\u00famenos, \u00e9 consagrado o santo crisma, sinal sacramental de salva\u00e7\u00e3o e vida perfeita para todos os que renascem pela \u00e1gua e pelo Esp\u00edrito Santo\u201d.<\/p>\n<p style=\"text-align: justify\">A catedral se \u201cconstitui de certo modo a Igreja-m\u00e3e e o centro de converg\u00eancia da Igreja particular\u201d. A Arquidiocese de Passo Fundo abrange uma \u00e1rea de 47 munic\u00edpios, nos quais temos a presen\u00e7a de 53 par\u00f3quias e cada uma delas \u00e9 subdividida em comunidades que somam 865. Para todos os cat\u00f3licos que residem nesta \u00e1rea e nestas par\u00f3quias o centro de converg\u00eancia \u00e9 a catedral.<\/p>\n<p style=\"text-align: justify\">A catedral se torna um s\u00edmbolo vis\u00edvel da unidade da Igreja que \u00e9 uma das caracter\u00edsticas fundamentais da Igreja Cat\u00f3lica. A unidade faz parte da identidade cat\u00f3lica e nasce da f\u00e9 no Deus uno e trino. Portanto, n\u00e3o se trata de uma quest\u00e3o organizativa, mas a organiza\u00e7\u00e3o \u00e9 decorrente de um fundamento de f\u00e9. Numa Igreja com uma grande variedade de dons, carismas e organiza\u00e7\u00f5es a unidade n\u00e3o acontece automaticamente, mas ela deve ser desejada, estimulada e constru\u00edda. A catedral \u00e9 um lugar que convida para a unidade, por isso, os fi\u00e9is s\u00e3o convidados a terem uma grande estima e considera\u00e7\u00e3o por ela.<\/p>\n","protected":false},"excerpt":{"rendered":"<p>Dom Rodolfo Lu\u00eds Weber Arcebispo de Passo Fundo &nbsp; No dia 20 de janeiro de 1950 foi criada a Par\u00f3quia Nossa Senhora Aparecida. No ano seguinte, em 22 de julho de 1951 foi instalada a Diocese de Passo Fundo e a igreja Nossa Senhora Aparecida tornou-se a Catedral da nova diocese. A partir desta data, &hellip;<\/p>\n<p class=\"read-more\"> <a class=\"\" href=\"https:\/\/www.cnbb.org.br\/dom-rodolfo-weber-70-anos-catedral\/\"> <span class=\"screen-reader-text\">70 anos da Catedral<\/span> Leia mais &raquo;<\/a><\/p>\n","protected":false},"author":27,"featured_media":0,"comment_status":"closed","ping_status":"open","sticky":false,"template":"","format":"standard","meta":{"site-sidebar-layout":"default","site-content-layout":"default","ast-global-header-display":"","ast-banner-title-visibility":"","ast-main-header-display":"","ast-hfb-above-header-display":"","ast-hfb-below-header-display":"","ast-hfb-mobile-header-display":"","site-post-title":"","ast-breadcrumbs-content":"","ast-featured-img":"","footer-sml-layout":"","theme-transparent-header-meta":"","adv-header-id-meta":"","stick-header-meta":"","header-above-stick-meta":"","header-main-stick-meta":"","header-below-stick-meta":""},"categories":[758],"tags":[],"acf":[],"_links":{"self":[{"href":"https:\/\/www.cnbb.org.br\/cnbb-app\/wp\/v2\/posts\/36422"}],"collection":[{"href":"https:\/\/www.cnbb.org.br\/cnbb-app\/wp\/v2\/posts"}],"about":[{"href":"https:\/\/www.cnbb.org.br\/cnbb-app\/wp\/v2\/types\/post"}],"author":[{"embeddable":true,"href":"https:\/\/www.cnbb.org.br\/cnbb-app\/wp\/v2\/users\/27"}],"replies":[{"embeddable":true,"href":"https:\/\/www.cnbb.org.br\/cnbb-app\/wp\/v2\/comments?post=36422"}],"version-history":[{"count":0,"href":"https:\/\/www.cnbb.org.br\/cnbb-app\/wp\/v2\/posts\/36422\/revisions"}],"wp:attachment":[{"href":"https:\/\/www.cnbb.org.br\/cnbb-app\/wp\/v2\/media?parent=36422"}],"wp:term":[{"taxonomy":"category","embeddable":true,"href":"https:\/\/www.cnbb.org.br\/cnbb-app\/wp\/v2\/categories?post=36422"},{"taxonomy":"post_tag","embeddable":true,"href":"https:\/\/www.cnbb.org.br\/cnbb-app\/wp\/v2\/tags?post=36422"}],"curies":[{"name":"wp","href":"https:\/\/api.w.org\/{rel}","templated":true}]}}