{"id":36423,"date":"2020-01-17T00:00:00","date_gmt":"2020-01-17T03:00:00","guid":{"rendered":"https:\/\/www.cnbb.org.br\/cnbb-motivar-educadores-a-compreender-proposta-do-pacto-pela-educacao-do-papa-francisco\/"},"modified":"2020-10-23T15:04:12","modified_gmt":"2020-10-23T18:04:12","slug":"cnbb-motivar-educadores-a-compreender-proposta-do-pacto-pela-educacao-do-papa-francisco","status":"publish","type":"post","link":"https:\/\/www.cnbb.org.br\/cnbb-motivar-educadores-a-compreender-proposta-do-pacto-pela-educacao-do-papa-francisco\/","title":{"rendered":"CNBB motiva educadores a compreender proposta do Pacto pela Educa\u00e7\u00e3o, do\u00a0Papa\u00a0Francisco\u00a0"},"content":{"rendered":"<p style=\"text-align: justify\"><span data-contrast=\"auto\">Para marcar os cinco anos da enc\u00edclica\u00a0<\/span><span data-contrast=\"auto\">Laudato<\/span><span data-contrast=\"auto\"> Si&#8217;, o P<\/span><span data-contrast=\"auto\">apa<\/span><span data-contrast=\"auto\">\u00a0Francisco lan\u00e7ou uma iniciativa mundial a ser realizada no Vaticano em 14 de maio de 2020. Desta vez dirigida aos profissionais da \u00e1rea da educa\u00e7\u00e3o, a proposta \u00e9 realizar um encontro para reconstruir o pacto educativo global.\u00a0<\/span><span data-ccp-props=\"{&quot;201341983&quot;:0,&quot;335551550&quot;:6,&quot;335551620&quot;:6,&quot;335559739&quot;:160,&quot;335559740&quot;:259}\">\u00a0<\/span><\/p>\n<p style=\"text-align: justify\"><span data-contrast=\"auto\">Como explica o pr\u00f3prio Pont\u00edfice na mensagem divulgada para lan\u00e7ar o evento, trata-se de um \u201cencontro para reavivar o compromisso em prol e com as gera\u00e7\u00f5es jovens, renovando a paix\u00e3o por uma educa\u00e7\u00e3o mais aberta e inclusiva, capaz de escuta paciente, di\u00e1logo construtivo e m\u00fatua compreens\u00e3o\u201d.<\/span><span data-ccp-props=\"{&quot;201341983&quot;:0,&quot;335551550&quot;:6,&quot;335551620&quot;:6,&quot;335559739&quot;:160,&quot;335559740&quot;:240}\">\u00a0<\/span><\/p>\n<p style=\"text-align: justify\"><span data-contrast=\"auto\">No Brasil, acolhendo a proposta de Francisco, a C<\/span><span data-contrast=\"auto\">onfer\u00eancia Nacional dos Bispos do Brasil (CNBB)<\/span><span data-contrast=\"auto\">, por meio da Comiss\u00e3o Episcopal Pastoral para a Cultura e Educa\u00e7\u00e3o, unida \u00e0 A<\/span><span data-contrast=\"auto\">ssocia\u00e7\u00e3o Nacional de Educa\u00e7\u00e3o Cat\u00f3lica (ANEC) e a Confer\u00eancia dos Religiosos do Brasil (CRB)\u00a0<\/span><span data-contrast=\"auto\">trabalham em v\u00e1rias iniciativas para motivar os educadores dos ambientes da fam\u00edlia, da escola e da sociedade a compreender a proposta do Pacto pela Educa\u00e7\u00e3o. Ao todo, acontecer\u00e3o dois eventos nacionais de lan\u00e7amento do projeto \u201cA Igreja no Brasil, com o Papa Francisco, no Pacto Educativo Global\u201d para dar visibilidade \u00e0 proposta do Pacto<\/span><span data-contrast=\"auto\">.<\/span><span data-ccp-props=\"{&quot;201341983&quot;:0,&quot;335551550&quot;:6,&quot;335551620&quot;:6,&quot;335559739&quot;:160,&quot;335559740&quot;:240}\">\u00a0<\/span><\/p>\n<p style=\"text-align: justify\"><span data-contrast=\"auto\">O primeiro ser\u00e1 no dia 31 de janeiro, a partir das 15h, na sede da C<\/span><span data-contrast=\"auto\">onfer\u00eancia<\/span><span data-contrast=\"auto\">, em Bras\u00edlia<\/span><span data-contrast=\"auto\">\u00a0(<\/span><span data-contrast=\"auto\">DF<\/span><span data-contrast=\"auto\">)<\/span><span data-contrast=\"auto\">. Um segundo momento de lan\u00e7amento acontecer\u00e1\u00a0no dia 16 de abril, na Universidade Cat\u00f3lica de Bras\u00edlia, no F\u00f3rum da ANEC.<\/span><span data-contrast=\"auto\">\u00a0<\/span><span data-contrast=\"auto\">\u201c<\/span><i><span data-contrast=\"auto\">A preocupa\u00e7\u00e3o do Papa Francisco pelo que chama Pacto pela Educa\u00e7\u00e3o revela sua voca\u00e7\u00e3o de educador e explicita uma vez mais sua capacidade de agregar pessoas em torno de projetos t\u00e3o fundamentais para a defesa da dignidade humana e para o desenvolvimento dos povos\u201d,\u00a0<\/span><\/i><span data-contrast=\"auto\">afirmou\u00a0<\/span><span data-contrast=\"auto\">o\u00a0<\/span><span data-contrast=\"auto\">presidente da Comiss\u00e3o Episcopal Pastoral para Cultura e Educa\u00e7\u00e3o<\/span><span data-contrast=\"auto\">,\u00a0<\/span><span data-contrast=\"auto\">dom Jo\u00e3o Justino.<\/span><span data-ccp-props=\"{&quot;201341983&quot;:0,&quot;335551550&quot;:6,&quot;335551620&quot;:6,&quot;335559739&quot;:160,&quot;335559740&quot;:259}\">\u00a0<\/span><\/p>\n<p style=\"text-align: justify\"><span data-contrast=\"auto\">Para que comunidades, escolas, universidades e dioceses possam percorrer um caminho de reflex\u00e3o e aprofundamento sobre o Pacto, as institui\u00e7\u00f5es organizadoras\u00a0<\/span><span data-contrast=\"auto\">propuseram<\/span><span data-contrast=\"auto\">\u00a0um subs\u00eddio com orienta\u00e7\u00f5es espec\u00edficas<\/span><span data-contrast=\"auto\">, que ser\u00e1 divulgado em breve<\/span><span data-contrast=\"auto\">. O texto contextualiza o que \u00e9 o Pacto Global Educativo; apresenta a imagem da \u201caldeia educativa\u201d que envolve fam\u00edlia, escola e sociedade e pontua os elementos que fazem parte do processo educativo \u00e0 luz do Pontificado do Papa Francisco.\u00a0<\/span><span data-ccp-props=\"{&quot;201341983&quot;:0,&quot;335551550&quot;:6,&quot;335551620&quot;:6,&quot;335559739&quot;:160,&quot;335559740&quot;:259}\"> <a href=\"http:\/\/www.cnbb.org.br\/cnbb-motivar-educadores-a-compreender-proposta-do-pacto-pela-educacao-do-papa-francisco\/pacto-pela-educacao\/\" rel=\"attachment wp-att-231954\"><img decoding=\"async\" loading=\"lazy\" class=\"size-full wp-image-231954 alignright\" src=\"https:\/\/www.cnbb.org.br\/wp-content\/uploads\/2020\/03\/Pacto-pela-Educa\u00e7\u00e3o.jpg\" alt=\"\" width=\"248\" height=\"350\" \/><\/a><\/span><\/p>\n<p style=\"text-align: justify\"><span data-contrast=\"auto\">Segundo\u00a0<\/span><span data-contrast=\"auto\">o\u00a0<\/span><span data-contrast=\"auto\">assessor do Setor Educa\u00e7\u00e3o<\/span><span data-contrast=\"auto\">,<\/span><span data-contrast=\"auto\">\u00a0padre J\u00falio Resende,<\/span><span data-contrast=\"auto\">\u00a0<\/span><span data-contrast=\"auto\">existe\u00a0<\/span><span data-contrast=\"auto\">\u201c<\/span><span data-contrast=\"auto\"><em>uma grande esperan\u00e7a de que a celebra\u00e7\u00e3o deste Pacto reanime os educadores e toda a sociedade na bela e desafiante miss\u00e3o educativa. A inten\u00e7\u00e3o \u00e9 que todos possam participar da aldeia que educa, assumindo o compromisso comum com a causa educativa<\/em>\u201d.<\/span><span data-ccp-props=\"{&quot;201341983&quot;:0,&quot;335551550&quot;:6,&quot;335551620&quot;:6,&quot;335559739&quot;:160,&quot;335559740&quot;:259}\">\u00a0<\/span><\/p>\n<p style=\"text-align: justify\"><span data-contrast=\"auto\">Para\u00a0<\/span><span data-contrast=\"auto\">a i<\/span><span data-contrast=\"auto\">rm\u00e3 Cl\u00e1udia\u00a0<\/span><span data-contrast=\"auto\">Chesini<\/span><span data-contrast=\"auto\">, gerente de Rela\u00e7\u00f5es Institucionais e de Pastoral da ANEC,\u00a0<\/span><span data-contrast=\"auto\">o\u00a0<\/span><span data-contrast=\"auto\">Pacto Educativo Global<\/span><span data-contrast=\"auto\">\u00a0<\/span><span data-contrast=\"auto\">desafia a colocar a pessoa no centro, abra\u00e7ando com cuidado,\u00a0<\/span><span data-contrast=\"auto\">a<\/span><span data-contrast=\"auto\">\u00a0Casa Comum, aqui no Brasil.\u00a0<\/span><span data-contrast=\"auto\">\u201c<\/span><span data-contrast=\"auto\">O convite \u00e9 amplo e insistente\u201d<\/span><span data-contrast=\"auto\">, finaliza<\/span><span data-contrast=\"auto\">.\u00a0<\/span><span data-ccp-props=\"{&quot;201341983&quot;:0,&quot;335551550&quot;:6,&quot;335551620&quot;:6,&quot;335559739&quot;:160,&quot;335559740&quot;:259}\">\u00a0<\/span><\/p>\n<p style=\"text-align: justify\"><span data-contrast=\"auto\">Para saber mais sobre o Pacto de Educa\u00e7\u00e3o convocado pelo Papa Francisco, acesse o site: <\/span><a href=\"https:\/\/www.educationglobalcompact.org\/\" target=\"_blank\" rel=\"noopener\"><span data-contrast=\"none\">https:\/\/www.educationglobalcompact.org\/<\/span><\/a><span data-contrast=\"auto\">. E para outras informa\u00e7\u00f5es sobre o projeto\u00a0<\/span><span data-contrast=\"auto\">\u201cA Igreja no Brasil, com o Papa Francisco, no Pacto Educativo Global\u201d<\/span><span data-contrast=\"auto\">, encaminhe um e-mail para:\u00a0<\/span><a href=\"mailto:educacao@cnbb.org.br\"><span data-contrast=\"none\">educacao@cnbb.org.br.<\/span><\/a><\/p>\n<p><a href=\"http:\/\/anec.org.br\/blog\/2019\/12\/17\/confira-agenda-sobe-o-pacto-pela-educacao\/\" target=\"_blank\" rel=\"noopener\">Confira a agenda do Pacto de Educa\u00e7\u00e3o<\/a>.<\/p>\n<p>&nbsp;<\/p>\n<p><span data-ccp-props=\"{&quot;201341983&quot;:0,&quot;335551550&quot;:6,&quot;335551620&quot;:6,&quot;335559739&quot;:160,&quot;335559740&quot;:259}\">\u00a0<\/span><\/p>\n<p><span data-ccp-props=\"{&quot;201341983&quot;:0,&quot;335551550&quot;:6,&quot;335551620&quot;:6,&quot;335559739&quot;:160,&quot;335559740&quot;:259}\">\u00a0<\/span><\/p>\n<p><span data-ccp-props=\"{&quot;201341983&quot;:0,&quot;335551550&quot;:6,&quot;335551620&quot;:6,&quot;335559739&quot;:160,&quot;335559740&quot;:240}\">\u00a0<\/span><\/p>\n<p><span data-ccp-props=\"{&quot;201341983&quot;:0,&quot;335551550&quot;:6,&quot;335551620&quot;:6,&quot;335559739&quot;:160,&quot;335559740&quot;:240}\">\u00a0<\/span><\/p>\n","protected":false},"excerpt":{"rendered":"<p>Iniciativa \u00e9 da Comiss\u00e3o para a Cultura e a Educa\u00e7\u00e3o. Ao todo, acontecer\u00e3o dois eventos nacionais para dar visibilidade \u00e0 proposta do Pacto<\/p>\n","protected":false},"author":83,"featured_media":36424,"comment_status":"closed","ping_status":"open","sticky":false,"template":"","format":"standard","meta":{"site-sidebar-layout":"default","site-content-layout":"default","ast-global-header-display":"","ast-banner-title-visibility":"","ast-main-header-display":"","ast-hfb-above-header-display":"","ast-hfb-below-header-display":"","ast-hfb-mobile-header-display":"","site-post-title":"","ast-breadcrumbs-content":"","ast-featured-img":"","footer-sml-layout":"","theme-transparent-header-meta":"","adv-header-id-meta":"","stick-header-meta":"","header-above-stick-meta":"","header-main-stick-meta":"","header-below-stick-meta":""},"categories":[748,799],"tags":[2118],"acf":[],"_links":{"self":[{"href":"https:\/\/www.cnbb.org.br\/cnbb-app\/wp\/v2\/posts\/36423"}],"collection":[{"href":"https:\/\/www.cnbb.org.br\/cnbb-app\/wp\/v2\/posts"}],"about":[{"href":"https:\/\/www.cnbb.org.br\/cnbb-app\/wp\/v2\/types\/post"}],"author":[{"embeddable":true,"href":"https:\/\/www.cnbb.org.br\/cnbb-app\/wp\/v2\/users\/83"}],"replies":[{"embeddable":true,"href":"https:\/\/www.cnbb.org.br\/cnbb-app\/wp\/v2\/comments?post=36423"}],"version-history":[{"count":0,"href":"https:\/\/www.cnbb.org.br\/cnbb-app\/wp\/v2\/posts\/36423\/revisions"}],"wp:featuredmedia":[{"embeddable":true,"href":"https:\/\/www.cnbb.org.br\/cnbb-app\/wp\/v2\/media\/36424"}],"wp:attachment":[{"href":"https:\/\/www.cnbb.org.br\/cnbb-app\/wp\/v2\/media?parent=36423"}],"wp:term":[{"taxonomy":"category","embeddable":true,"href":"https:\/\/www.cnbb.org.br\/cnbb-app\/wp\/v2\/categories?post=36423"},{"taxonomy":"post_tag","embeddable":true,"href":"https:\/\/www.cnbb.org.br\/cnbb-app\/wp\/v2\/tags?post=36423"}],"curies":[{"name":"wp","href":"https:\/\/api.w.org\/{rel}","templated":true}]}}