{"id":36438,"date":"2020-01-20T00:00:00","date_gmt":"2020-01-20T03:00:00","guid":{"rendered":"https:\/\/www.cnbb.org.br\/dom-pedro-cipollini-boas-ferias\/"},"modified":"2020-01-20T00:00:00","modified_gmt":"2020-01-20T03:00:00","slug":"dom-pedro-cipollini-boas-ferias","status":"publish","type":"post","link":"https:\/\/www.cnbb.org.br\/dom-pedro-cipollini-boas-ferias\/","title":{"rendered":"Boas f\u00e9rias"},"content":{"rendered":"<p style=\"text-align: right\"><strong>Dom Pedro Cipollini<br \/>\nBispo de Santo Andr\u00e9 (SP)<\/strong><\/p>\n<p>&nbsp;<\/p>\n<p style=\"text-align: justify\">Em tempos de f\u00e9rias a tend\u00eancia \u00e9 sair para passear e descansar. Nada melhor que as f\u00e9rias. Elas trazem junto a ideia de distra\u00e7\u00e3o e descanso. Boas f\u00e9rias, em lugares agrad\u00e1veis e em companhia de entes queridos, \u00e9 a melhor imagem do para\u00edso. Proporciona descanso. E n\u00f3s n\u00e3o chamamos o para\u00edso de descanso eterno? Pelo para\u00edso nem todos suspiram, mas por f\u00e9rias sim.<\/p>\n<p style=\"text-align: justify\">A palavra f\u00e9rias, que vem do latim, evoca a ideia de tempo vago que voc\u00ea vai preencher como achar melhor, fazendo coisas diferentes. Mas evoca muito mais a ideia de repouso.<\/p>\n<p style=\"text-align: justify\">A ideia de repouso quer dizer pousar, depositar. Deixar abaixar a poeira levantada por tantas atividades nas quais estamos imersos, \u00e0s vezes, como que flutuando. Ent\u00e3o \u00e9 necess\u00e1rio repousar. Pousar de novo, descansar, o que n\u00e3o pode confundir com pregui\u00e7a, f\u00e9rias de pregui\u00e7a cansa.<\/p>\n<p style=\"text-align: justify\">\u00c9 bom fazer algo nas f\u00e9rias, algo diferente e agrad\u00e1vel. O descanso das f\u00e9rias est\u00e1 ligado a este fazer algo diferente e prazeroso.<\/p>\n<p style=\"text-align: justify\">Nossas in\u00fameras atividades nos distraem de n\u00f3s mesmos; nos desconcentram de nosso centro, por isso, \u00e0s vezes, ficamos irritados ou at\u00e9 deprimidos. \u00c9 ent\u00e3o que ouvimos os outros dizerem: precisa tirar f\u00e9rias! Neste sentido, as f\u00e9rias devem nos ajudar a retomar o contato \u00edntimo e profundo conosco mesmo, e com nossa raiz mais elementar que \u00e9 Deus. De fato, n\u00e3o podemos tirar f\u00e9rias de Deus, assim como n\u00e3o tiramos f\u00e9rias de n\u00f3s mesmos, embora muitas pessoas tenham vontade.<\/p>\n<p style=\"text-align: justify\">Vontade de tirar f\u00e9rias de si mesmo! O que n\u00e3o \u00e9 poss\u00edvel. No entanto, podemos dar f\u00e9rias aos outros de n\u00f3s, o que n\u00e3o \u00e9 de todo desaconselh\u00e1vel. F\u00e9rias para descansar n\u00e3o pode ser fuga, mas distra\u00e7\u00e3o, a qual atrav\u00e9s do contato com a natureza nos reconduza para dentro de n\u00f3s mesmos e nos coloque em contato com nossas motiva\u00e7\u00f5es mais profundas.<\/p>\n<p style=\"text-align: justify\">O papa Pio XII, certa vez chamou de \u201cheresia do ativismo\u201d a vida centrada num fazer cont\u00ednuo e sem descanso, t\u00e3o pr\u00f3prio da nossa \u00e9poca. Semana passada almo\u00e7ando em um restaurante, sentou-se ao meu lado um casal que espalhou na mesa v\u00e1rios pap\u00e9is. Enquanto os analisavam tamb\u00e9m falavam ao celular. Levaram o trabalho para o almo\u00e7o. Assim, como alguns levam o trabalho para as f\u00e9rias. Os circunstantes observavam quietos, mas com o olhar todos pareciam reprovar.<\/p>\n<p style=\"text-align: justify\">E, no entanto, conforme o relato b\u00edblico, Deus j\u00e1 nos deu o exemplo, fazendo-nos entender que precisamos descansar. O trabalho n\u00e3o pode escravizar ningu\u00e9m. L\u00ea-se na B\u00edblia que \u201cNo s\u00e9timo dia, Deus terminou todo o seu trabalho e ent\u00e3o descansou\u201d (Gn 2, 2). Que as f\u00e9rias nos proporcionem um bom descanso.<\/p>\n","protected":false},"excerpt":{"rendered":"<p>Dom Pedro Cipollini Bispo de Santo Andr\u00e9 (SP) &nbsp; Em tempos de f\u00e9rias a tend\u00eancia \u00e9 sair para passear e descansar. Nada melhor que as f\u00e9rias. Elas trazem junto a ideia de distra\u00e7\u00e3o e descanso. Boas f\u00e9rias, em lugares agrad\u00e1veis e em companhia de entes queridos, \u00e9 a melhor imagem do para\u00edso. Proporciona descanso. E &hellip;<\/p>\n<p class=\"read-more\"> <a class=\"\" href=\"https:\/\/www.cnbb.org.br\/dom-pedro-cipollini-boas-ferias\/\"> <span class=\"screen-reader-text\">Boas f\u00e9rias<\/span> Leia mais &raquo;<\/a><\/p>\n","protected":false},"author":28,"featured_media":0,"comment_status":"closed","ping_status":"open","sticky":false,"template":"","format":"standard","meta":{"site-sidebar-layout":"default","site-content-layout":"default","ast-global-header-display":"","ast-banner-title-visibility":"","ast-main-header-display":"","ast-hfb-above-header-display":"","ast-hfb-below-header-display":"","ast-hfb-mobile-header-display":"","site-post-title":"","ast-breadcrumbs-content":"","ast-featured-img":"","footer-sml-layout":"","theme-transparent-header-meta":"","adv-header-id-meta":"","stick-header-meta":"","header-above-stick-meta":"","header-main-stick-meta":"","header-below-stick-meta":""},"categories":[758],"tags":[],"acf":[],"_links":{"self":[{"href":"https:\/\/www.cnbb.org.br\/cnbb-app\/wp\/v2\/posts\/36438"}],"collection":[{"href":"https:\/\/www.cnbb.org.br\/cnbb-app\/wp\/v2\/posts"}],"about":[{"href":"https:\/\/www.cnbb.org.br\/cnbb-app\/wp\/v2\/types\/post"}],"author":[{"embeddable":true,"href":"https:\/\/www.cnbb.org.br\/cnbb-app\/wp\/v2\/users\/28"}],"replies":[{"embeddable":true,"href":"https:\/\/www.cnbb.org.br\/cnbb-app\/wp\/v2\/comments?post=36438"}],"version-history":[{"count":0,"href":"https:\/\/www.cnbb.org.br\/cnbb-app\/wp\/v2\/posts\/36438\/revisions"}],"wp:attachment":[{"href":"https:\/\/www.cnbb.org.br\/cnbb-app\/wp\/v2\/media?parent=36438"}],"wp:term":[{"taxonomy":"category","embeddable":true,"href":"https:\/\/www.cnbb.org.br\/cnbb-app\/wp\/v2\/categories?post=36438"},{"taxonomy":"post_tag","embeddable":true,"href":"https:\/\/www.cnbb.org.br\/cnbb-app\/wp\/v2\/tags?post=36438"}],"curies":[{"name":"wp","href":"https:\/\/api.w.org\/{rel}","templated":true}]}}