{"id":36467,"date":"2020-01-23T00:00:00","date_gmt":"2020-01-23T03:00:00","guid":{"rendered":"https:\/\/www.cnbb.org.br\/projeto-politicas-publicas-e-cidadania-estimulou-a-visita-a-conselhos-locais-em-tucurui-pa\/"},"modified":"2020-10-23T14:37:47","modified_gmt":"2020-10-23T17:37:47","slug":"projeto-politicas-publicas-e-cidadania-estimulou-a-visita-a-conselhos-locais-em-tucurui-pa","status":"publish","type":"post","link":"https:\/\/www.cnbb.org.br\/projeto-politicas-publicas-e-cidadania-estimulou-a-visita-a-conselhos-locais-em-tucurui-pa\/","title":{"rendered":"Projeto &#8220;Pol\u00edticas P\u00fablicas e Cidadania&#8221; estimulou a visita a conselhos locais em Tucuru\u00ed (PA)"},"content":{"rendered":"<p style=\"text-align: justify\">Uma das a\u00e7\u00f5es apoiadas pelo Fundo Nacional de Solidariedade com recursos arrecadados na coleta do domingo de Ramos da Campanha da Fraternidade em 2019, foi o projeto \u201cPol\u00edticas P\u00fablicas e Cidadania\u201d, desenvolvido em quatro m\u00f3dulos, entre agosto e novembro do mesmo ano, pela Comiss\u00e3o Pastoral da Terra (CPT) na cidade de Tucuru\u00ed (PA), na diocese de Camet\u00e1. A Campanha da Fraternidade no ano passado aprofundou o tema \u201cFraternidade e Pol\u00edticas P\u00fablicas\u201d e o lema \u201cSer\u00e1s libertado pelo direito e pela justi\u00e7a\u201d (Is 1,27).<\/p>\n<p style=\"text-align: justify\">Segundo o Francisco Alan Santos Lima, membro da Comiss\u00e3o Pastoral da Terra e coordenador do projeto, a motiva\u00e7\u00e3o principal dessa a\u00e7\u00e3o, que formou 30 participantes, foi que as lideran\u00e7as das diversas comunidades fossem capacitadas sobre a tem\u00e1tica das pol\u00edticas p\u00fablicas na regi\u00e3o Amaz\u00f4nica.<\/p>\n<p style=\"text-align: justify\">A partir deste processo formativo, o coordenador disse que a expectativa \u00e9 que pudessem exercer seu protagonismo nos espa\u00e7os de gest\u00e3o e implementa\u00e7\u00e3o das pol\u00edticas p\u00fablicas. \u201cCom esse caminho, os participantes podem cobrar seus direitos de cidadania e benef\u00edcios para suas comunidades\u201d, disse.<\/p>\n<p style=\"text-align: justify\"><strong>Controle social e visitas t\u00e9cnicas<\/strong><br \/>\n<a href=\"https:\/\/www.cnbb.org.br\/projeto-politicas-publicas-e-cidadania-fortaleceu-o-conhecimento-de-propostas-para-amazonia\/politicas-publicas-e-cidadania1\/\" rel=\"attachment wp-att-232186\"><img decoding=\"async\" loading=\"lazy\" class=\"wp-image-232186 size-medium alignright\" src=\"https:\/\/www.cnbb.org.br\/wp-content\/uploads\/2020\/03\/Pol\u00edticas-P\u00fablicas-e-Cidadania1-300x225.jpg\" alt=\"\" width=\"300\" height=\"225\" \/><\/a>Em cada m\u00f3dulo, os participantes realizaram atividades relacionadas \u00e0 tem\u00e1tica de cada m\u00f3dulo trabalhado. Umas das atividades foram visitas aos conselhos de sa\u00fade, educa\u00e7\u00e3o, do idoso e crian\u00e7a e adolescente existentes em cada regi\u00e3o.<\/p>\n<p style=\"text-align: justify\">Segundo o coordenador do projeto, essas visitas aos conselhos tiveram como objetivo verificar de perto a funcionalidade desses espa\u00e7os e como deve ser a participa\u00e7\u00e3o da sociedade na reivindica\u00e7\u00e3o das pol\u00edticas p\u00fablicas.<\/p>\n<p style=\"text-align: justify\">Quem desenvolveu um olhar diferente para o processo de constru\u00e7\u00e3o das pol\u00edticas p\u00fablicas foi a Edileuza Pereira de Carvalho, l\u00edder da Comiss\u00e3o Pastoral da Terra na regi\u00e3o. \u201cO curso me ensinou a saber quais s\u00e3o meus direitos e a n\u00e3o esperar muito dos candidatos a cargos pol\u00edticos que s\u00f3 aparecem para pedir votos de quatro em quatro anos\u201d, disse.<\/p>\n<p style=\"text-align: justify\">Os participantes tamb\u00e9m fizeram um diagn\u00f3stico da funcionalidade das pol\u00edticas p\u00fablicas em suas comunidades. \u201cCada atividade dessa contribu\u00eda para um complemento dos demais m\u00f3dulos, o que favorecia uma participa\u00e7\u00e3o mais din\u00e2mica dos presentes\u201d, avaliou o coordenador. No final do \u00faltimo m\u00f3dulo, foram levantadas a\u00e7\u00f5es que podem ser realizadas pelas lideran\u00e7as junto \u00e0s suas comunidades na busca concreta de interven\u00e7\u00f5es na elabora\u00e7\u00e3o e controle social de pol\u00edticas p\u00fablicas.<\/p>\n<p><strong>M\u00f3dulos e temas da forma\u00e7\u00e3o:<\/strong><br \/>\n1\u00ba m\u00f3dulo: 17 de Agosto \u2013 Tema: \u201cPol\u00edticas P\u00fablicas o que s\u00e3o e para quem?\u201d<br \/>\n2\u00ba m\u00f3dulo: 7 de setembro \u2013 Tema: \u201cPol\u00edticas P\u00fablicas para as Popula\u00e7\u00f5es na Amaz\u00f4nia\u201d<br \/>\n3\u00ba m\u00f3dulo: 19 de outubro \u2013 Tema: \u201cTecendo Pol\u00edticas P\u00fablicas de Juventude\u201d<br \/>\n4\u00ba m\u00f3dulo: 30 de novembro \u2013 Tema: \u201cDa mobiliza\u00e7\u00e3o social ao controle social das Pol\u00edticas P\u00fablicas&#8221;<\/p>\n","protected":false},"excerpt":{"rendered":"<p>A\u00e7\u00e3o apoiada pela CF 2019 capacitou 30 lideran\u00e7as sobre o conhecimento de pol\u00edticas p\u00fablicas voltadas para a regi\u00e3o Amaz\u00f4nica<\/p>\n","protected":false},"author":83,"featured_media":36468,"comment_status":"closed","ping_status":"open","sticky":false,"template":"","format":"standard","meta":{"site-sidebar-layout":"default","site-content-layout":"default","ast-global-header-display":"","ast-banner-title-visibility":"","ast-main-header-display":"","ast-hfb-above-header-display":"","ast-hfb-below-header-display":"","ast-hfb-mobile-header-display":"","site-post-title":"","ast-breadcrumbs-content":"","ast-featured-img":"","footer-sml-layout":"","theme-transparent-header-meta":"","adv-header-id-meta":"","stick-header-meta":"","header-above-stick-meta":"","header-main-stick-meta":"","header-below-stick-meta":""},"categories":[759,760],"tags":[2026],"acf":[],"_links":{"self":[{"href":"https:\/\/www.cnbb.org.br\/cnbb-app\/wp\/v2\/posts\/36467"}],"collection":[{"href":"https:\/\/www.cnbb.org.br\/cnbb-app\/wp\/v2\/posts"}],"about":[{"href":"https:\/\/www.cnbb.org.br\/cnbb-app\/wp\/v2\/types\/post"}],"author":[{"embeddable":true,"href":"https:\/\/www.cnbb.org.br\/cnbb-app\/wp\/v2\/users\/83"}],"replies":[{"embeddable":true,"href":"https:\/\/www.cnbb.org.br\/cnbb-app\/wp\/v2\/comments?post=36467"}],"version-history":[{"count":0,"href":"https:\/\/www.cnbb.org.br\/cnbb-app\/wp\/v2\/posts\/36467\/revisions"}],"wp:featuredmedia":[{"embeddable":true,"href":"https:\/\/www.cnbb.org.br\/cnbb-app\/wp\/v2\/media\/36468"}],"wp:attachment":[{"href":"https:\/\/www.cnbb.org.br\/cnbb-app\/wp\/v2\/media?parent=36467"}],"wp:term":[{"taxonomy":"category","embeddable":true,"href":"https:\/\/www.cnbb.org.br\/cnbb-app\/wp\/v2\/categories?post=36467"},{"taxonomy":"post_tag","embeddable":true,"href":"https:\/\/www.cnbb.org.br\/cnbb-app\/wp\/v2\/tags?post=36467"}],"curies":[{"name":"wp","href":"https:\/\/api.w.org\/{rel}","templated":true}]}}