{"id":36475,"date":"2020-01-23T00:00:00","date_gmt":"2020-01-23T03:00:00","guid":{"rendered":"https:\/\/www.cnbb.org.br\/data-da-beatificacao-de-benigna-cardoso-da-silva\/"},"modified":"2020-10-23T15:51:49","modified_gmt":"2020-10-23T18:51:49","slug":"data-da-beatificacao-de-benigna-cardoso-da-silva","status":"publish","type":"post","link":"https:\/\/www.cnbb.org.br\/data-da-beatificacao-de-benigna-cardoso-da-silva\/","title":{"rendered":"Nova beata brasileira: Vaticano informa data da beatifica\u00e7\u00e3o de Benigna Cardoso da Silva"},"content":{"rendered":"<p style=\"text-align: justify\">O bispo diocesano de Crato (CE), dom Gilberto Pastana, anunciou, na \u00faltima ter\u00e7a-feira, 21, que recebeu a confirma\u00e7\u00e3o da data de beatifica\u00e7\u00e3o de Benigna Cardoso da Silva, a Menina Benigna. No pr\u00f3ximo dia 21 de outubro, a catedral de Nossa Senhora da Penha, em Crato, vai receber a celebra\u00e7\u00e3o que dar\u00e1 \u00e0 Serva de Deus a marca de primeira beata nascida no Cear\u00e1.<\/p>\n<p style=\"text-align: justify\">\u201cEssa data j\u00e1 ser\u00e1 marcada no calend\u00e1rio, inclusive lit\u00fargico, como da beatifica\u00e7\u00e3o da Menina Benigna e Serva de Deus, Benigna Cardoso da Silva\u201d, disse dom Pastana durante programa na r\u00e1dio Educadora do Cariri. O rito vai contar com a presen\u00e7a de um representante do Papa Francisco, o prefeito da Congrega\u00e7\u00e3o para as Causas dos Santos, cardeal Angelo Becciu.<\/p>\n<p style=\"text-align: justify\"><strong>A hist\u00f3ria da Menina Benigna<br \/>\n<\/strong>Benigna Cardoso da Silva nasceu em 15 de outubro de 1928, em Santana do Cariri (CE). \u00c9 considerada &#8220;hero\u00edna da castidade&#8221;, por conta da forma como foi morta, resistindo ao ass\u00e9dio de Raul Alves, um rapaz que a pediu em namoro e, ap\u00f3s rejei\u00e7\u00e3o, come\u00e7ou a persegui-la at\u00e9 que em 24 de outubro de 1941 tentou surpreend\u00ea-la e a atacou com um fac\u00e3o diante da nova negativa.<\/p>\n<p style=\"text-align: justify\">\u201cEla morreu por uma causa, ela deu a vida por uma causa, explicitamente comprovada. Ela preferiu morrer para n\u00e3o pecar, por isso ela \u00e9 a \u2018hero\u00edna da castidade\u2019. Ela \u00e9 um exemplo de virtude crist\u00e3 para todos aqueles que querem ser disc\u00edpulos do Senhor\u201d, comentou dom Gilberto.<\/p>\n<p style=\"text-align: justify\">O an\u00fancio, feito exatamente nove meses antes da beatifica\u00e7\u00e3o, j\u00e1 dando in\u00edcio \u00e0s prepara\u00e7\u00f5es ao rito. Em n\u00edvel diocesano, j\u00e1 est\u00e1 confirmada para a terceira semana do m\u00eas de agosto um per\u00edodo de recorda\u00e7\u00e3o e testemunho da Serva de Deus.<\/p>\n<p style=\"text-align: justify\">Ao bispo diocesano, segundo as normas da constitui\u00e7\u00e3o apost\u00f3lica <em>Divinus Perfectionis Magister<\/em>, promulgada pelo Papa Jo\u00e3o Paulo II em 1983, compete o direito de continuar investigando sobre a vida da Serva de Deus e os poss\u00edveis milagres para prosseguir com o processo de canoniza\u00e7\u00e3o. \u201cVamos primeiro celebrar a beatifica\u00e7\u00e3o e depois come\u00e7a o processo de canoniza\u00e7\u00e3o. Temos que percorrer todo um caminho que \u00e9 um pouco diverso do caminho da beatifica\u00e7\u00e3o\u201d, finalizou Dom Gilberto.<\/p>\n<div class=\"ast-oembed-container\" style=\"height: 100%;\"><iframe loading=\"lazy\" title=\"Beatifica\u00e7\u00e3o de Benigna Cardoso: Dom Gilberto anuncia data ao povo de Deus\" width=\"500\" height=\"281\" src=\"https:\/\/www.youtube.com\/embed\/iCyB0XYSj0Q?feature=oembed\" frameborder=\"0\" allow=\"accelerometer; autoplay; clipboard-write; encrypted-media; gyroscope; picture-in-picture\" allowfullscreen><\/iframe><\/div>\n<h6 style=\"text-align: justify\"><em>Com informa\u00e7\u00f5es e fotos da diocese de Crato e de Vatican News<\/em><\/h6>\n","protected":false},"excerpt":{"rendered":"<p>Bispo diocesano de Crato (CE), dom Gilberto Pastana, anunciou beatifica\u00e7\u00e3o para o dia 21 de outubro, na catedral de Nossa Senhora da Penha, em Crato<\/p>\n","protected":false},"author":83,"featured_media":3386,"comment_status":"closed","ping_status":"open","sticky":false,"template":"","format":"standard","meta":{"site-sidebar-layout":"default","site-content-layout":"default","ast-global-header-display":"","ast-banner-title-visibility":"","ast-main-header-display":"","ast-hfb-above-header-display":"","ast-hfb-below-header-display":"","ast-hfb-mobile-header-display":"","site-post-title":"","ast-breadcrumbs-content":"","ast-featured-img":"","footer-sml-layout":"","theme-transparent-header-meta":"","adv-header-id-meta":"","stick-header-meta":"","header-above-stick-meta":"","header-main-stick-meta":"","header-below-stick-meta":""},"categories":[841],"tags":[2314],"acf":[],"_links":{"self":[{"href":"https:\/\/www.cnbb.org.br\/cnbb-app\/wp\/v2\/posts\/36475"}],"collection":[{"href":"https:\/\/www.cnbb.org.br\/cnbb-app\/wp\/v2\/posts"}],"about":[{"href":"https:\/\/www.cnbb.org.br\/cnbb-app\/wp\/v2\/types\/post"}],"author":[{"embeddable":true,"href":"https:\/\/www.cnbb.org.br\/cnbb-app\/wp\/v2\/users\/83"}],"replies":[{"embeddable":true,"href":"https:\/\/www.cnbb.org.br\/cnbb-app\/wp\/v2\/comments?post=36475"}],"version-history":[{"count":0,"href":"https:\/\/www.cnbb.org.br\/cnbb-app\/wp\/v2\/posts\/36475\/revisions"}],"wp:featuredmedia":[{"embeddable":true,"href":"https:\/\/www.cnbb.org.br\/cnbb-app\/wp\/v2\/media\/3386"}],"wp:attachment":[{"href":"https:\/\/www.cnbb.org.br\/cnbb-app\/wp\/v2\/media?parent=36475"}],"wp:term":[{"taxonomy":"category","embeddable":true,"href":"https:\/\/www.cnbb.org.br\/cnbb-app\/wp\/v2\/categories?post=36475"},{"taxonomy":"post_tag","embeddable":true,"href":"https:\/\/www.cnbb.org.br\/cnbb-app\/wp\/v2\/tags?post=36475"}],"curies":[{"name":"wp","href":"https:\/\/api.w.org\/{rel}","templated":true}]}}