{"id":36476,"date":"2020-01-23T00:00:00","date_gmt":"2020-01-23T03:00:00","guid":{"rendered":"https:\/\/www.cnbb.org.br\/com-100-jovens-delegacao-brasileira-para-o-encontro-a-economia-de-francisco-e-a-2a-maior\/"},"modified":"2020-01-23T00:00:00","modified_gmt":"2020-01-23T03:00:00","slug":"com-100-jovens-delegacao-brasileira-para-o-encontro-a-economia-de-francisco-e-a-2a-maior","status":"publish","type":"post","link":"https:\/\/www.cnbb.org.br\/com-100-jovens-delegacao-brasileira-para-o-encontro-a-economia-de-francisco-e-a-2a-maior\/","title":{"rendered":"Com 100 jovens, delega\u00e7\u00e3o brasileira para o encontro &#8220;A Economia de Francisco&#8221; \u00e9 a 2\u00aa maior"},"content":{"rendered":"<p style=\"text-align: justify\">A cidade de Assis est\u00e1 se preparando para receber economistas e empreendedores, com menos de 35 anos, de diversos pa\u00edses, para participar do encontro <a href=\"https:\/\/francescoeconomy.org\/\" target=\"_blank\" rel=\"noopener\">\u201cA Economia de Francisco\u201d<\/a>, o evento convocado pelo Papa Francisco, a ser realizado de 26 a 28 de mar\u00e7o. O Brasil est\u00e1 em segundo lugar com maior n\u00famero de participantes, ficando somente atr\u00e1s da It\u00e1lia.<\/p>\n<p style=\"text-align: justify\">Os jovens brasileiros, de diversos estados do Brasil, que estar\u00e3o em Assis, na It\u00e1lia, encontraram-se no \u00faltimo s\u00e1bado, 18 de janeiro, no Departamento Intersindical de Estat\u00edstica e Estudos Socioecon\u00f4micos (Dieese), em S\u00e3o Paulo, em planejamento com a\u00a0 Articula\u00e7\u00e3o Brasileira pela Economia de Francisco (ABEF).<\/p>\n<p style=\"text-align: justify\">O Brasil enviar\u00e1 uma delega\u00e7\u00e3o que ser\u00e1 composta de aproximadamente 100 jovens, provenientes das regi\u00f5es brasileiras. Estes jovens, desde novembro de 2019 se encontram de forma presencial e virtual, para preparar a\u00e7\u00f5es que colaborem com a sociedade de modo geral, antes e ap\u00f3s o encontro com o Papa em Assis, \u201cexpandindo o chamado do Papa para todo o pa\u00eds\u201d.<\/p>\n<p style=\"text-align: justify\">Com28 anos, Ezequiel Henrique Selhorst Philippi, economista e administrador de empresas, da cidade de Bra\u00e7o do Norte, Santa Catarina, falou de suas motiva\u00e7\u00f5es para participar do evento \u201cA economia de Francisco\u201d. &#8220;O que chamou a minha aten\u00e7\u00e3o foi a proposta de fazer um pacto com os jovens que v\u00e1 al\u00e9m das diferen\u00e7as de cren\u00e7a e nacionalidade para dar uma alma para a economia do amanh\u00e3&#8221;.<\/p>\n<p style=\"text-align: justify\">O encontro inicialmente se deu com uma partilha entre os jovens que ir\u00e3o a Assis, apresentando-se e mostrando as motiva\u00e7\u00e3o que os levaram \u00e0 Economia de Francisco. O historiador Celio Turino apresentou uma breve contextualiza\u00e7\u00e3o da proposta e de toda a contribui\u00e7\u00e3o realizada desde o chamado do Papa.<\/p>\n<p style=\"text-align: justify\">Em seguida, foram estudados os temas exponenciais que ser\u00e3o debatidos na It\u00e1lia durante o encontro mundial: economia, finan\u00e7as, desenvolvimento, educa\u00e7\u00e3o, redes, formas de organiza\u00e7\u00e3o e governan\u00e7a democr\u00e1tica. Por fim, o grupo concluiu a reuni\u00e3o refletindo sobre o que ser\u00e1 feitos ap\u00f3s o evento em Assis, com propostas de contribui\u00e7\u00e3o para a sociedade.<\/p>\n<p>Edu Brasileiro, educador social, um dos jovens que esteve \u00e0 frente da reuni\u00e3o afirmou:<\/p>\n<p style=\"text-align: justify\"><em>\u201co chamado global do Papa Francisco \u00e9 uma linda provoca\u00e7\u00e3o: primeiro para uma sociedade neoliberal que perdeu a capacidade de repensar suas pr\u00e1ticas para al\u00e9m da sociedade de mercado e da \u201cfinanceiriza\u00e7\u00e3o\u201d das rela\u00e7\u00f5es; segundo porque \u00e9 tamb\u00e9m um chamado especial para a juventude, injetando em nossas veias o desejo de organiza\u00e7\u00e3o social, afim de reunir o povo para pensar em novas alternativas econ\u00f4micas. Francisco rejuvenesce a sociedade com ousadia e a n\u00f3s cabe segui-lo e apoi\u00e1-lo!\u201d<\/em><\/p>\n<p style=\"text-align: justify\">A Economia de Francisco, idealizada pelo Papa Francisco em 1\u00ba de maio de 2019 e convocada atrav\u00e9s de uma carta a jovens empreendedores e pesquisadores, deseja colaborar na transforma\u00e7\u00e3o social da realidade. \u00c9 um convite aos jovens para se inserirem em trabalhos s\u00e9rios em suas comunidades e em territ\u00f3rios diferentes em todo o mundo, levando consigo o legado de S\u00e3o Francisco de Assis, um exemplo de excel\u00eancia do cuidado dos mais fracos, do bem comum, e do compromisso com a Ecologia Integral.<\/p>\n<p style=\"text-align: justify\">Os jovens do Brasil tamb\u00e9m est\u00e3o engajados em uma campanha solid\u00e1ria, dado que pouqu\u00edssimos jovens conseguiram bolsas da organiza\u00e7\u00e3o do encontro, devido ao alt\u00edssimo n\u00famero de inscritos no mundo inteiro, ocasi\u00e3o em que participar\u00e3o cerca de 2 mil jovens. Para saber mais como ajudar, basta entrar em contato com a organiza\u00e7\u00e3o dos jovens no Brasil ( ICC &#8211; Instituto Casa Comum).<\/p>\n<p><em>Com informa\u00e7\u00f5es do VaticanNews<\/em><\/p>\n","protected":false},"excerpt":{"rendered":"<p>Os jovens brasileiros, desde novembro de 2019, se encontram presencial e virtualmente para se preparar para o Encontro em Assis<\/p>\n","protected":false},"author":83,"featured_media":3388,"comment_status":"closed","ping_status":"open","sticky":false,"template":"","format":"standard","meta":{"site-sidebar-layout":"default","site-content-layout":"default","ast-global-header-display":"","ast-banner-title-visibility":"","ast-main-header-display":"","ast-hfb-above-header-display":"","ast-hfb-below-header-display":"","ast-hfb-mobile-header-display":"","site-post-title":"","ast-breadcrumbs-content":"","ast-featured-img":"","footer-sml-layout":"","theme-transparent-header-meta":"","adv-header-id-meta":"","stick-header-meta":"","header-above-stick-meta":"","header-main-stick-meta":"","header-below-stick-meta":""},"categories":[841],"tags":[1697],"acf":[],"_links":{"self":[{"href":"https:\/\/www.cnbb.org.br\/cnbb-app\/wp\/v2\/posts\/36476"}],"collection":[{"href":"https:\/\/www.cnbb.org.br\/cnbb-app\/wp\/v2\/posts"}],"about":[{"href":"https:\/\/www.cnbb.org.br\/cnbb-app\/wp\/v2\/types\/post"}],"author":[{"embeddable":true,"href":"https:\/\/www.cnbb.org.br\/cnbb-app\/wp\/v2\/users\/83"}],"replies":[{"embeddable":true,"href":"https:\/\/www.cnbb.org.br\/cnbb-app\/wp\/v2\/comments?post=36476"}],"version-history":[{"count":0,"href":"https:\/\/www.cnbb.org.br\/cnbb-app\/wp\/v2\/posts\/36476\/revisions"}],"wp:featuredmedia":[{"embeddable":true,"href":"https:\/\/www.cnbb.org.br\/cnbb-app\/wp\/v2\/media\/3388"}],"wp:attachment":[{"href":"https:\/\/www.cnbb.org.br\/cnbb-app\/wp\/v2\/media?parent=36476"}],"wp:term":[{"taxonomy":"category","embeddable":true,"href":"https:\/\/www.cnbb.org.br\/cnbb-app\/wp\/v2\/categories?post=36476"},{"taxonomy":"post_tag","embeddable":true,"href":"https:\/\/www.cnbb.org.br\/cnbb-app\/wp\/v2\/tags?post=36476"}],"curies":[{"name":"wp","href":"https:\/\/api.w.org\/{rel}","templated":true}]}}