{"id":36477,"date":"2020-01-23T00:00:00","date_gmt":"2020-01-23T03:00:00","guid":{"rendered":"https:\/\/www.cnbb.org.br\/um-pacto-educativo-global\/"},"modified":"2020-01-23T00:00:00","modified_gmt":"2020-01-23T03:00:00","slug":"um-pacto-educativo-global","status":"publish","type":"post","link":"https:\/\/www.cnbb.org.br\/um-pacto-educativo-global\/","title":{"rendered":"Um Pacto Educativo global"},"content":{"rendered":"<p style=\"text-align: justify\"><strong>Dom Roberto Francisco Ferreria Paz<br \/>\n<\/strong><strong>Bispo\u00a0 de Campos (RJ)<\/strong><\/p>\n<p style=\"text-align: justify\">\n<p style=\"text-align: justify\">Diante de um mundo que atravessa uma crise civilizat\u00f3ria, com tend\u00eancias autodestrutivas de alto risco: guerras em fatias, intoler\u00e2ncia, desigualdade e exaust\u00e3o do planeta, o Papa Francisco apresenta uma proposta prof\u00e9tica e inspiradora: Um Pacto Educativo Global. A celebra\u00e7\u00e3o desta iniciativa, aberta e propositiva, est\u00e1 marcada, no Vaticano, para o 11 a 14 de maio de 2020.<\/p>\n<p style=\"text-align: justify\">Trata-se de uma alian\u00e7a pela educa\u00e7\u00e3o, que una a coopera\u00e7\u00e3o de governos, institui\u00e7\u00f5es formativas, religi\u00f5es, filosofias, e a todas as pessoas de boa vontade atra\u00eddas pelo bem comum e o direito universal a uma educa\u00e7\u00e3o significativa e integral capaz de mostrar um rumo humanista e solid\u00e1rio a todas as pessoas.<\/p>\n<p style=\"text-align: justify\">Um Pacto a ser pensado e costurado por todos, que ultrapasse fronteiras pol\u00edticas, religiosas, ideol\u00f3gicas e culturais, respeitando as linhas de pensamento que promovam o crescimento de pessoas adultas, livres e conscientes. O paradigma que anima esta proposta, inclusiva e abrangente, \u00e9 a vis\u00e3o da sabedoria africana que, para educar uma pessoa, \u00e9 necess\u00e1rio toda uma aldeia, uma aldeia educativa.<\/p>\n<p style=\"text-align: justify\">Os princ\u00edpios ou elementos que configuram este nobre prop\u00f3sito s\u00e3o, respectivamente: uma educa\u00e7\u00e3o que coloque a pessoa no centro, uma educa\u00e7\u00e3o que gere compromisso comunit\u00e1rio, uma educa\u00e7\u00e3o comprometida com o Di\u00e1logo e a Paz, uma educa\u00e7\u00e3o comprometida com a Economia Solid\u00e1ria e uma educa\u00e7\u00e3o comprometida com a Ecologia Integral.<\/p>\n<p style=\"text-align: justify\">A din\u00e2mica ou processo construtivo da Aldeia que educa, ser\u00e1 estabelecer compromissos envolvendo as fam\u00edlias, as escolas, a sociedade inteira, conjugando a educa\u00e7\u00e3o formal com a educa\u00e7\u00e3o popular. Um plano generoso para devolver a prioridade e o protagonismo \u00e0 educa\u00e7\u00e3o, lembrando-nos que, abrindo escolas, estaremos reduzindo as pris\u00f5es, desarmando os cora\u00e7\u00f5es, esclarecendo e iluminando as mentes. Como afirmava a grande pedagoga Maria Montessori, a Paz \u00e9 constru\u00edda e edificada pela nobre e grandiosa tarefa de educar. Por uma educa\u00e7\u00e3o integral, humana, transcendente\u00a0 e solid\u00e1ria. Deus seja louvado!<\/p>\n","protected":false},"excerpt":{"rendered":"<p>Dom Roberto Francisco Ferreria Paz Bispo\u00a0 de Campos (RJ) Diante de um mundo que atravessa uma crise civilizat\u00f3ria, com tend\u00eancias autodestrutivas de alto risco: guerras em fatias, intoler\u00e2ncia, desigualdade e exaust\u00e3o do planeta, o Papa Francisco apresenta uma proposta prof\u00e9tica e inspiradora: Um Pacto Educativo Global. A celebra\u00e7\u00e3o desta iniciativa, aberta e propositiva, est\u00e1 marcada, &hellip;<\/p>\n<p class=\"read-more\"> <a class=\"\" href=\"https:\/\/www.cnbb.org.br\/um-pacto-educativo-global\/\"> <span class=\"screen-reader-text\">Um Pacto Educativo global<\/span> Leia mais &raquo;<\/a><\/p>\n","protected":false},"author":23,"featured_media":0,"comment_status":"closed","ping_status":"open","sticky":false,"template":"","format":"standard","meta":{"site-sidebar-layout":"default","site-content-layout":"default","ast-global-header-display":"","ast-banner-title-visibility":"","ast-main-header-display":"","ast-hfb-above-header-display":"","ast-hfb-below-header-display":"","ast-hfb-mobile-header-display":"","site-post-title":"","ast-breadcrumbs-content":"","ast-featured-img":"","footer-sml-layout":"","theme-transparent-header-meta":"","adv-header-id-meta":"","stick-header-meta":"","header-above-stick-meta":"","header-main-stick-meta":"","header-below-stick-meta":""},"categories":[758],"tags":[],"acf":[],"_links":{"self":[{"href":"https:\/\/www.cnbb.org.br\/cnbb-app\/wp\/v2\/posts\/36477"}],"collection":[{"href":"https:\/\/www.cnbb.org.br\/cnbb-app\/wp\/v2\/posts"}],"about":[{"href":"https:\/\/www.cnbb.org.br\/cnbb-app\/wp\/v2\/types\/post"}],"author":[{"embeddable":true,"href":"https:\/\/www.cnbb.org.br\/cnbb-app\/wp\/v2\/users\/23"}],"replies":[{"embeddable":true,"href":"https:\/\/www.cnbb.org.br\/cnbb-app\/wp\/v2\/comments?post=36477"}],"version-history":[{"count":0,"href":"https:\/\/www.cnbb.org.br\/cnbb-app\/wp\/v2\/posts\/36477\/revisions"}],"wp:attachment":[{"href":"https:\/\/www.cnbb.org.br\/cnbb-app\/wp\/v2\/media?parent=36477"}],"wp:term":[{"taxonomy":"category","embeddable":true,"href":"https:\/\/www.cnbb.org.br\/cnbb-app\/wp\/v2\/categories?post=36477"},{"taxonomy":"post_tag","embeddable":true,"href":"https:\/\/www.cnbb.org.br\/cnbb-app\/wp\/v2\/tags?post=36477"}],"curies":[{"name":"wp","href":"https:\/\/api.w.org\/{rel}","templated":true}]}}