{"id":36478,"date":"2020-01-23T00:00:00","date_gmt":"2020-01-23T03:00:00","guid":{"rendered":"https:\/\/www.cnbb.org.br\/a-cnbb-e-a-caritas-brasileira-encerram-doacoes-para-a-campanha-sos-africa\/"},"modified":"2020-10-23T16:13:24","modified_gmt":"2020-10-23T19:13:24","slug":"a-cnbb-e-a-caritas-brasileira-encerram-doacoes-para-a-campanha-sos-africa","status":"publish","type":"post","link":"https:\/\/www.cnbb.org.br\/a-cnbb-e-a-caritas-brasileira-encerram-doacoes-para-a-campanha-sos-africa\/","title":{"rendered":"A CNBB e a C\u00e1ritas brasileira encerram doa\u00e7\u00f5es para a Campanha SOS \u00c1frica"},"content":{"rendered":"<p style=\"text-align: justify\">A Confer\u00eancia Nacional dos Bispos do Brasil (CNBB) e a C\u00e1ritas Brasileira, organismo de promo\u00e7\u00e3o e atua\u00e7\u00e3o social da Igreja Cat\u00f3lica, encerram as doa\u00e7\u00f5es para a Campanha SOS \u00c1frica Mo\u00e7ambique, Zimb\u00e1bue e Malaui. Contudo, o trabalho de reconstru\u00e7\u00e3o das cidades atingidas pelo Ciclone Idai continua por meio da C\u00e1ritas Internacional, Portuguesa e Mo\u00e7ambique.<\/p>\n<p style=\"text-align: justify\">No Brasil, a primeira etapa da Campanha iniciada em mar\u00e7o de 2019, logo ap\u00f3s a ocorr\u00eancia do Ciclone Idai, arrecadou R$ 1.210.270,00 (Um milh\u00e3o, duzentos e dez mil, duzentos e setenta reais). J\u00e1 as doa\u00e7\u00f5es para a segunda fase, realizada em agosto de 2019, juntou R$ 405.670,01 (Quatrocentos e cinco mil seiscentos e setenta reais e um centavo). Nas duas etapas, o valor total arrecado, foi de R$ 1.615.940,01 (Um milh\u00e3o, seiscentos e quinze mil, novecentos e quarenta reais e um centavo).<\/p>\n<p style=\"text-align: justify\">A mobiliza\u00e7\u00e3o realizada pela CNBB e pela C\u00e1ritas Brasileira envolveu padres, bispos e leigos em comunidades, igrejas e arquidioceses espalhadas por todo o Brasil, bem como toda a sociedade Brasileira. O montante foi encaminhado \u00e0s Caritas nacionais dos pa\u00edses atingidos e sua implementa\u00e7\u00e3o \u00e9 coordenada pela C\u00e1ritas Internacional.<\/p>\n<p style=\"text-align: justify\">A reconstru\u00e7\u00e3o junto com as comunidades locais se d\u00e1, em especial, no apoio \u00e0 recupera\u00e7\u00e3o do setor agr\u00edcola como forma de contribuir para a seguran\u00e7a alimentar das popula\u00e7\u00f5es mais afetadas pelos ciclones.<\/p>\n<p style=\"text-align: justify\">Assista ao document\u00e1rio produzido pela Caritas Portuguesa: Recuperar Vidas. Restaurar a Esperan\u00e7a<\/p>\n<p><em>\u201cNunca, nem quando eu for muito velha, vou estar a contar essa hist\u00f3ria, nunca vou esquecer. Eu estou aqui por gra\u00e7a de Deus, foi ele que cuidou de mim e eu nem imaginava que ainda poderia estar aqui hoje!\u201d<\/em><\/p>\n<p>F\u00e1tima, tem 15 anos e sabe que a sua vida nunca mais ser\u00e1 a mesma, mas aquilo que viveu n\u00e3o lhe retirou a capacidade de sonhar! Esta \u00e9 a identidade do povo Mo\u00e7ambicano: tem o olhar no futuro e \u00e9 neste futuro que a C\u00e1ritas e a Igreja no Brasil est\u00e3o empenhadas.<\/p>\n<div class=\"ast-oembed-container\" style=\"height: 100%;\"><iframe loading=\"lazy\" title=\"Recuperar Vidas. Restaurar a Esperan\u00e7a -  minifilme #C\u00e1ritas 2019\" width=\"500\" height=\"281\" src=\"https:\/\/www.youtube.com\/embed\/o-98XhLUqBc?feature=oembed\" frameborder=\"0\" allow=\"accelerometer; autoplay; clipboard-write; encrypted-media; gyroscope; picture-in-picture\" allowfullscreen><\/iframe><\/div>\n<p>Foto: Dooshima Tsee \/ Caritas Internacional<\/p>\n<p><em>Com informa\u00e7\u00f5es da <a href=\"http:\/\/caritas.org.br\/noticias\/campanha-sos-africa-chega-ao-fim-mas-a-reconstrucao-continua-nos-paises-atingidos-pelo-ciclone-idai\" target=\"_blank\" rel=\"noopener\">C\u00e1ritas Brasileira<\/a><\/em><\/p>\n","protected":false},"excerpt":{"rendered":"<p>A mobiliza\u00e7\u00e3o realizada envolveu padres, bispos e leigos em comunidades espalhadas por todo o Brasil<\/p>\n","protected":false},"author":83,"featured_media":36479,"comment_status":"closed","ping_status":"open","sticky":false,"template":"","format":"standard","meta":{"site-sidebar-layout":"default","site-content-layout":"default","ast-global-header-display":"","ast-banner-title-visibility":"","ast-main-header-display":"","ast-hfb-above-header-display":"","ast-hfb-below-header-display":"","ast-hfb-mobile-header-display":"","site-post-title":"","ast-breadcrumbs-content":"","ast-featured-img":"","footer-sml-layout":"","theme-transparent-header-meta":"","adv-header-id-meta":"","stick-header-meta":"","header-above-stick-meta":"","header-main-stick-meta":"","header-below-stick-meta":""},"categories":[816,762],"tags":[1964],"acf":[],"_links":{"self":[{"href":"https:\/\/www.cnbb.org.br\/cnbb-app\/wp\/v2\/posts\/36478"}],"collection":[{"href":"https:\/\/www.cnbb.org.br\/cnbb-app\/wp\/v2\/posts"}],"about":[{"href":"https:\/\/www.cnbb.org.br\/cnbb-app\/wp\/v2\/types\/post"}],"author":[{"embeddable":true,"href":"https:\/\/www.cnbb.org.br\/cnbb-app\/wp\/v2\/users\/83"}],"replies":[{"embeddable":true,"href":"https:\/\/www.cnbb.org.br\/cnbb-app\/wp\/v2\/comments?post=36478"}],"version-history":[{"count":0,"href":"https:\/\/www.cnbb.org.br\/cnbb-app\/wp\/v2\/posts\/36478\/revisions"}],"wp:featuredmedia":[{"embeddable":true,"href":"https:\/\/www.cnbb.org.br\/cnbb-app\/wp\/v2\/media\/36479"}],"wp:attachment":[{"href":"https:\/\/www.cnbb.org.br\/cnbb-app\/wp\/v2\/media?parent=36478"}],"wp:term":[{"taxonomy":"category","embeddable":true,"href":"https:\/\/www.cnbb.org.br\/cnbb-app\/wp\/v2\/categories?post=36478"},{"taxonomy":"post_tag","embeddable":true,"href":"https:\/\/www.cnbb.org.br\/cnbb-app\/wp\/v2\/tags?post=36478"}],"curies":[{"name":"wp","href":"https:\/\/api.w.org\/{rel}","templated":true}]}}