{"id":36485,"date":"2020-01-23T00:00:00","date_gmt":"2020-01-23T03:00:00","guid":{"rendered":"https:\/\/www.cnbb.org.br\/uma-sociedade-justa\/"},"modified":"2020-01-23T00:00:00","modified_gmt":"2020-01-23T03:00:00","slug":"uma-sociedade-justa","status":"publish","type":"post","link":"https:\/\/www.cnbb.org.br\/uma-sociedade-justa\/","title":{"rendered":"Uma sociedade justa"},"content":{"rendered":"<p style=\"text-align: right\"><strong>Dom Fernando Ar\u00eaas Rifan<\/strong><br \/>\n<strong>Bispo da Administra\u00e7\u00e3o Apost\u00f3lica Pessoal<\/strong><\/p>\n<p>&nbsp;<\/p>\n<p style=\"text-align: justify\">Estou em Portugal, Sintra, onde vim participar, a convite, como todos os anos, de um Congresso internacional para Bispos, este ano com a presen\u00e7a de 134 Bispos, inclu\u00eddos 5 Cardeais, de 50 pa\u00edses, promovido pelo Acton Institute, institui\u00e7\u00e3o universit\u00e1ria americana voltada para estudos de economia e sociologia \u00e0 luz da Doutrina social da Igreja. O congresso deste ano versa sobre: \u201cF\u00e9, Raz\u00e3o e a Sociedade Justa\u201d.<\/p>\n<p style=\"text-align: justify\">Faz parte tamb\u00e9m do Congresso uma peregrina\u00e7\u00e3o dos Bispos ao Santu\u00e1rio de Nossa Senhora em F\u00e1tima, onde rezarei por todas as nossas inten\u00e7\u00f5es diante dos graves problemas pol\u00edticos, religiosos e morais da nossa sociedade brasileira e mundial.<\/p>\n<p style=\"text-align: justify\">A Doutrina Social da Igreja, tratada nesse congresso, abarca todos os problemas da chamada \u201cJusti\u00e7a Social\u201d. Eis o que nos ensina o seu Magist\u00e9rio, expresso no Catecismo da Igreja Cat\u00f3lica:<\/p>\n<p style=\"text-align: justify\">Sociedade Justa \u00e9 aquela na qual se pratica a justi\u00e7a social, ou seja, quando realiza as condi\u00e7\u00f5es que permitem a todos, associa\u00e7\u00f5es e cada membro seu, obter o que lhes \u00e9 devido conforme sua natureza e sua voca\u00e7\u00e3o. A justi\u00e7a social est\u00e1 ligada ao bem comum e ao exerc\u00edcio da autoridade (CIC 1928). S\u00f3 se pode conseguir a justi\u00e7a social no respeito \u00e0 dignidade transcendente do homem. A pessoa representa o fim \u00faltimo da sociedade, que por sua vez lhe est\u00e1 ordenada. Nisso todos s\u00e3o respons\u00e1veis. E o respeito \u00e0 pessoa humana implica que se respeitem os direitos que decorrem da sua dignidade de criatura de Deus. Esses direitos s\u00e3o anteriores \u00e0 sociedade e se lhe imp\u00f5em. S\u00e3o eles que fundam a legitimidade moral de toda autoridade. Sem esse respeito, uma autoridade s\u00f3 pode apoiar-se na for\u00e7a ou na viol\u00eancia para obter a obedi\u00eancia de seus s\u00faditos.<\/p>\n<p style=\"text-align: justify\">O respeito pela pessoa humana passa pelo respeito deste princ\u00edpio: \u201cQue cada um respeite o pr\u00f3ximo, sem exce\u00e7\u00e3o, como \u2018outro eu\u2019, levando em considera\u00e7\u00e3o antes de tudo sua vida e os meios necess\u00e1rios para mant\u00ea-la dignamente. Nenhuma lei seria capaz, por si s\u00f3, de fazer desaparecer os temores, os preconceitos, as atitudes de orgulho e ego\u00edsmo que constituem obst\u00e1culos para o estabelecimento de sociedades verdadeiramente fraternas. Esses comportamentos s\u00f3 podem cessar com a caridade, que v\u00ea em cada homem um \u201cpr\u00f3ximo\u201d, um irm\u00e3o. O dever de tornar-se pr\u00f3ximo do outro e servi-lo ativamente se torna ainda mais urgente quando este se acha mais carente, em qualquer setor que seja. \u201cTodas as vezes que fizestes a um destes meus irm\u00e3os menores, a mim o fizestes\u201d, disse Jesus (Mt 25, 40).<\/p>\n<p style=\"text-align: justify\">Este mesmo dever se estende \u00e0queles que pensam ou agem diferentemente de n\u00f3s. A doutrina de Cristo vai at\u00e9 o ponto de exigir o perd\u00e3o das ofensas. Estende o mandamento do amor, que \u00e9 o da nova lei, a todos os inimigos. A liberta\u00e7\u00e3o no esp\u00edrito do Evangelho \u00e9 incompat\u00edvel com o \u00f3dio ao inimigo, como pessoa, mas n\u00e3o com o \u00f3dio ao mal que este pratica, como inimigo (cf. CIC 1928-1933).<\/p>\n<p style=\"text-align: justify\">\n<p>&nbsp;<\/p>\n<p>&nbsp;<\/p>\n","protected":false},"excerpt":{"rendered":"<p>Dom Fernando Ar\u00eaas Rifan Bispo da Administra\u00e7\u00e3o Apost\u00f3lica Pessoal &nbsp; Estou em Portugal, Sintra, onde vim participar, a convite, como todos os anos, de um Congresso internacional para Bispos, este ano com a presen\u00e7a de 134 Bispos, inclu\u00eddos 5 Cardeais, de 50 pa\u00edses, promovido pelo Acton Institute, institui\u00e7\u00e3o universit\u00e1ria americana voltada para estudos de economia &hellip;<\/p>\n<p class=\"read-more\"> <a class=\"\" href=\"https:\/\/www.cnbb.org.br\/uma-sociedade-justa\/\"> <span class=\"screen-reader-text\">Uma sociedade justa<\/span> Leia mais &raquo;<\/a><\/p>\n","protected":false},"author":29,"featured_media":0,"comment_status":"closed","ping_status":"open","sticky":false,"template":"","format":"standard","meta":{"site-sidebar-layout":"default","site-content-layout":"default","ast-global-header-display":"","ast-banner-title-visibility":"","ast-main-header-display":"","ast-hfb-above-header-display":"","ast-hfb-below-header-display":"","ast-hfb-mobile-header-display":"","site-post-title":"","ast-breadcrumbs-content":"","ast-featured-img":"","footer-sml-layout":"","theme-transparent-header-meta":"","adv-header-id-meta":"","stick-header-meta":"","header-above-stick-meta":"","header-main-stick-meta":"","header-below-stick-meta":""},"categories":[758],"tags":[],"acf":[],"_links":{"self":[{"href":"https:\/\/www.cnbb.org.br\/cnbb-app\/wp\/v2\/posts\/36485"}],"collection":[{"href":"https:\/\/www.cnbb.org.br\/cnbb-app\/wp\/v2\/posts"}],"about":[{"href":"https:\/\/www.cnbb.org.br\/cnbb-app\/wp\/v2\/types\/post"}],"author":[{"embeddable":true,"href":"https:\/\/www.cnbb.org.br\/cnbb-app\/wp\/v2\/users\/29"}],"replies":[{"embeddable":true,"href":"https:\/\/www.cnbb.org.br\/cnbb-app\/wp\/v2\/comments?post=36485"}],"version-history":[{"count":0,"href":"https:\/\/www.cnbb.org.br\/cnbb-app\/wp\/v2\/posts\/36485\/revisions"}],"wp:attachment":[{"href":"https:\/\/www.cnbb.org.br\/cnbb-app\/wp\/v2\/media?parent=36485"}],"wp:term":[{"taxonomy":"category","embeddable":true,"href":"https:\/\/www.cnbb.org.br\/cnbb-app\/wp\/v2\/categories?post=36485"},{"taxonomy":"post_tag","embeddable":true,"href":"https:\/\/www.cnbb.org.br\/cnbb-app\/wp\/v2\/tags?post=36485"}],"curies":[{"name":"wp","href":"https:\/\/api.w.org\/{rel}","templated":true}]}}