{"id":36486,"date":"2020-01-23T00:00:00","date_gmt":"2020-01-23T03:00:00","guid":{"rendered":"https:\/\/www.cnbb.org.br\/cuidado-e-bom-senso\/"},"modified":"2020-01-23T00:00:00","modified_gmt":"2020-01-23T03:00:00","slug":"cuidado-e-bom-senso","status":"publish","type":"post","link":"https:\/\/www.cnbb.org.br\/cuidado-e-bom-senso\/","title":{"rendered":"Cuidado e bom senso\u00a0"},"content":{"rendered":"<p style=\"text-align: right\"><strong>Dom Jaime Spengler<br \/>\nArcebispo de Porto Alegre<\/strong><\/p>\n<p>&nbsp;<\/p>\n<p style=\"text-align: justify\"><span data-contrast=\"none\">A tarefa de cuidar e melhorar o mundo para as futuras gera\u00e7\u00f5es, requer de\u00a0<\/span><span data-contrast=\"none\">todos<\/span><span data-contrast=\"none\">\u00a0mudan\u00e7as profundas nos estilos de vida, nos modelos de produ\u00e7\u00e3o e de consumo, nas estruturas consolidadas de poder que regem a sociedade. Trata-se de uma tarefa que exige bom senso, determina\u00e7\u00e3o e coragem.<\/span><span data-ccp-props=\"{&quot;134233117&quot;:true,&quot;134233118&quot;:true,&quot;201341983&quot;:0,&quot;335551550&quot;:6,&quot;335551620&quot;:6,&quot;335559731&quot;:700,&quot;335559738&quot;:240,&quot;335559739&quot;:240,&quot;335559740&quot;:240}\">\u00a0<\/span><\/p>\n<p style=\"text-align: justify\"><span data-contrast=\"none\">A tradi\u00e7\u00e3o b\u00edblica ensina a ver o ser humano como protagonista de um processo no qual ele \u00e9 receptor de favores e sujeito ativo de decis\u00f5es que determinam o sentido de seu pr\u00f3prio ser. Ele \u00e9 destinado a cuidar do meio ambiente. O cuidado \u00e9 o suporte vital da liberdade, da intelig\u00eancia e da criatividade. No desenvolvimento da obra do cuidado \u00e9 poss\u00edvel colher os princ\u00edpios, os valores e as atitudes que proporcionam o\u00a0<\/span><span data-contrast=\"none\">con-viver<\/span><span data-contrast=\"none\">\u00a0e o bem-viver.<\/span><span data-ccp-props=\"{&quot;134233117&quot;:true,&quot;134233118&quot;:true,&quot;201341983&quot;:0,&quot;335551550&quot;:6,&quot;335551620&quot;:6,&quot;335559731&quot;:700,&quot;335559738&quot;:240,&quot;335559739&quot;:240,&quot;335559740&quot;:240}\">\u00a0<\/span><\/p>\n<p style=\"text-align: justify\"><span data-contrast=\"none\">A Casa Comum, com tudo aquilo que ela oferece generosamente para uma vida digna para todos, clama por cuidado. Cuidado para com as pessoas, culturas, biomas, plantas, \u00e1guas, ar, animais, enfim, cuidado com a Terra.<\/span><span data-ccp-props=\"{&quot;134233117&quot;:true,&quot;134233118&quot;:true,&quot;201341983&quot;:0,&quot;335551550&quot;:6,&quot;335551620&quot;:6,&quot;335559731&quot;:700,&quot;335559738&quot;:240,&quot;335559739&quot;:240,&quot;335559740&quot;:240}\">\u00a0<\/span><\/p>\n<p style=\"text-align: justify\"><span data-contrast=\"none\">A sociedade moderna consome grande quantidade de energia. Os combust\u00edveis f\u00f3sseis, como petr\u00f3leo e carv\u00e3o,\u00a0<\/span><span data-contrast=\"none\">t\u00eam sido a grande fonte de energia<\/span><span data-contrast=\"none\">\u00a0para suprir as necessidades da ind\u00fastria.<\/span><span data-ccp-props=\"{&quot;134233117&quot;:true,&quot;134233118&quot;:true,&quot;201341983&quot;:0,&quot;335551550&quot;:6,&quot;335551620&quot;:6,&quot;335559731&quot;:700,&quot;335559738&quot;:240,&quot;335559739&quot;:240,&quot;335559740&quot;:240}\">\u00a0<\/span><\/p>\n<p style=\"text-align: justify\"><span data-contrast=\"none\">H\u00e1 s\u00e9rias raz\u00f5es para buscar fontes alternativas de energia. O carv\u00e3o mineral, por exemplo, \u00e9 altamente poluente. Prejudica o meio ambiente desde a sua extra\u00e7\u00e3o at\u00e9 a produ\u00e7\u00e3o de seus subprodutos. \u00c9 uma fonte de energia n\u00e3o renov\u00e1vel. O processo de sua combust\u00e3o provoca emiss\u00e3o de gases poluentes na atmosfera, agravando o efeito estufa.<\/span><span data-ccp-props=\"{&quot;134233117&quot;:true,&quot;134233118&quot;:true,&quot;201341983&quot;:0,&quot;335551550&quot;:6,&quot;335551620&quot;:6,&quot;335559731&quot;:700,&quot;335559738&quot;:240,&quot;335559739&quot;:240,&quot;335559740&quot;:240}\">\u00a0<\/span><\/p>\n<p style=\"text-align: justify\"><span data-contrast=\"none\">Est\u00e1 em discuss\u00e3o a explora\u00e7\u00e3o de carv\u00e3o mineral \u00e0s margens do Rio Jacu\u00ed, na regi\u00e3o de Eldorado do Sul e \u00e0s portas da cidade de Porto Alegre. Existem s\u00e9rias obje\u00e7\u00f5es a respeito dessa iniciativa. Riscos de contamina\u00e7\u00e3o do solo, do ar e da \u00e1gua s\u00e3o reais. O vi\u00e9s econ\u00f4mico n\u00e3o pode ser o \u00fanico crit\u00e9rio para determinar a explora\u00e7\u00e3o ou n\u00e3o da mina. Certamente os avan\u00e7os tecnol\u00f3gicos oferecem possibilidade de opera\u00e7\u00f5es sempre mais confi\u00e1veis. Contudo h\u00e1 sempre uma conta ambiental a ser paga, al\u00e9m do impacto sobre a natureza e a sa\u00fade das pessoas que moram na regi\u00e3o para usufruir de poss\u00edveis e question\u00e1veis ganhos econ\u00f4micos.\u202f Total seguran\u00e7a \u00e9 algo imposs\u00edvel. Ningu\u00e9m de bom senso \u00e9 capaz de afirmar com absoluta seguran\u00e7a que a explora\u00e7\u00e3o \u00e9 ambientalmente segura.<\/span><span data-ccp-props=\"{&quot;134233117&quot;:true,&quot;134233118&quot;:true,&quot;201341983&quot;:0,&quot;335551550&quot;:6,&quot;335551620&quot;:6,&quot;335559731&quot;:700,&quot;335559738&quot;:240,&quot;335559739&quot;:240,&quot;335559740&quot;:240}\">\u00a0<\/span><\/p>\n<p style=\"text-align: justify\"><span data-contrast=\"none\">O cuidado promove e salva a vida. Nosso dever comum\u00a0<\/span><span data-contrast=\"none\">\u00e9<\/span><span data-contrast=\"none\">\u00a0dela cuidar e promover.<\/span><span data-ccp-props=\"{&quot;134233117&quot;:true,&quot;134233118&quot;:true,&quot;201341983&quot;:0,&quot;335551550&quot;:6,&quot;335551620&quot;:6,&quot;335559731&quot;:700,&quot;335559738&quot;:240,&quot;335559739&quot;:240,&quot;335559740&quot;:240}\">\u00a0<\/span><\/p>\n<p style=\"text-align: justify\"><span data-ccp-props=\"{&quot;201341983&quot;:0,&quot;335559739&quot;:200,&quot;335559740&quot;:276}\">\u00a0<\/span><\/p>\n","protected":false},"excerpt":{"rendered":"<p>Dom Jaime Spengler Arcebispo de Porto Alegre &nbsp; A tarefa de cuidar e melhorar o mundo para as futuras gera\u00e7\u00f5es, requer de\u00a0todos\u00a0mudan\u00e7as profundas nos estilos de vida, nos modelos de produ\u00e7\u00e3o e de consumo, nas estruturas consolidadas de poder que regem a sociedade. Trata-se de uma tarefa que exige bom senso, determina\u00e7\u00e3o e coragem.\u00a0 A &hellip;<\/p>\n<p class=\"read-more\"> <a class=\"\" href=\"https:\/\/www.cnbb.org.br\/cuidado-e-bom-senso\/\"> <span class=\"screen-reader-text\">Cuidado e bom senso\u00a0<\/span> Leia mais &raquo;<\/a><\/p>\n","protected":false},"author":11,"featured_media":0,"comment_status":"closed","ping_status":"open","sticky":false,"template":"","format":"standard","meta":{"site-sidebar-layout":"default","site-content-layout":"default","ast-global-header-display":"","ast-banner-title-visibility":"","ast-main-header-display":"","ast-hfb-above-header-display":"","ast-hfb-below-header-display":"","ast-hfb-mobile-header-display":"","site-post-title":"","ast-breadcrumbs-content":"","ast-featured-img":"","footer-sml-layout":"","theme-transparent-header-meta":"","adv-header-id-meta":"","stick-header-meta":"","header-above-stick-meta":"","header-main-stick-meta":"","header-below-stick-meta":""},"categories":[758],"tags":[],"acf":[],"_links":{"self":[{"href":"https:\/\/www.cnbb.org.br\/cnbb-app\/wp\/v2\/posts\/36486"}],"collection":[{"href":"https:\/\/www.cnbb.org.br\/cnbb-app\/wp\/v2\/posts"}],"about":[{"href":"https:\/\/www.cnbb.org.br\/cnbb-app\/wp\/v2\/types\/post"}],"author":[{"embeddable":true,"href":"https:\/\/www.cnbb.org.br\/cnbb-app\/wp\/v2\/users\/11"}],"replies":[{"embeddable":true,"href":"https:\/\/www.cnbb.org.br\/cnbb-app\/wp\/v2\/comments?post=36486"}],"version-history":[{"count":0,"href":"https:\/\/www.cnbb.org.br\/cnbb-app\/wp\/v2\/posts\/36486\/revisions"}],"wp:attachment":[{"href":"https:\/\/www.cnbb.org.br\/cnbb-app\/wp\/v2\/media?parent=36486"}],"wp:term":[{"taxonomy":"category","embeddable":true,"href":"https:\/\/www.cnbb.org.br\/cnbb-app\/wp\/v2\/categories?post=36486"},{"taxonomy":"post_tag","embeddable":true,"href":"https:\/\/www.cnbb.org.br\/cnbb-app\/wp\/v2\/tags?post=36486"}],"curies":[{"name":"wp","href":"https:\/\/api.w.org\/{rel}","templated":true}]}}