{"id":36495,"date":"2020-01-24T00:00:00","date_gmt":"2020-01-24T03:00:00","guid":{"rendered":"https:\/\/www.cnbb.org.br\/dom-mol-com-o-tear-da-comunicacao-em-maos\/"},"modified":"2020-01-24T00:00:00","modified_gmt":"2020-01-24T03:00:00","slug":"dom-mol-com-o-tear-da-comunicacao-em-maos","status":"publish","type":"post","link":"https:\/\/www.cnbb.org.br\/dom-mol-com-o-tear-da-comunicacao-em-maos\/","title":{"rendered":"Com o tear da comunica\u00e7\u00e3o em m\u00e3os"},"content":{"rendered":"<p style=\"text-align: right\"><strong>Dom Joaquim Giovani Mol Guimar\u00e3es<\/strong><br \/>\n<strong>Bispo auxiliar de Belo Horizonte (MG)<\/strong><br \/>\n<strong>Presidente da Comiss\u00e3o Episcopal Pastoral para a Comunica\u00e7\u00e3o da CNBB<\/strong><\/p>\n<p>&nbsp;<\/p>\n<p style=\"text-align: justify\">Aproxima-se o Dia Mundial das Comunica\u00e7\u00f5es para lembrar-nos que somos comunica\u00e7\u00e3o muito mais do que praticamos comunica\u00e7\u00e3o pelos seus m\u00faltiplos e complexos meios. Para este ano de 2020 o Papa Francisco agiganta um tema-realidade: a imprescindibilidade da narra\u00e7\u00e3o, \u201cpara que possas contar e fixar na mem\u00f3ria\u201d, dando status de paradigma a esta mensagem de Ex 10,2. Fazer comunica\u00e7\u00e3o \u00e9 fazer narra\u00e7\u00e3o de hist\u00f3rias e ao mesmo tempo criar narrativas da vida presente com uma finalidade urgente: \u201cpara n\u00e3o nos perdermos\u201d, para protegermos nossas ra\u00edzes e delas n\u00e3o sermos arrancados, pela \u201cconfus\u00e3o de vozes e mensagens\u201d que nos atropelam diariamente.<\/p>\n<p style=\"text-align: justify\">Quando narramos, ensina o Papa Francisco, tecemos nossas hist\u00f3rias para \u201ccompreender e dizer quem somos\u201d, o que fazemos, que sentido tem nossa exist\u00eancia. Revelamo-nos. Fortalecemo-nos para enfrentar os momentos mais dif\u00edceis da vida, tornando-nos corajosos. Para tecer as narra\u00e7\u00f5es \u00e9 preciso usar os \u201cteares\u201d da comunica\u00e7\u00e3o. Aqui est\u00e1 o ponto! Colocar os teares da comunica\u00e7\u00e3o a servi\u00e7o das boas hist\u00f3rias e n\u00e3o o contr\u00e1rio. Somos chamados a empunhar o tear da comunica\u00e7\u00e3o para os graves e necess\u00e1rios enfrentamentos dos <em>fake news<\/em> e <em>deepfake<\/em>, as not\u00edcias e os v\u00eddeos mentirosos, manipulados, falsos, que n\u00e3o narram a hist\u00f3ria humana, mas, ao contr\u00e1rio, a menosprezam e destroem.<\/p>\n<p style=\"text-align: justify\">Se por Jesus devemos ser especialistas em humanidade, em sua hist\u00f3ria, centro da B\u00edblia, a narrativa da \u201cgrande hist\u00f3ria de amor entre Deus e a humanidade\u201d, reconhecemos a \u201cperfei\u00e7\u00e3o deste amor de Deus pelo homem e, ao mesmo tempo, a hist\u00f3ria de amor do homem por Deus\u201d. O ser humano ser\u00e1 sempre \u201ccontador\u201d dessa Hist\u00f3ria, pessoa a pessoa, fam\u00edlia a fam\u00edlia, comunidade a comunidade, gera\u00e7\u00e3o a gera\u00e7\u00e3o. E a cada vez que ela \u00e9 contada a nossa hist\u00f3ria se renova e torna-se digna de tamb\u00e9m ser contada por in\u00fameras e belas narrativas, j\u00e1 que \u201cn\u00e3o existem hist\u00f3rias humanas insignificantes ou pequenas, depois que Deus Se fez hist\u00f3ria\u201d.<\/p>\n<p style=\"text-align: justify\">Agentes da PASCOM espalhados por este imenso Brasil, jornalistas, publicit\u00e1rios e rela\u00e7\u00f5es p\u00fablicas, assessores de comunica\u00e7\u00e3o, cineastas, teatr\u00f3logos, internautas, escritores, artistas pl\u00e1sticos, m\u00fasicos, padres, leigos, bispos, jovens, idosos, homens e mulheres, evangelizadores&#8230; tomemos o tear da comunica\u00e7\u00e3o em m\u00e3os, fa\u00e7amos da vida, hist\u00f3ria; \u201cpara que possas contar e fixar na mem\u00f3ria\u201d Ex,10,2.<\/p>\n<p style=\"text-align: justify\">Ao papa Francisco, t\u00e3o inspirado reformador e narrador de hist\u00f3rias, por atitudes, gestos e palavras, agradecemos, enquanto rendemos gra\u00e7as a Deus por sua hist\u00f3ria.<\/p>\n<p style=\"text-align: justify\">\n","protected":false},"excerpt":{"rendered":"<p>Dom Joaquim Giovani Mol Guimar\u00e3es Bispo auxiliar de Belo Horizonte (MG) Presidente da Comiss\u00e3o Episcopal Pastoral para a Comunica\u00e7\u00e3o da CNBB &nbsp; Aproxima-se o Dia Mundial das Comunica\u00e7\u00f5es para lembrar-nos que somos comunica\u00e7\u00e3o muito mais do que praticamos comunica\u00e7\u00e3o pelos seus m\u00faltiplos e complexos meios. Para este ano de 2020 o Papa Francisco agiganta um &hellip;<\/p>\n<p class=\"read-more\"> <a class=\"\" href=\"https:\/\/www.cnbb.org.br\/dom-mol-com-o-tear-da-comunicacao-em-maos\/\"> <span class=\"screen-reader-text\">Com o tear da comunica\u00e7\u00e3o em m\u00e3os<\/span> Leia mais &raquo;<\/a><\/p>\n","protected":false},"author":68,"featured_media":0,"comment_status":"closed","ping_status":"open","sticky":false,"template":"","format":"standard","meta":{"site-sidebar-layout":"default","site-content-layout":"default","ast-global-header-display":"","ast-banner-title-visibility":"","ast-main-header-display":"","ast-hfb-above-header-display":"","ast-hfb-below-header-display":"","ast-hfb-mobile-header-display":"","site-post-title":"","ast-breadcrumbs-content":"","ast-featured-img":"","footer-sml-layout":"","theme-transparent-header-meta":"","adv-header-id-meta":"","stick-header-meta":"","header-above-stick-meta":"","header-main-stick-meta":"","header-below-stick-meta":""},"categories":[758],"tags":[],"acf":[],"_links":{"self":[{"href":"https:\/\/www.cnbb.org.br\/cnbb-app\/wp\/v2\/posts\/36495"}],"collection":[{"href":"https:\/\/www.cnbb.org.br\/cnbb-app\/wp\/v2\/posts"}],"about":[{"href":"https:\/\/www.cnbb.org.br\/cnbb-app\/wp\/v2\/types\/post"}],"author":[{"embeddable":true,"href":"https:\/\/www.cnbb.org.br\/cnbb-app\/wp\/v2\/users\/68"}],"replies":[{"embeddable":true,"href":"https:\/\/www.cnbb.org.br\/cnbb-app\/wp\/v2\/comments?post=36495"}],"version-history":[{"count":0,"href":"https:\/\/www.cnbb.org.br\/cnbb-app\/wp\/v2\/posts\/36495\/revisions"}],"wp:attachment":[{"href":"https:\/\/www.cnbb.org.br\/cnbb-app\/wp\/v2\/media?parent=36495"}],"wp:term":[{"taxonomy":"category","embeddable":true,"href":"https:\/\/www.cnbb.org.br\/cnbb-app\/wp\/v2\/categories?post=36495"},{"taxonomy":"post_tag","embeddable":true,"href":"https:\/\/www.cnbb.org.br\/cnbb-app\/wp\/v2\/tags?post=36495"}],"curies":[{"name":"wp","href":"https:\/\/api.w.org\/{rel}","templated":true}]}}