{"id":36503,"date":"2020-01-25T00:00:00","date_gmt":"2020-01-25T03:00:00","guid":{"rendered":"https:\/\/www.cnbb.org.br\/fieis-participam-da-1a-romaria-da-arquidiocese-de-belo-horizonte-pela-ecologia-integral\/"},"modified":"2020-10-23T16:07:17","modified_gmt":"2020-10-23T19:07:17","slug":"fieis-participam-da-1a-romaria-da-arquidiocese-de-belo-horizonte-pela-ecologia-integral","status":"publish","type":"post","link":"https:\/\/www.cnbb.org.br\/fieis-participam-da-1a-romaria-da-arquidiocese-de-belo-horizonte-pela-ecologia-integral\/","title":{"rendered":"Fi\u00e9is participam da 1\u00aa Romaria da Arquidiocese de Belo Horizonte pela Ecologia Integral"},"content":{"rendered":"<p style=\"text-align: justify\">Nem mesmo a chuva foi capaz de desanimar os fi\u00e9is da Arquidiocese de Belo Horizonte e de comunidades de f\u00e9 das v\u00e1rias regi\u00f5es do pa\u00eds, que participaram neste s\u00e1bado, 25 de janeiro, da Primeira Romaria da Arquidiocese de Belo Horizonte pela Ecologia Integral a Brumadinho.<\/p>\n<p style=\"text-align: justify\">Logo no inicio da manh\u00e3, os romeiros se uniram aos familiares das 272 v\u012btimas e dos 11 desaparecidos do rompimento da barragem de rejeitos de min\u00e9rio em momento de partilha e ora\u00e7\u00e3o. Em seguida, conduzidos pelo bispo auxiliar dom Vicente Ferreira, seguiram em caminhada.<\/p>\n<p style=\"text-align: justify\">O bispo auxiliar de Belo Horizonte (MG) e membro da Comiss\u00e3o Especial para a Ecologia Integral e Minera\u00e7\u00e3o da Confer\u00eancia Nacional dos Bispos do Brasil (CNBB), dom Vicente Pereira firmou que as a\u00e7\u00f5es em defesa de uma Ecologia Integral devem ser cont\u00ednuas e fazer parte do compromisso de todo crist\u00e3o. \u201cJesus disse: eu vim para que todos tenham vida e a vida humana n\u00e3o deve ser desassociada do cuidado com a natureza\u201d. O bispo destacou a mensagem enviada pelo Papa Francisco ao povo de Brumadinho, deixando claro que n\u00e3o se trata de um problema local, mas que diz respeito \u00e0 toda humanidade.<\/p>\n<figure id=\"attachment_232373\" aria-describedby=\"caption-attachment-232373\" style=\"width: 225px\" class=\"wp-caption alignleft\"><a href=\"https:\/\/www.cnbb.org.br\/fieis-participam-da-1a-romaria-da-arquidiocese-de-belo-horizonte-pela-ecologia-integral\/brumadinhobaloes\/\" rel=\"attachment wp-att-232373\"><img decoding=\"async\" loading=\"lazy\" class=\"wp-image-232373 size-medium\" src=\"https:\/\/www.cnbb.org.br\/wp-content\/uploads\/2020\/03\/BrumadinhoBal\u00f5es-225x300.jpeg\" alt=\"\" width=\"225\" height=\"300\" \/><\/a><figcaption id=\"caption-attachment-232373\" class=\"wp-caption-text\">Momento em homagem \u00e0s 272 v\u00edtimas. Fotos: Arquidiocese de Belo Horizonte e padre D\u00e1rio Giulliano<\/figcaption><\/figure>\n<p style=\"text-align: justify\">Em sil\u00eancio, os fi\u00e9is retornaram ao letreiro que fica entrada da cidade e se encontraram com familiares das vitimas em um momento de grande emo\u00e7\u00e3o, em que foram lidos todos os nomes das pessoas que perderam a vida nessa trag\u00e9dia.<\/p>\n<p style=\"text-align: justify\">Os profissionais que ainda trabalham na localiza\u00e7\u00e3o dos corpos, foram homenageados . \u00c0s 12h28, na mesma hora em que a barragem se rompeu, h\u00e1 um ano, centenas de bal\u00f5es vermelhos e brancos coloriram o c\u00e9u de Brumadinho.<\/p>\n<p style=\"text-align: justify\">Integrantes de comunidades ind\u00edgenas afetadas pela lama da barragem, que at\u00e9 hoje polui o Rio Paraopeba, se uniram em momento de espiritualidade, \u00e0s 15h.<\/p>\n<p style=\"text-align: justify\">O arcebispo de Belo Horizonte (MG) e presidente da Confer\u00eancia Nacional dos Bispos do Brasil (CNBB), dom Walmor Oliveira de Azevedo levou seu apoio \u00e0s fam\u00edlias das v\u00edtimas, participando junto com o povo de Brumadinho da Missa presidida, no fim da tarde, pelo bispo auxiliar para a Regi\u00e3o Episcopal Nossa Senhora do Ros\u00e1rio (Renser), dom Vicente Ferreira.<\/p>\n<p style=\"text-align: justify\">O bispo de Caxias (MA) e presidente da Comiss\u00e3o Especial para Ecologia Integral e Minera\u00e7\u00e3o da CNBB, dom Sebasti\u00e3o Lima Duarte, tamb\u00e9m participou da Romaria e concelebrou a missa.<\/p>\n<p style=\"text-align: justify\">Na ora\u00e7\u00e3o ap\u00f3s a comunh\u00e3o, dom Walmor falou da import\u00e2ncia de estar concluindo esta primeira Romaria pela Ecologia Integral no Centro de Forma\u00e7\u00e3o da diocese. &#8220;Aqui \u00e9 um lugar-escola, escola do Evangelho, de escuta e aprendizagem sobre a Ecologia Integral&#8221;, disse.\u00a0 Para o presidente da CNBB, falar da Ecologia Integral n\u00e3o \u00e9 t\u00e3o dif\u00edcil. O desafio, segundo ele, \u00e9 viver algo que exige\u00a0 convers\u00e3o de todos n\u00f3s e do nosso modo de vida.<\/p>\n<figure id=\"attachment_232393\" aria-describedby=\"caption-attachment-232393\" style=\"width: 300px\" class=\"wp-caption alignright\"><a href=\"https:\/\/www.cnbb.org.br\/fieis-participam-da-1a-romaria-da-arquidiocese-de-belo-horizonte-pela-ecologia-integral\/domwalmor-11\/\" rel=\"attachment wp-att-232393\"><img decoding=\"async\" loading=\"lazy\" class=\"wp-image-232393 size-medium\" src=\"https:\/\/www.cnbb.org.br\/wp-content\/uploads\/2020\/02\/domWalmor.jpg\" alt=\"\" width=\"300\" height=\"225\" \/><\/a><figcaption id=\"caption-attachment-232393\" class=\"wp-caption-text\">Dom Walmor na missa em mem\u00f3ria das v\u00edtimas de Brumadinho. Foto: Comunica\u00e7\u00e3o Arquidiocese de Belo Horizonte.<\/figcaption><\/figure>\n<p style=\"text-align: justify\">Dom Walmor lembrou uma frase que ecoou no dia em que se celebra 1 ano de Brumadinho e a mem\u00f3ria da convers\u00e3o de S\u00e3o Paulo, as palavras proferidas por Jesus: &#8220;Ide ao mundo inteiro e pregai o Evangelho a toda a criatura&#8221;. \u00c9 por isto que estamos aqui, disse o arcebispo, pelo compromisso de pregar o evangelho. &#8220;<em>A nossa maior e mais honrosa tarefa \u00e9 pregar o Evangelho, n\u00e3o apenas com palavras mas com for\u00e7a prof\u00e9tica&#8221;, afirmou.<\/em><\/p>\n<p style=\"text-align: justify\">A &#8220;trag\u00e9dia-crime&#8221; de Brumadinho, segundo Walmor, desafia a todos profundamente. &#8220;Desafia a aprendizagem de quem exerce o poder a uma nova compreens\u00e3o e a ter coragem de propor a\u00e7\u00f5es que possam transformar a realidade&#8221;.<\/p>\n<p style=\"text-align: justify\">O presidente da CNBB agradeceu aos representantes do Minist\u00e9rio P\u00fablico Federal, presentes \u00e0 romaria, apontando a necessidade de que as institui\u00e7\u00f5es se renovem, incluindo a Igreja, <em>&#8220;com uma nova clarivid\u00eancia para termos coragem de n\u00e3o apenas dizer que \u00e9 preciso mudar mas encontrar os caminhos necess\u00e1rios&#8221;.<\/em><\/p>\n<p style=\"text-align: justify\">O religioso destacou os esfor\u00e7os que a CNBB est\u00e1 realizando com a cria\u00e7\u00e3o da Comiss\u00e3o Especial para a Ecologia Integral e Minera\u00e7\u00e3o e lembrou que \u00e9 um trabalho que n\u00e3o pode ser paliativo e que exigir\u00e1 a\u00e7\u00f5es de longo prazo. Apos pedir sil\u00eancio em homenagem \u00e0s v\u00edtimas, 272 mortos e 11 desaparecidos, dom Walmor lamentou que ap\u00f3s um ano do acidente ainda n\u00e3o se tenha feito tudo que precisa ser feito. Para os que pecam, dom Walmor afirmou ser necess\u00e1rio o perd\u00e3o, mas para quem cometeu o crime ele disse ser necess\u00e1rio a pena.<\/p>\n<p style=\"text-align: justify\">Ap\u00f3s a fala de dom Walmor, foi exibido o v\u00eddeo com a ora\u00e7\u00e3o do Papa Francisco, enviado especialmente aos participantes da Romaria e aos familiares das v\u00edtimas da trag\u00e9dia.<\/p>\n<p><a href=\"https:\/\/www.cnbb.org.br\/fieis-participam-da-1a-romaria-da-arquidiocese-de-belo-horizonte-pela-ecologia-integral\/brumadinhopainel\/\" rel=\"attachment wp-att-232395\"><img decoding=\"async\" loading=\"lazy\" class=\"size-full wp-image-232395 aligncenter\" src=\"https:\/\/www.cnbb.org.br\/wp-content\/uploads\/2020\/03\/Brumadinhopainel.jpg\" alt=\"\" width=\"800\" height=\"600\" \/><\/a><\/p>\n<h3>O que \u00e9 Ecologia Integral?<\/h3>\n<p style=\"text-align: justify\">O termo \u2018ecologia integral\u2019 n\u00e3o define apenas ecologia com meio-ambiente, florestas e temas \u00f3bvios associados a ela. Mas as consequ\u00eancias do modelo econ\u00f4mico que levaram o planeta ao est\u00e1gio de degrada\u00e7\u00e3o social e ambiental da atualidade.<\/p>\n<p style=\"text-align: justify\">O conceito de ecologia integral tem sido muito citado na atualidade e \u00e9 nos proposto pelo Papa Francisco em sua Enc\u00edclica <a href=\"http:\/\/www.vatican.va\/content\/francesco\/pt\/encyclicals\/documents\/papa-francesco_20150524_enciclica-laudato-si.html\" target=\"_blank\" rel=\"noopener\">&#8220;Laudato Si &#8211; Louvado Seja &#8211; sobre o cuidado com a Nossa Casa Comum, a irm\u00e3 e M\u00e3e Terra&#8221;<\/a>.\u00a0Na\u00a0enc\u00edclica, o\u00a0Papa\u00a0prop\u00f5e uma\u00a0reflex\u00e3o\u00a0sobre a\u00a0rela\u00e7\u00e3o profunda\u00a0existente entre todas as criaturas do nosso\u00a0planeta.<\/p>\n<p style=\"text-align: justify\">\u201cProponho que nos detenhamos agora a refletir sobre os diferentes elementos duma ecologia integral, que inclua claramente as dimens\u00f5es humanas e sociais\u201d. (Laudato Si, 137)<\/p>\n<p style=\"text-align: justify\">Papa Francisco\u00a0ressalta que \u2018tudo est\u00e1 interligado\u2019: a\u00a0natureza\u00a0e a\u00a0sociedade que a habita. O\u00a0Pont\u00edfice\u00a0define o termo ecologia com um significado mais profundo de\u00a0meio ambiente, verde, e desenvolve o termo \u201cecologia integral\u201d, dando um sentido mais amplo\u00a0compreendendo\u00a0as\u00a0dimens\u00f5es humanas e sociais.<\/p>\n<p style=\"text-align: justify\">A\u00a0ecologia integral nos prop\u00f5e uma nova maneira de entender a rela\u00e7\u00e3o entre todas as criaturas do nosso planeta na dimens\u00e3o\u00a0ambiental, econ\u00f4mico, social, cultural e vida quotidiana.<\/p>\n<p><em>Com informa\u00e7\u00f5es e fotos da Arquidiocese de Belo Horizonte (MG)<\/em><\/p>\n","protected":false},"excerpt":{"rendered":"<p>Dom Vicente Pereira afirmou que as a\u00e7\u00f5es em defesa de uma Ecologia Integral devem fazer parte do compromisso de todo crist\u00e3o<\/p>\n","protected":false},"author":83,"featured_media":36505,"comment_status":"closed","ping_status":"open","sticky":false,"template":"","format":"standard","meta":{"site-sidebar-layout":"default","site-content-layout":"default","ast-global-header-display":"","ast-banner-title-visibility":"","ast-main-header-display":"","ast-hfb-above-header-display":"","ast-hfb-below-header-display":"","ast-hfb-mobile-header-display":"","site-post-title":"","ast-breadcrumbs-content":"","ast-featured-img":"","footer-sml-layout":"","theme-transparent-header-meta":"","adv-header-id-meta":"","stick-header-meta":"","header-above-stick-meta":"","header-main-stick-meta":"","header-below-stick-meta":""},"categories":[1],"tags":[2052],"acf":[],"_links":{"self":[{"href":"https:\/\/www.cnbb.org.br\/cnbb-app\/wp\/v2\/posts\/36503"}],"collection":[{"href":"https:\/\/www.cnbb.org.br\/cnbb-app\/wp\/v2\/posts"}],"about":[{"href":"https:\/\/www.cnbb.org.br\/cnbb-app\/wp\/v2\/types\/post"}],"author":[{"embeddable":true,"href":"https:\/\/www.cnbb.org.br\/cnbb-app\/wp\/v2\/users\/83"}],"replies":[{"embeddable":true,"href":"https:\/\/www.cnbb.org.br\/cnbb-app\/wp\/v2\/comments?post=36503"}],"version-history":[{"count":0,"href":"https:\/\/www.cnbb.org.br\/cnbb-app\/wp\/v2\/posts\/36503\/revisions"}],"wp:featuredmedia":[{"embeddable":true,"href":"https:\/\/www.cnbb.org.br\/cnbb-app\/wp\/v2\/media\/36505"}],"wp:attachment":[{"href":"https:\/\/www.cnbb.org.br\/cnbb-app\/wp\/v2\/media?parent=36503"}],"wp:term":[{"taxonomy":"category","embeddable":true,"href":"https:\/\/www.cnbb.org.br\/cnbb-app\/wp\/v2\/categories?post=36503"},{"taxonomy":"post_tag","embeddable":true,"href":"https:\/\/www.cnbb.org.br\/cnbb-app\/wp\/v2\/tags?post=36503"}],"curies":[{"name":"wp","href":"https:\/\/api.w.org\/{rel}","templated":true}]}}