{"id":36587,"date":"2020-01-15T00:00:00","date_gmt":"2020-01-15T03:00:00","guid":{"rendered":"https:\/\/www.cnbb.org.br\/a-caridade-terceiro-pilar-da-casa\/"},"modified":"2020-01-15T00:00:00","modified_gmt":"2020-01-15T03:00:00","slug":"a-caridade-terceiro-pilar-da-casa","status":"publish","type":"post","link":"https:\/\/www.cnbb.org.br\/a-caridade-terceiro-pilar-da-casa\/","title":{"rendered":"A caridade, terceiro pilar da\u00a0casa\u00a0"},"content":{"rendered":"<p style=\"text-align: right\"><strong>Dom Adelar\u00a0Baruffi<br \/>\nBispo de Cruz Alta\u00a0<\/strong><\/p>\n<p>&nbsp;<\/p>\n<p style=\"text-align: justify\"><span data-contrast=\"auto\">Continuando a reflex\u00e3o\u00a0<\/span><span data-contrast=\"auto\">d<\/span><span data-contrast=\"auto\">os pilares da\u00a0<\/span><span data-contrast=\"auto\">\u201c<\/span><span data-contrast=\"auto\">casa<\/span><span data-contrast=\"auto\">\u201d como s\u00edmbolo<\/span><span data-contrast=\"auto\">\u00a0da vida crist\u00e3, da Igreja, afirmamos a caridade como o distintivo do ser crist\u00e3o na sociedade. O amor a Deus, necessariamente se volta para o pr\u00f3ximo.<\/span><span data-contrast=\"auto\">\u00a0Uma profunda<\/span><span data-contrast=\"auto\">\u00a0intimidade com o Senhor e viv\u00eancia da comunh\u00e3o e amizade numa comunidade de f\u00e9 levam, necessariamente, aos irm\u00e3os, \u00e0 vida familiar e \u00e0 ecologia integral. \u201cSem ora\u00e7\u00e3o n\u00e3o existe vida crist\u00e3 aut\u00eantica. Sem caridade, a ora\u00e7\u00e3o n\u00e3o pode ser considerada crist\u00e3. Quando se contempla Deus, percebe-se a beleza do pequeno e do simples, e se educa o olhar para ver as necessidades do outro\u201d (CNBB,\u00a0<\/span><i><span data-contrast=\"auto\">Diretrizes,<\/span><\/i><i><span data-contrast=\"auto\">\u00a0<\/span><\/i><span data-contrast=\"auto\">n. 102). As quest\u00f5es sociais dizem respeito a todos os crist\u00e3os e n\u00e3o se referem, na sua origem, a op\u00e7\u00f5es pol\u00edticas. \u00c9 uma decorr\u00eancia l\u00f3gica de uma f\u00e9 madura<\/span><span data-contrast=\"auto\">. Quem n\u00e3o tem um cora\u00e7\u00e3o e a\u00e7\u00f5es misericordiosas ainda n\u00e3o compreendeu o que \u00e9 ser crist\u00e3o.\u00a0<\/span><span data-ccp-props=\"{&quot;201341983&quot;:0,&quot;335551550&quot;:6,&quot;335551620&quot;:6,&quot;335559739&quot;:200,&quot;335559740&quot;:276}\">\u00a0<\/span><\/p>\n<p style=\"text-align: justify\"><span data-contrast=\"auto\">\u201cA pr\u00f3pria beleza do Evangelho nem sempre a conseguimos manifestar adequadamente, mas h\u00e1 um sinal que nunca deve faltar: a op\u00e7\u00e3o pelos \u00faltimos, por aqueles que a sociedade descarta e lan\u00e7a fora\u201d (EG 195). N\u00f3s temos clareza sobre isto. Que nenhum cat\u00f3lico\u00a0<\/span><span data-contrast=\"auto\">coloque<\/span><span data-contrast=\"auto\">\u00a0d\u00favidas\u00a0<\/span><span data-contrast=\"auto\">n<\/span><span data-contrast=\"auto\">esta verdade fundamental do evangelho de Jesus Cristo, nosso Salvador: o seu cora\u00e7\u00e3o se movia de compaix\u00e3o diante dos sofredores.<\/span><span data-contrast=\"auto\">\u00a0J\u00e1 afirmei na minha Carta Pastoral\u00a0<\/span><i><span data-contrast=\"auto\">Adultos na f\u00e9<\/span><\/i><span data-contrast=\"auto\">, \u201c<\/span><span data-contrast=\"auto\">a f\u00e9 cat\u00f3lica constitui um edif\u00edcio harm\u00f4nico, no qual n\u00e3o \u00e9 poss\u00edvel fazer op\u00e7\u00f5es por algumas verdades e rejeitar outras sem cair em contradi\u00e7\u00e3o. N\u00e3o somente a ades\u00e3o intelectual \u00e0s verdades por Jesus Cristo anunciadas, mas a comunh\u00e3o de vida, com o Senhor Ressuscitado, que veio at\u00e9 n\u00f3s como nosso Redentor e caminha conosco. Ent\u00e3o, a ades\u00e3o \u00e0 f\u00e9 cat\u00f3lica, na comunh\u00e3o eclesial, n\u00e3o pode ser seletiva, mas integral, na busca cont\u00ednua das raz\u00f5es pelas quais se cr\u00ea. Da\u00ed tamb\u00e9m a coer\u00eancia das op\u00e7\u00f5es pastorais e da moral. Seria uma contradi\u00e7\u00e3o gritante seguir a Jesus Cristo e n\u00e3o ter um cora\u00e7\u00e3o misericor<\/span><span data-contrast=\"auto\">dioso, sobretudo com os pobres\u201d (p. 57-58).\u00a0<\/span><span data-contrast=\"auto\">Compreendemos<\/span><span data-contrast=\"auto\">, ent\u00e3o,<\/span><span data-contrast=\"auto\">\u00a0o sentido e a import\u00e2ncia das pastorais sociais. \u00c9 muito errada a compreens\u00e3o da f\u00e9 como algo meramente privado e intimista ou, tamb\u00e9m, como separada das op\u00e7\u00f5es fundamentais do mundo do trabalho, da profiss\u00e3o, da \u00e9tica e at\u00e9 dos valores.<\/span><span data-ccp-props=\"{&quot;201341983&quot;:0,&quot;335551550&quot;:6,&quot;335551620&quot;:6,&quot;335559731&quot;:708,&quot;335559739&quot;:200,&quot;335559740&quot;:276}\">\u00a0<\/span><\/p>\n<p style=\"text-align: justify\"><span data-contrast=\"auto\">As quest\u00f5es sociais s\u00e3o amplas e pedem dos cat\u00f3licos um conhecimento e aprofundamento de toda a Doutrina Social da Igreja. \u00c9 uma rica heran\u00e7a, que, fiel ao ensinamento da Tradi\u00e7\u00e3o, atualiza e concretiza para os dramas sociais atuais o \u00fanico dep\u00f3sito da f\u00e9. Todos os desafios do nosso tempo dizem respeito \u00e0 viv\u00eancia do evangelho<\/span><span data-contrast=\"auto\">: a defesa da vida, desde a concep\u00e7\u00e3o at\u00e9 sua morte natural, a fam\u00edlia, o sentido da vida, os desafios ecol\u00f3gicos, o meio ambiente, os pobres, a viol\u00eancia, os jovens exclu\u00eddos, a justi\u00e7a no mundo do trabalho, o di\u00e1logo para superar conflitos e a busca da paz. As Diret<\/span><span data-contrast=\"auto\">rizes apontam o modo de tratar\u00a0<\/span><span data-contrast=\"auto\">estas quest\u00f5es: \u201cem uma postura de servi\u00e7o, di\u00e1logo, respeito \u00e0 dignidade da pessoa humana, defesa dos exclu\u00eddos e marginalizados, compaix\u00e3o, busca da justi\u00e7a, do bem comum e<\/span><span data-contrast=\"auto\">\u00a0do cuidado com o meio ambiente<\/span><span data-contrast=\"auto\">\u201d (<\/span><span data-contrast=\"auto\">CNBB,\u00a0<\/span><i><span data-contrast=\"auto\">Diretrizes,\u00a0<\/span><\/i><span data-contrast=\"auto\">n. 104).\u00a0<\/span><span data-ccp-props=\"{&quot;201341983&quot;:0,&quot;335551550&quot;:6,&quot;335551620&quot;:6,&quot;335559731&quot;:708,&quot;335559739&quot;:200,&quot;335559740&quot;:276}\">\u00a0<\/span><\/p>\n<p style=\"text-align: justify\"><span data-contrast=\"auto\">Esforcemo-nos para n\u00e3o rotular e dividir. A caridade deve nos unir sempre. Somemo-nos a todos os que, amando a Deus conseguem ver no outro sua imagem, digna de respeito e merecedor de nossa compaix\u00e3o. Afinal, em Cristo formamos uma \u00fanica grande fam\u00edlia, sem muros e preconceitos.\u00a0<\/span><span data-ccp-props=\"{&quot;201341983&quot;:0,&quot;335551550&quot;:6,&quot;335551620&quot;:6,&quot;335559731&quot;:709,&quot;335559739&quot;:200,&quot;335559740&quot;:276}\">\u00a0<\/span><\/p>\n<p>&nbsp;<\/p>\n","protected":false},"excerpt":{"rendered":"<p>Dom Adelar\u00a0Baruffi Bispo de Cruz Alta\u00a0 &nbsp; Continuando a reflex\u00e3o\u00a0dos pilares da\u00a0\u201ccasa\u201d como s\u00edmbolo\u00a0da vida crist\u00e3, da Igreja, afirmamos a caridade como o distintivo do ser crist\u00e3o na sociedade. O amor a Deus, necessariamente se volta para o pr\u00f3ximo.\u00a0Uma profunda\u00a0intimidade com o Senhor e viv\u00eancia da comunh\u00e3o e amizade numa comunidade de f\u00e9 levam, necessariamente, &hellip;<\/p>\n<p class=\"read-more\"> <a class=\"\" href=\"https:\/\/www.cnbb.org.br\/a-caridade-terceiro-pilar-da-casa\/\"> <span class=\"screen-reader-text\">A caridade, terceiro pilar da\u00a0casa\u00a0<\/span> Leia mais &raquo;<\/a><\/p>\n","protected":false},"author":26,"featured_media":0,"comment_status":"closed","ping_status":"open","sticky":false,"template":"","format":"standard","meta":{"site-sidebar-layout":"default","site-content-layout":"default","ast-global-header-display":"","ast-banner-title-visibility":"","ast-main-header-display":"","ast-hfb-above-header-display":"","ast-hfb-below-header-display":"","ast-hfb-mobile-header-display":"","site-post-title":"","ast-breadcrumbs-content":"","ast-featured-img":"","footer-sml-layout":"","theme-transparent-header-meta":"","adv-header-id-meta":"","stick-header-meta":"","header-above-stick-meta":"","header-main-stick-meta":"","header-below-stick-meta":""},"categories":[758],"tags":[],"acf":[],"_links":{"self":[{"href":"https:\/\/www.cnbb.org.br\/cnbb-app\/wp\/v2\/posts\/36587"}],"collection":[{"href":"https:\/\/www.cnbb.org.br\/cnbb-app\/wp\/v2\/posts"}],"about":[{"href":"https:\/\/www.cnbb.org.br\/cnbb-app\/wp\/v2\/types\/post"}],"author":[{"embeddable":true,"href":"https:\/\/www.cnbb.org.br\/cnbb-app\/wp\/v2\/users\/26"}],"replies":[{"embeddable":true,"href":"https:\/\/www.cnbb.org.br\/cnbb-app\/wp\/v2\/comments?post=36587"}],"version-history":[{"count":0,"href":"https:\/\/www.cnbb.org.br\/cnbb-app\/wp\/v2\/posts\/36587\/revisions"}],"wp:attachment":[{"href":"https:\/\/www.cnbb.org.br\/cnbb-app\/wp\/v2\/media?parent=36587"}],"wp:term":[{"taxonomy":"category","embeddable":true,"href":"https:\/\/www.cnbb.org.br\/cnbb-app\/wp\/v2\/categories?post=36587"},{"taxonomy":"post_tag","embeddable":true,"href":"https:\/\/www.cnbb.org.br\/cnbb-app\/wp\/v2\/tags?post=36587"}],"curies":[{"name":"wp","href":"https:\/\/api.w.org\/{rel}","templated":true}]}}