{"id":36614,"date":"2020-02-03T00:00:00","date_gmt":"2020-02-03T03:00:00","guid":{"rendered":"https:\/\/www.cnbb.org.br\/fevereiro\/"},"modified":"2020-02-03T00:00:00","modified_gmt":"2020-02-03T03:00:00","slug":"fevereiro","status":"publish","type":"post","link":"https:\/\/www.cnbb.org.br\/fevereiro\/","title":{"rendered":"Fevereiro"},"content":{"rendered":"<p style=\"text-align: right\"><strong>Dom Pedro Carlos Cipollini<br \/>\nBispo de Santo Andr\u00e9 (SP)<\/strong><\/p>\n<p style=\"text-align: justify\">O m\u00eas de fevereiro \u00e9 o menor do calend\u00e1rio, nem por isso deixa de ter sua riqueza, assinalando datas importantes. Logo se pensa no Carnaval, e as pessoas costumam dizer que o Brasil s\u00f3 funciona ap\u00f3s o Carnaval. \u00c9 uma ideia equivocada, porque a maioria da popula\u00e7\u00e3o est\u00e1 desde o in\u00edcio do ano trabalhando, e muito.<\/p>\n<p style=\"text-align: justify\">O que podemos desejar \u00e9 que os festejos do Carnaval, esta bonita festa popular, tragam alegria verdadeira, n\u00e3o s\u00f3 contentamento que passa r\u00e1pido, deixando ang\u00fastia e desgosto de paix\u00f5es mal vividas, muitas vezes afogadas em bebida.<\/p>\n<p style=\"text-align: justify\">Algumas categorias de trabalhadores ser\u00e3o contempladas neste m\u00eas: dia 1\u00ba \u00e9 dia do publicit\u00e1rio, dia 7 do gr\u00e1fico, dia 10 do atleta. Sempre nos lembraremos de alguns amigos \u00a0conhecidos para homenagear neste seu dia, e isto \u00e9 bom.<\/p>\n<p style=\"text-align: justify\">\u00c9 rico tamb\u00e9m o calend\u00e1rio religioso que assinala dia 2 como o dia que celebramos Nossa Senhora da Candel\u00e1ria, ela apresenta Jesus \u201cluz do mundo\u201d; dia 3 S\u00e3o Br\u00e1s, que protege a garganta; dia 11, Nossa Senhora de Lourdes, dia da b\u00ean\u00e7\u00e3o aos doentes, pois Lourdes \u00e9 o maior centro de peregrina\u00e7\u00f5es de doentes do mundo, e, dia 22, dia da C\u00e1tedra de S\u00e3o Pedro.<\/p>\n<p style=\"text-align: justify\">Mas \u00e9 na quarta-feira de Cinzas, o dia mais importante. Na minha agenda tem a seguinte frase neste dia: \u201cTrope\u00e7amos sempre nas pedras pequenas, porque as grandes sempre enxergamos\u201d. De fato, s\u00e3o tantas pedras pequenas no nosso caminho que, \u00e0s vezes, formam obst\u00e1culos intranspon\u00edveis. E pensar que muitas destas pedras n\u00f3s mesmos as colocamos!<\/p>\n<p style=\"text-align: justify\">A quarta-feira de Cinzas assinala o in\u00edcio da Quaresma, tempo prop\u00edcio para refletir mais demoradamente nas pedras do caminho que nos atrapalham em nossa caminhada para Deus e para os irm\u00e3os.<\/p>\n<p style=\"text-align: justify\">Quaresma \u00e9 tempo de penit\u00eancia e isto parece anacr\u00f4nico. Ela, por\u00e9m, \u00e9 aconselhada por muitos profissionais admirados e seguidos. N\u00e3o h\u00e1 penit\u00eancia maior que o autoconhecimento, \u00e9 aconselhado por psic\u00f3logos. Comer menos, fazer exerc\u00edcios, o que tira do comodismo, \u00e9 aconselhado pelos m\u00e9dicos. Ter educa\u00e7\u00e3o e cordialidade no trato \u00e9 aconselhado por qualquer ag\u00eancia de emprego. Deixar a pregui\u00e7a, trabalhar com honestidade \u00e9 norma em qualquer curso de capacita\u00e7\u00e3o. Paci\u00eancia no tr\u00e2nsito \u00e9 ensinada em autoescolas e assim por diante&#8230;<\/p>\n<p style=\"text-align: justify\">N\u00e3o fumar, n\u00e3o beber em excesso \u00e9 recomendado pelo Minist\u00e9rio da Sa\u00fade. Ensinar crian\u00e7as a ter disciplina \u00e9 sinal de amor por elas, dizem os pedagogos. Enfim, a penit\u00eancia est\u00e1 na ordem do dia com outro nome.<\/p>\n<p style=\"text-align: justify\">Quando os profissionais prescrevem \u00e9 qualidade de vida. Quando a Igreja prop\u00f5e com base no Evangelho \u00e9 atraso, repress\u00e3o etc. A diferen\u00e7a \u00e9 que para a pessoa religiosa tudo isto deve ser feito por amor, como Jesus recomenda e n\u00e3o por interesse ou segundas inten\u00e7\u00f5es. Vivamos bem o m\u00eas de fevereiro que este ano \u00e9 bissexto, e portanto mais longo.<\/p>\n","protected":false},"excerpt":{"rendered":"<p>Dom Pedro Carlos Cipollini Bispo de Santo Andr\u00e9 (SP) O m\u00eas de fevereiro \u00e9 o menor do calend\u00e1rio, nem por isso deixa de ter sua riqueza, assinalando datas importantes. Logo se pensa no Carnaval, e as pessoas costumam dizer que o Brasil s\u00f3 funciona ap\u00f3s o Carnaval. \u00c9 uma ideia equivocada, porque a maioria da &hellip;<\/p>\n<p class=\"read-more\"> <a class=\"\" href=\"https:\/\/www.cnbb.org.br\/fevereiro\/\"> <span class=\"screen-reader-text\">Fevereiro<\/span> Leia mais &raquo;<\/a><\/p>\n","protected":false},"author":28,"featured_media":0,"comment_status":"closed","ping_status":"open","sticky":false,"template":"","format":"standard","meta":{"site-sidebar-layout":"default","site-content-layout":"default","ast-global-header-display":"","ast-banner-title-visibility":"","ast-main-header-display":"","ast-hfb-above-header-display":"","ast-hfb-below-header-display":"","ast-hfb-mobile-header-display":"","site-post-title":"","ast-breadcrumbs-content":"","ast-featured-img":"","footer-sml-layout":"","theme-transparent-header-meta":"","adv-header-id-meta":"","stick-header-meta":"","header-above-stick-meta":"","header-main-stick-meta":"","header-below-stick-meta":""},"categories":[758],"tags":[],"acf":[],"_links":{"self":[{"href":"https:\/\/www.cnbb.org.br\/cnbb-app\/wp\/v2\/posts\/36614"}],"collection":[{"href":"https:\/\/www.cnbb.org.br\/cnbb-app\/wp\/v2\/posts"}],"about":[{"href":"https:\/\/www.cnbb.org.br\/cnbb-app\/wp\/v2\/types\/post"}],"author":[{"embeddable":true,"href":"https:\/\/www.cnbb.org.br\/cnbb-app\/wp\/v2\/users\/28"}],"replies":[{"embeddable":true,"href":"https:\/\/www.cnbb.org.br\/cnbb-app\/wp\/v2\/comments?post=36614"}],"version-history":[{"count":0,"href":"https:\/\/www.cnbb.org.br\/cnbb-app\/wp\/v2\/posts\/36614\/revisions"}],"wp:attachment":[{"href":"https:\/\/www.cnbb.org.br\/cnbb-app\/wp\/v2\/media?parent=36614"}],"wp:term":[{"taxonomy":"category","embeddable":true,"href":"https:\/\/www.cnbb.org.br\/cnbb-app\/wp\/v2\/categories?post=36614"},{"taxonomy":"post_tag","embeddable":true,"href":"https:\/\/www.cnbb.org.br\/cnbb-app\/wp\/v2\/tags?post=36614"}],"curies":[{"name":"wp","href":"https:\/\/api.w.org\/{rel}","templated":true}]}}