{"id":36629,"date":"2020-02-04T00:00:00","date_gmt":"2020-02-04T03:00:00","guid":{"rendered":"https:\/\/www.cnbb.org.br\/fraternidade-qual-seu-fundamento\/"},"modified":"2020-02-04T00:00:00","modified_gmt":"2020-02-04T03:00:00","slug":"fraternidade-qual-seu-fundamento","status":"publish","type":"post","link":"https:\/\/www.cnbb.org.br\/fraternidade-qual-seu-fundamento\/","title":{"rendered":"Fraternidade, qual seu fundamento?\u00a0"},"content":{"rendered":"<p style=\"text-align: right\"><strong>Dom Adelar\u00a0Baruffi<br \/>\nBispo de Cruz Alta\u00a0<\/strong><\/p>\n<p>&nbsp;<\/p>\n<p style=\"text-align: justify\"><span data-contrast=\"auto\">Deus escreve com cada um de n\u00f3s, uma hist\u00f3ria \u00fanica<\/span><span data-contrast=\"auto\">. Para quem cr\u00ea, somos frutos de uma hist\u00f3ria do amor de Deus\u00a0<\/span><span data-contrast=\"auto\">em<\/span><span data-contrast=\"auto\">\u00a0cada um\u00a0<\/span><span data-contrast=\"auto\">de n\u00f3s. No Conc\u00edlio Vaticano II\u00a0<\/span><span data-contrast=\"auto\">(Constitui\u00e7\u00e3o Pastoral\u00a0<\/span><i><span data-contrast=\"auto\">Gaudium<\/span><\/i><i><span data-contrast=\"auto\">\u00a0<\/span><\/i><i><span data-contrast=\"auto\">et<\/span><\/i><i><span data-contrast=\"auto\">\u00a0<\/span><\/i><i><span data-contrast=\"auto\">Spes<\/span><\/i><span data-contrast=\"auto\">)<\/span><span data-contrast=\"auto\">\u00a0a Igreja Cat\u00f3lica falou sobre uma antropologia crist\u00e3. O primeiro elemento fundamental da compreens\u00e3o do ser humano \u00e9 que foi criado. \u00c9 fruto de algu\u00e9m que o precede, que o pensa.<\/span><span data-contrast=\"auto\">\u00a0O mundo n\u00e3o inicia a partir de cada um.<\/span><span data-contrast=\"auto\">\u00a0Na primeira p\u00e1gina<\/span><span data-contrast=\"auto\">,\u00a0<\/span><span data-contrast=\"auto\">a B\u00edblia fala n\u00e3o somente de que o homem foi criado, mas que Deus colocou nele \u201ca imagem de Deus\u201d<\/span><span data-contrast=\"auto\">\u00a0(<\/span><span data-contrast=\"auto\">Gn<\/span><span data-contrast=\"auto\">\u00a01,26). Este princ\u00edpio nos diz que Deus nos constituiu como aqueles com quem ele dirige sua palavra: \u201ce lhes disse\u201d (<\/span><span data-contrast=\"auto\">Gn<\/span><span data-contrast=\"auto\">\u00a01, 28). A nenhuma outra criatura Deus lhes dirigiu a palavra, somente ao homem e \u00e0 mulher. Em cada ser humano, de todos os tempos, est\u00e1 a imagem de Deus. Isto significa que n\u00e3o h\u00e1 uma ra\u00e7a ou classe\u00a0<\/span><span data-contrast=\"auto\">que traz a<\/span><span data-contrast=\"auto\">\u00a0imagem de Deus e outra n\u00e3o. Tamb\u00e9m significa que a bondade de Deus reside na vida e nas a\u00e7\u00f5es de todos. A todos Deus convida \u00e0 comunh\u00e3o consigo e \u00e0 vida fraterna. Esta dimens\u00e3o vertical \u00e9 constitutiva de todo ser humano.<\/span><span data-ccp-props=\"{&quot;201341983&quot;:0,&quot;335551550&quot;:6,&quot;335551620&quot;:6,&quot;335559739&quot;:200,&quot;335559740&quot;:276}\">\u00a0<\/span><\/p>\n<p style=\"text-align: justify\"><span data-contrast=\"auto\">Ligado \u00e0 primeira dimens\u00e3o est\u00e1\u00a0<\/span><span data-contrast=\"auto\">a<\/span><span data-contrast=\"auto\">\u00a0compreens\u00e3o de nossa fraternidade. De fato, se somos\u00a0<\/span><span data-contrast=\"auto\">todos imagens<\/span><span data-contrast=\"auto\">\u00a0de Deus, por que n\u00e3o fundamentar nossa comunh\u00e3o exatamente nele? As sociedades<\/span><span data-contrast=\"auto\">\u00a0modernas foram organizando as rela\u00e7\u00f5es a partir de um consenso de todos os membros. Isto n\u00e3o est\u00e1 errado.\u00a0<\/span><span data-contrast=\"auto\">Vivemos num mundo plural e, n\u00f3s crist\u00e3o,<\/span><span data-contrast=\"auto\">\u00a0somos chamados a ir al\u00e9m dos consensos reconhecidos socialmente. Disto se compreende que todas as pessoas tem a dignidade de \u201cimagem de Deus\u201d. A ruptura do tecido social tem sua origem na ruptura da rela\u00e7\u00e3o com Deus. Fica muito dif\u00edcil reconhecer a dignidade humana, com todos os seus direitos e deveres, se tirarmos das pessoas a sua rela\u00e7\u00e3o com Deus. Como poderemos ver no semelhante um irm\u00e3o, se me falta\u00a0<\/span><span data-contrast=\"auto\">a<\/span><span data-contrast=\"auto\">\u00a0liga\u00e7\u00e3o primeira da qual parte toda a dimens\u00e3o social? N\u00e3o poucas vezes, o semelhante<\/span><span data-contrast=\"auto\">\u00a0\u00e9 coisificado, descartado de sua dignidade, sobretudo as crian\u00e7as, os idosos e os pobres.\u00a0<\/span><span data-contrast=\"auto\">A \u201cfam\u00edlia humana\u201d (Francisco) tem sua base na pat<\/span><span data-contrast=\"auto\">ernidade comum, em Deus, nosso Criador e P<\/span><span data-contrast=\"auto\">ai. A falta de miseric\u00f3rdia, neste sentido, \u00e9 um grande pecado.\u00a0<\/span><span data-ccp-props=\"{&quot;201341983&quot;:0,&quot;335551550&quot;:6,&quot;335551620&quot;:6,&quot;335559739&quot;:200,&quot;335559740&quot;:276}\">\u00a0<\/span><\/p>\n<p style=\"text-align: justify\"><span data-contrast=\"auto\">Por isso, disse nosso Papa Francisco<\/span><span data-contrast=\"auto\">,<\/span><span data-contrast=\"auto\">\u00a0que h\u00e1 uma urg\u00eancia de se resolver as causas estruturais da pobreza. \u201cEnquanto n\u00e3o forem radicalmente solucionados os problemas dos pobres, renunciando \u00e0 autonomia absoluta dos mercados e da especula\u00e7\u00e3o financeira e atacando as causas estruturais da desigualdade social, n\u00e3o se resolver\u00e3o os problemas do mundo e, em definitivo, problema algum. A desigualdade \u00e9 a raiz dos males sociais\u201d (EG, n. 202). Concordamos com Francisco.\u00a0<\/span><span data-contrast=\"auto\">S<\/span><span data-contrast=\"auto\">omos uma s<\/span><span data-contrast=\"auto\">ociedade muito desigual. E isto tem a ver com nossa dimens\u00e3o humana e, sobretudo, crist\u00e3.\u00a0<\/span><span data-ccp-props=\"{&quot;201341983&quot;:0,&quot;335551550&quot;:6,&quot;335551620&quot;:6,&quot;335559739&quot;:200,&quot;335559740&quot;:276}\">\u00a0<\/span><\/p>\n<p style=\"text-align: justify\"><span data-contrast=\"auto\">Claro, sabemos que o pecado habita no ser humano. Ele desconstr\u00f3i o ser humano e sua rela\u00e7\u00e3o com os semelhantes. \u201cRecusando muitas vezes a reconhecer Deus como seu princ\u00edpio, o homem destruiu a devida ordem em rela\u00e7\u00e3o ao fim \u00faltimo e, ao mesmo tempo,\u00a0<\/span><span data-contrast=\"auto\">toda sua harmonia co<\/span><span data-contrast=\"auto\">nsigo<\/span><span data-contrast=\"auto\">\u00a0mesmo, com os outros homens<\/span><span data-contrast=\"auto\">\u00a0e as criaturas\u201d (GS, n. 13).\u00a0<\/span><span data-contrast=\"auto\">Nossa caminhada humana \u00e9 um \u201ccombate espiritual\u201d (S\u00e3o Paulo) na supera\u00e7\u00e3o do pecado, constantemente presente em cada um de n\u00f3s. Apoiemo-nos na gra\u00e7a de Deus.<\/span><span data-contrast=\"auto\">\u00a0Para os que\u00a0<\/span><span data-contrast=\"auto\">creem<\/span><span data-contrast=\"auto\">,<\/span><span data-contrast=\"auto\">\u00a0nossa comunh\u00e3o fraterna tem sua base em Deus, pois a partir dele somos irm\u00e3os e irm\u00e3s.\u00a0<\/span><span data-ccp-props=\"{&quot;201341983&quot;:0,&quot;335551550&quot;:6,&quot;335551620&quot;:6,&quot;335559739&quot;:200,&quot;335559740&quot;:276}\">\u00a0<\/span><\/p>\n<p>&nbsp;<\/p>\n","protected":false},"excerpt":{"rendered":"<p>Dom Adelar\u00a0Baruffi Bispo de Cruz Alta\u00a0 &nbsp; Deus escreve com cada um de n\u00f3s, uma hist\u00f3ria \u00fanica. Para quem cr\u00ea, somos frutos de uma hist\u00f3ria do amor de Deus\u00a0em\u00a0cada um\u00a0de n\u00f3s. No Conc\u00edlio Vaticano II\u00a0(Constitui\u00e7\u00e3o Pastoral\u00a0Gaudium\u00a0et\u00a0Spes)\u00a0a Igreja Cat\u00f3lica falou sobre uma antropologia crist\u00e3. O primeiro elemento fundamental da compreens\u00e3o do ser humano \u00e9 que foi &hellip;<\/p>\n<p class=\"read-more\"> <a class=\"\" href=\"https:\/\/www.cnbb.org.br\/fraternidade-qual-seu-fundamento\/\"> <span class=\"screen-reader-text\">Fraternidade, qual seu fundamento?\u00a0<\/span> Leia mais &raquo;<\/a><\/p>\n","protected":false},"author":26,"featured_media":0,"comment_status":"closed","ping_status":"open","sticky":false,"template":"","format":"standard","meta":{"site-sidebar-layout":"default","site-content-layout":"default","ast-global-header-display":"","ast-banner-title-visibility":"","ast-main-header-display":"","ast-hfb-above-header-display":"","ast-hfb-below-header-display":"","ast-hfb-mobile-header-display":"","site-post-title":"","ast-breadcrumbs-content":"","ast-featured-img":"","footer-sml-layout":"","theme-transparent-header-meta":"","adv-header-id-meta":"","stick-header-meta":"","header-above-stick-meta":"","header-main-stick-meta":"","header-below-stick-meta":""},"categories":[758],"tags":[],"acf":[],"_links":{"self":[{"href":"https:\/\/www.cnbb.org.br\/cnbb-app\/wp\/v2\/posts\/36629"}],"collection":[{"href":"https:\/\/www.cnbb.org.br\/cnbb-app\/wp\/v2\/posts"}],"about":[{"href":"https:\/\/www.cnbb.org.br\/cnbb-app\/wp\/v2\/types\/post"}],"author":[{"embeddable":true,"href":"https:\/\/www.cnbb.org.br\/cnbb-app\/wp\/v2\/users\/26"}],"replies":[{"embeddable":true,"href":"https:\/\/www.cnbb.org.br\/cnbb-app\/wp\/v2\/comments?post=36629"}],"version-history":[{"count":0,"href":"https:\/\/www.cnbb.org.br\/cnbb-app\/wp\/v2\/posts\/36629\/revisions"}],"wp:attachment":[{"href":"https:\/\/www.cnbb.org.br\/cnbb-app\/wp\/v2\/media?parent=36629"}],"wp:term":[{"taxonomy":"category","embeddable":true,"href":"https:\/\/www.cnbb.org.br\/cnbb-app\/wp\/v2\/categories?post=36629"},{"taxonomy":"post_tag","embeddable":true,"href":"https:\/\/www.cnbb.org.br\/cnbb-app\/wp\/v2\/tags?post=36629"}],"curies":[{"name":"wp","href":"https:\/\/api.w.org\/{rel}","templated":true}]}}