{"id":36669,"date":"2020-02-06T00:00:00","date_gmt":"2020-02-06T03:00:00","guid":{"rendered":"https:\/\/www.cnbb.org.br\/em-nota-cimi-manifesta-preocupacao-com-recentes-iniciativas-do-governo-federal-em-relacao-aos-povos-indigenas\/"},"modified":"2020-02-06T00:00:00","modified_gmt":"2020-02-06T03:00:00","slug":"em-nota-cimi-manifesta-preocupacao-com-recentes-iniciativas-do-governo-federal-em-relacao-aos-povos-indigenas","status":"publish","type":"post","link":"https:\/\/www.cnbb.org.br\/em-nota-cimi-manifesta-preocupacao-com-recentes-iniciativas-do-governo-federal-em-relacao-aos-povos-indigenas\/","title":{"rendered":"Em nota, CIMI manifesta preocupa\u00e7\u00e3o com recentes iniciativas do Governo Federal em rela\u00e7\u00e3o aos povos ind\u00edgenas"},"content":{"rendered":"<p style=\"text-align: justify\">Em Nota, o Conselho Indigenista Mission\u00e1rio (Cimi) manifesta grave preocupa\u00e7\u00e3o e repudia veementemente as recentes iniciativas do Governo Bolsonaro que afrontam a Constitui\u00e7\u00e3o Brasileira e a pol\u00edtica sobre povos ind\u00edgenas isolados e de recente contato no Brasil.<\/p>\n<p style=\"text-align: justify\">Segundo o documento, &#8220;o governo Bolsonaro d\u00e1 evidentes sinais de abandono \u00e0 perspectiva t\u00e9cnico-cient\u00edfica, do respeito ao direito de exist\u00eancia livre desses povos, com seus pr\u00f3prios usos, costumes, cren\u00e7as e tradi\u00e7\u00f5es, em seus territ\u00f3rios devidamente reconhecidos e protegidos (CF Art. 231), para uma orienta\u00e7\u00e3o neocolonialista e etnocida, de atra\u00e7\u00e3o e contato for\u00e7ados, com o uso do fundamentalismo religioso como instrumento para liberar os territ\u00f3rios destes povos \u00e0 explora\u00e7\u00e3o por grandes fazendeiros e mineradores&#8221;.<\/p>\n<p>Saiba mais: <a href=\"http:\/\/cimi.org.br\/2020\/01\/nota-cimi-com-politica-inconstitucional-governo-bolsonaro-pode-provocar-etnocidio-e-genocidio-de-povos-isolados-e-de-recente-contato-no-brasil\/\" target=\"_blank\" rel=\"noopener\">cimi.org.br<\/a><\/p>\n","protected":false},"excerpt":{"rendered":"<p>&#8220;O governo Bolsonaro d\u00e1 evidentes sinais de abandono \u00e0 perspectiva t\u00e9cnico-cient\u00edfica, do respeito ao direito de exist\u00eancia livre desses povos, com seus pr\u00f3prios usos, costumes, cren\u00e7as e tradi\u00e7\u00f5es&#8221;, diz o texto<\/p>\n","protected":false},"author":83,"featured_media":3519,"comment_status":"closed","ping_status":"open","sticky":false,"template":"","format":"standard","meta":{"site-sidebar-layout":"default","site-content-layout":"default","ast-global-header-display":"","ast-banner-title-visibility":"","ast-main-header-display":"","ast-hfb-above-header-display":"","ast-hfb-below-header-display":"","ast-hfb-mobile-header-display":"","site-post-title":"","ast-breadcrumbs-content":"","ast-featured-img":"","footer-sml-layout":"","theme-transparent-header-meta":"","adv-header-id-meta":"","stick-header-meta":"","header-above-stick-meta":"","header-main-stick-meta":"","header-below-stick-meta":""},"categories":[763,762],"tags":[],"acf":[],"_links":{"self":[{"href":"https:\/\/www.cnbb.org.br\/cnbb-app\/wp\/v2\/posts\/36669"}],"collection":[{"href":"https:\/\/www.cnbb.org.br\/cnbb-app\/wp\/v2\/posts"}],"about":[{"href":"https:\/\/www.cnbb.org.br\/cnbb-app\/wp\/v2\/types\/post"}],"author":[{"embeddable":true,"href":"https:\/\/www.cnbb.org.br\/cnbb-app\/wp\/v2\/users\/83"}],"replies":[{"embeddable":true,"href":"https:\/\/www.cnbb.org.br\/cnbb-app\/wp\/v2\/comments?post=36669"}],"version-history":[{"count":0,"href":"https:\/\/www.cnbb.org.br\/cnbb-app\/wp\/v2\/posts\/36669\/revisions"}],"wp:featuredmedia":[{"embeddable":true,"href":"https:\/\/www.cnbb.org.br\/cnbb-app\/wp\/v2\/media\/3519"}],"wp:attachment":[{"href":"https:\/\/www.cnbb.org.br\/cnbb-app\/wp\/v2\/media?parent=36669"}],"wp:term":[{"taxonomy":"category","embeddable":true,"href":"https:\/\/www.cnbb.org.br\/cnbb-app\/wp\/v2\/categories?post=36669"},{"taxonomy":"post_tag","embeddable":true,"href":"https:\/\/www.cnbb.org.br\/cnbb-app\/wp\/v2\/tags?post=36669"}],"curies":[{"name":"wp","href":"https:\/\/api.w.org\/{rel}","templated":true}]}}