{"id":36690,"date":"2020-02-07T00:00:00","date_gmt":"2020-02-07T03:00:00","guid":{"rendered":"https:\/\/www.cnbb.org.br\/o-balsamo-do-amor-e-da-proximidade\/"},"modified":"2020-02-07T00:00:00","modified_gmt":"2020-02-07T03:00:00","slug":"o-balsamo-do-amor-e-da-proximidade","status":"publish","type":"post","link":"https:\/\/www.cnbb.org.br\/o-balsamo-do-amor-e-da-proximidade\/","title":{"rendered":"O b\u00e1lsamo do amor e da proximidade"},"content":{"rendered":"<p style=\"text-align: right\"><strong>Dom Jos\u00e9 Gislon<\/strong><br \/>\n<strong>Bispo de Caxias do Sul\u00a0<\/strong><\/p>\n<p style=\"text-align: justify\"><span data-ccp-props=\"{&quot;134233117&quot;:true,&quot;134233118&quot;:true,&quot;201341983&quot;:0,&quot;335551550&quot;:6,&quot;335551620&quot;:6,&quot;335559740&quot;:240}\">\u00a0<\/span><\/p>\n<p style=\"text-align: justify\"><span data-contrast=\"none\">No pr\u00f3ximo dia 11, celebramos a mem\u00f3ria<\/span><span data-contrast=\"none\">. lit\u00fargica<\/span><span data-contrast=\"none\">\u00a0de Nossa Senhora de Lourdes, e<\/span><span data-contrast=\"none\">\u00a0\u00e9 tamb\u00e9m o Dia Mundial do E<\/span><span data-contrast=\"none\">nfermo. Neste an<\/span><span data-contrast=\"none\">o, a mensagem do Papa Francisco<\/span><span data-contrast=\"none\">\u00a0para o XXVIII Dia Mundial do Enfermo<\/span><span data-contrast=\"none\">\u00a0<\/span><span data-contrast=\"none\">\u2013<\/span><span data-contrast=\"none\">\u00a02020<\/span><span data-contrast=\"none\">\u00a0<\/span><span data-contrast=\"none\">tem como base de reflex\u00e3o as \u201cpalavras ditas por Jesus \u2013 \u00ab<\/span><span data-contrast=\"none\">vinde a Mim, todos os que estais cansados e oprimidos, que Eu hei de aliviar-vos\u00bb (<\/span><span data-contrast=\"none\">Mt<\/span><span data-contrast=\"none\">\u202f<\/span><span data-contrast=\"none\">11, 28). S\u00e3o palavras que \u201c<\/span><span data-contrast=\"none\">indicam o caminho misterioso da gra\u00e7a, que se revela aos simples e revigora os cansados e exaustos\u201d, que s\u00e3o tantos na nossa sociedade.<\/span><span data-ccp-props=\"{&quot;134233117&quot;:true,&quot;134233118&quot;:true,&quot;201341983&quot;:0,&quot;335551550&quot;:6,&quot;335551620&quot;:6,&quot;335559740&quot;:240}\">\u00a0<\/span><\/p>\n<p style=\"text-align: justify\"><span data-contrast=\"auto\">Como n\u00e3o ter presente na\u00a0<\/span><span data-contrast=\"auto\">caridade,<\/span><span data-contrast=\"auto\">\u00a0na vida de ora\u00e7\u00e3o<\/span><span data-contrast=\"auto\">\u00a0e na solidariedade<\/span><span data-contrast=\"auto\">,<\/span><span data-contrast=\"auto\">\u00a0os enfermos e seus familiares<\/span><span data-contrast=\"auto\">,\u00a0<\/span><span data-contrast=\"auto\">que\u00a0<\/span><span data-contrast=\"auto\">vive<\/span><span data-contrast=\"auto\">m<\/span><span data-contrast=\"auto\">\u00a0cotidianamente\u00a0<\/span><span data-contrast=\"auto\">o peregrinar pela vida, em busca de atendimento nos postos de sa\u00fade e nos hospitais? Uma peregrina\u00e7\u00e3o, muitas vezes marcada pela dor f\u00edsica, pelo cansa\u00e7o, pela falta de recursos econ\u00f4micos<\/span><span data-contrast=\"auto\">, pelas longas filas e horas de espera para<\/span><span data-contrast=\"auto\">\u00a0<\/span><span data-contrast=\"auto\">ser atendido, pela resposta \u201cn\u00e3o tem mais vaga\u201d,\u00a0<\/span><span data-contrast=\"auto\">\u201c<\/span><span data-contrast=\"auto\">volte outro dia<\/span><span data-contrast=\"auto\">\u201d<\/span><span data-contrast=\"auto\">,\u00a0<\/span><span data-contrast=\"auto\">\u201c<\/span><span data-contrast=\"auto\">tente agendar outra consulta para daqui a seis meses<\/span><span data-contrast=\"auto\">\u201d<\/span><span data-contrast=\"auto\">.\u00a0<\/span><span data-contrast=\"auto\">Quanta<\/span><span data-contrast=\"auto\">s prova\u00e7\u00f5es<\/span><span data-contrast=\"auto\">\u00a0na vida deste povo de Deus<\/span><span data-contrast=\"auto\">. M<\/span><span data-contrast=\"auto\">as<\/span><span data-contrast=\"auto\">\u00a0tudo<\/span><span data-contrast=\"auto\">\u00a0isso<\/span><span data-contrast=\"auto\">n\u00e3o \u00e9 forte o suficiente para esvaziar o cora\u00e7\u00e3o do nosso querido povo<\/span><span data-contrast=\"auto\">,da f\u00e9 e d<\/span><span data-contrast=\"auto\">a esperan\u00e7<\/span><span data-contrast=\"auto\">a<\/span><span data-contrast=\"auto\">,<\/span><span data-contrast=\"auto\">\u00a0que o leva a acreditar na vida, mesmo quando ela est\u00e1 fragilizada pela doen\u00e7a, pela falta de recursos e pelo desamparo social.<\/span><span data-ccp-props=\"{&quot;201341983&quot;:0,&quot;335551550&quot;:6,&quot;335551620&quot;:6,&quot;335559739&quot;:200,&quot;335559740&quot;:240}\">\u00a0<\/span><\/p>\n<p style=\"text-align: justify\"><span data-contrast=\"auto\">A realidade da sa\u00fade p\u00fablica<\/span><span data-contrast=\"auto\">\u00a0n\u00e3o faz sofrer s\u00f3<\/span><span data-contrast=\"auto\">\u00a0a<\/span><span data-contrast=\"auto\">\u00a0quem precisa dela, mas tamb\u00e9m afeta a vida dos milhares de funcion\u00e1rios que trabalham nas reparti\u00e7\u00f5es p\u00fablicas de sa\u00fade, e se deparam cotidianamente com a dor, as necessidades, o desespero e a esperan\u00e7a dos enfermos e seus familiares. Toca o poder p\u00fablico, nos<\/span><span data-contrast=\"auto\">\u00a0pequenos<\/span><span data-contrast=\"auto\">\u00a0munic\u00edpios, porque os governos se deparam com a realidade<\/span><span data-contrast=\"auto\">\u00a0d<\/span><span data-contrast=\"auto\">iante dos olhos e precisam agir. N<\/span><span data-contrast=\"auto\">os\u00a0<\/span><span data-contrast=\"auto\">centros\u00a0<\/span><span data-contrast=\"auto\">maiores, onde est\u00e3o os grandes hospitais<\/span><span data-contrast=\"auto\">\u00a0que prestam servi\u00e7os para<\/span><span data-contrast=\"auto\">\u00a0<\/span><span data-contrast=\"auto\">as pessoas de\u00a0<\/span><span data-contrast=\"auto\">vastas regi\u00f5es<\/span><span data-contrast=\"auto\">, os govern<\/span><span data-contrast=\"auto\">antes s\u00e3o envolvidos por realidades que v\u00e3o al\u00e9m d<\/span><span data-contrast=\"auto\">os confins do pr\u00f3prio munic\u00edpio<\/span><span data-contrast=\"auto\">\u00a0e<\/span><span data-contrast=\"auto\">\u00a0solicitados,<\/span><span data-contrast=\"auto\">\u00a0por quest\u00f5es humanit\u00e1rias<\/span><span data-contrast=\"auto\">,<\/span><span data-contrast=\"auto\">\u00a0a prestarem\u00a0<\/span><span data-contrast=\"auto\">ajuda econ\u00f4mi<\/span><span data-contrast=\"auto\">ca \u00e0s institui\u00e7\u00f5es, para que ess<\/span><span data-contrast=\"auto\">as possam continuar prestand<\/span><span data-contrast=\"auto\">o servi\u00e7os a<\/span><span data-contrast=\"auto\">s milhares de pessoas que<\/span><span data-contrast=\"auto\">,<\/span><span data-contrast=\"auto\">\u00a0mesmo tocadas e fragilizadas pela doe<\/span><span data-contrast=\"auto\">n\u00e7a, n\u00e3o perderam a esperan\u00e7a<\/span><span data-contrast=\"auto\">.<\/span><span data-ccp-props=\"{&quot;201341983&quot;:0,&quot;335551550&quot;:6,&quot;335551620&quot;:6,&quot;335559739&quot;:200,&quot;335559740&quot;:240}\">\u00a0<\/span><\/p>\n<p style=\"text-align: justify\"><span data-contrast=\"none\">No peregrinar da vida, podemos ser<\/span><span data-contrast=\"none\">\u00a0tocados por tantas incertezas e prova\u00e7\u00f5es<\/span><span data-contrast=\"none\">, mas n\u00e3o devemos deixar apagar a chamada f\u00e9 no Senhor<\/span><span data-contrast=\"none\">e o amor pela<\/span><span data-contrast=\"none\">\u00a0vida<\/span><span data-contrast=\"none\">,<\/span><span data-contrast=\"none\">\u00a0dom de\u00a0<\/span><span data-contrast=\"none\">Deus,p<\/span><span data-contrast=\"none\">ara<\/span><span data-contrast=\"none\">\u00a0podermos\u00a0<\/span><span data-contrast=\"none\">manter\u00a0<\/span><span data-contrast=\"none\">abertos\u00a0<\/span><span data-contrast=\"none\">os olhos do cora\u00e7\u00e3o\u00a0<\/span><span data-contrast=\"none\">\u00e0 pr\u00e1tica da caridade e da<\/span><span data-contrast=\"none\">\u00a0solidariedade. Lembrando que \u201c<\/span><span data-contrast=\"none\">n<\/span><span data-contrast=\"none\">a doen<\/span><span data-contrast=\"none\">\u00e7a, a pessoa sente comprometida<\/span><span data-contrast=\"none\">\u00a0n\u00e3o s\u00f3 a sua integridade f\u00edsica, mas tamb\u00e9m as v\u00e1rias dimens\u00f5es da sua vida relacional, intelectiva, afetiva, espiritual; e por isso, al\u00e9m das terapias, espera ampa<\/span><span data-contrast=\"none\">ro, solicitude, aten\u00e7\u00e3o, que poder\u00edamos resumir numa \u00fanica palavra<\/span><span data-contrast=\"none\">\u2018<\/span><span data-contrast=\"none\">amor<\/span><span data-contrast=\"none\">\u2019<\/span><span data-contrast=\"none\">. Al\u00e9m disso, junto do doente,\u00a0<\/span><span data-contrast=\"none\">h\u00e1 uma fam\u00edlia que sofre e pede<\/span><span data-contrast=\"none\">\u00a0tamb\u00e9m ela, conforto e proximidade<\/span><span data-contrast=\"none\">\u201d<\/span><span data-contrast=\"none\">.<\/span><span data-ccp-props=\"{&quot;134233117&quot;:true,&quot;134233118&quot;:true,&quot;201341983&quot;:0,&quot;335551550&quot;:6,&quot;335551620&quot;:6,&quot;335559740&quot;:240}\">\u00a0<\/span><\/p>\n","protected":false},"excerpt":{"rendered":"<p>Dom Jos\u00e9 Gislon Bispo de Caxias do Sul\u00a0 \u00a0 No pr\u00f3ximo dia 11, celebramos a mem\u00f3ria. lit\u00fargica\u00a0de Nossa Senhora de Lourdes, e\u00a0\u00e9 tamb\u00e9m o Dia Mundial do Enfermo. Neste ano, a mensagem do Papa Francisco\u00a0para o XXVIII Dia Mundial do Enfermo\u00a0\u2013\u00a02020\u00a0tem como base de reflex\u00e3o as \u201cpalavras ditas por Jesus \u2013 \u00abvinde a Mim, todos &hellip;<\/p>\n<p class=\"read-more\"> <a class=\"\" href=\"https:\/\/www.cnbb.org.br\/o-balsamo-do-amor-e-da-proximidade\/\"> <span class=\"screen-reader-text\">O b\u00e1lsamo do amor e da proximidade<\/span> Leia mais &raquo;<\/a><\/p>\n","protected":false},"author":20,"featured_media":0,"comment_status":"closed","ping_status":"open","sticky":false,"template":"","format":"standard","meta":{"site-sidebar-layout":"default","site-content-layout":"default","ast-global-header-display":"","ast-banner-title-visibility":"","ast-main-header-display":"","ast-hfb-above-header-display":"","ast-hfb-below-header-display":"","ast-hfb-mobile-header-display":"","site-post-title":"","ast-breadcrumbs-content":"","ast-featured-img":"","footer-sml-layout":"","theme-transparent-header-meta":"","adv-header-id-meta":"","stick-header-meta":"","header-above-stick-meta":"","header-main-stick-meta":"","header-below-stick-meta":""},"categories":[758],"tags":[],"acf":[],"_links":{"self":[{"href":"https:\/\/www.cnbb.org.br\/cnbb-app\/wp\/v2\/posts\/36690"}],"collection":[{"href":"https:\/\/www.cnbb.org.br\/cnbb-app\/wp\/v2\/posts"}],"about":[{"href":"https:\/\/www.cnbb.org.br\/cnbb-app\/wp\/v2\/types\/post"}],"author":[{"embeddable":true,"href":"https:\/\/www.cnbb.org.br\/cnbb-app\/wp\/v2\/users\/20"}],"replies":[{"embeddable":true,"href":"https:\/\/www.cnbb.org.br\/cnbb-app\/wp\/v2\/comments?post=36690"}],"version-history":[{"count":0,"href":"https:\/\/www.cnbb.org.br\/cnbb-app\/wp\/v2\/posts\/36690\/revisions"}],"wp:attachment":[{"href":"https:\/\/www.cnbb.org.br\/cnbb-app\/wp\/v2\/media?parent=36690"}],"wp:term":[{"taxonomy":"category","embeddable":true,"href":"https:\/\/www.cnbb.org.br\/cnbb-app\/wp\/v2\/categories?post=36690"},{"taxonomy":"post_tag","embeddable":true,"href":"https:\/\/www.cnbb.org.br\/cnbb-app\/wp\/v2\/tags?post=36690"}],"curies":[{"name":"wp","href":"https:\/\/api.w.org\/{rel}","templated":true}]}}