{"id":36693,"date":"2020-02-11T00:00:00","date_gmt":"2020-02-11T03:00:00","guid":{"rendered":"https:\/\/www.cnbb.org.br\/xxviii-dia-mundial-do-doente\/"},"modified":"2020-02-11T00:00:00","modified_gmt":"2020-02-11T03:00:00","slug":"xxviii-dia-mundial-do-doente","status":"publish","type":"post","link":"https:\/\/www.cnbb.org.br\/xxviii-dia-mundial-do-doente\/","title":{"rendered":"XXVIII Dia Mundial do Doente"},"content":{"rendered":"<p style=\"font-weight: 400;text-align: right\"><strong>Cardeal Orani Jo\u00e3o Tempesta<br \/>\n<\/strong><strong>Arcebispo do Rio de Janeiro (RJ)<\/strong><\/p>\n<p style=\"font-weight: 400\"><strong>\u00a0<\/strong><\/p>\n<p style=\"font-weight: 400;text-align: justify\"><em>\u201cVinde a mim, todos os que estais cansados e oprimidos, que eu hei de aliviar-vos\u201d (cf.\u00a0Mt\u00a011,28)<\/em><\/p>\n<p style=\"font-weight: 400;text-align: justify\">No pr\u00f3ximo dia 11 de fevereiro recordaremos o dia de Nossa Senhora de Lourdes,<em>\u00a0<\/em>e com ele celebramos o\u00a0<em>XXVIII Dia Mundial dos Enfermos<\/em>, dia de lembrarmos daqueles que muitas vezes, n\u00e3o tem que olhe por eles e acabam esquecidos ou abandonados pela sociedade e que somente no colo de Jesus encontram o al\u00edvio e o conforto. Para tanto, como acontece todos os anos o Santo Padre o Papa Francisco nos escreveu uma mensagem para nos lembrar da import\u00e2ncia deste dia e confortar aqueles a quem essa mensagem chegar.<\/p>\n<p style=\"font-weight: 400;text-align: justify\">A \u00edntegra da mensagem est\u00e1 no s\u00edtio vaticano:\u00a0<a href=\"https:\/\/www.vaticannews.va\/pt\/papa\/news\/2020-01\/mensagem-do-papa-francisco-para-28-dia-mundial-do-doente.html\" data-saferedirecturl=\"https:\/\/www.google.com\/url?q=https:\/\/www.vaticannews.va\/pt\/papa\/news\/2020-01\/mensagem-do-papa-francisco-para-28-dia-mundial-do-doente.html&amp;source=gmail&amp;ust=1581174255260000&amp;usg=AFQjCNG2HyZdO7P7N8YhuZOF2sSmFfw-CQ\" target=\"_blank\" rel=\"noopener\">https:\/\/www.vaticannews.va\/pt\/papa\/news\/2020-01\/mensagem-do-papa-francisco-para-28-dia-mundial-do-doente.html<\/a><\/p>\n<p style=\"font-weight: 400;text-align: justify\">Estas palavras de Jesus confortam aqueles que se encontram doentes do corpo e do esp\u00edrito, e a todos Jesus convida para ir ter com ele, para que encontrem al\u00edvio e descanso de seus sofrimentos. Jesus dizia essas palavras para todas as pessoas que encontrava na Galileia, muitos simples, pobres, pecadores e marginalizados pelo regime do governo atual. Continua acontecendo o mesmo na sociedade atual, muitas pessoas acorrem a Jesus para se curar de suas doen\u00e7as, somente nele encontram repouso e cura para as suas enfermidades.<\/p>\n<p style=\"font-weight: 400;text-align: justify\">A situa\u00e7\u00e3o prec\u00e1ria em que se encontra o nosso sistema de sa\u00fade que privilegia poucos, somente aqueles que podem pagar um tratamento particular para ficarem restabelecidos de suas enfermidades, e aqueles que n\u00e3o conseguem somente em Jesus mesmo para alcan\u00e7ar o al\u00edvio para as suas dores. Muitos enfermos ou idosos s\u00e3o esquecidos por seus pr\u00f3prios familiares, seja em hospitais ou em casas de repouso, onde somente a f\u00e9 para lhes dar o al\u00edvio neste momento dif\u00edcil.<\/p>\n<p style=\"font-weight: 400;text-align: justify\">No XXVIII Dia Mundial do Doente, Jesus dirige este convite aos doentes e oprimidos, aos pobres cientes de dependerem inteiramente de Deus para cura de que necessitam sob o peso da prova\u00e7\u00e3o que os atingiu. Jesus se oferece a si mesmo a estas pessoas, pois sua presen\u00e7a para elas n\u00e3o s\u00e3o peso ou sofrimento, mas al\u00edvio e conforto. Jesus olha para as feridas dessas pessoas, as contempla e chama para fazer a experi\u00eancia de entrar na vida dele, para encontrar o afeto e a ternura.<\/p>\n<p style=\"font-weight: 400;text-align: justify\">Jesus tem esse sentimento porque ele pr\u00f3prio se tornou fr\u00e1gil e experimentou a dor humana e foi aliviado pelo Pai. Somente quem passa pessoalmente por essa experi\u00eancia poder\u00e1 ser conforto para o outro. Por isso Ele pode nos confortar em nossas dores e sofrimentos. Quando passamos por alguma doen\u00e7a ou sofrimento, seja conosco mesmo ou com algum de nossos entes queridos, somente o amor pode nos acalentar, nos curar. Quando algu\u00e9m pr\u00f3ximo a n\u00f3s sofre, todos os que est\u00e3o ao redor sofrem tamb\u00e9m e somente a f\u00e9<em>\u00a0<\/em>naquele que tudo pode, para nos dar al\u00edvio.<\/p>\n<p style=\"font-weight: 400;text-align: justify\">O Papa Francisco ensina que: \u201cJesus tem esses sentimentos, prossegue o Pont\u00edfice, porque Ele mesmo viveu em primeira pessoa o sofrimento humano e s\u00f3 quem passa por esta experi\u00eancia poder\u00e1 ser de conforto aos demais\u201d. De fato, constata o Papa, \u201cnota-se por vezes falta de humanidade na rela\u00e7\u00e3o com os doentes. Ao tratamento, deve-se somar a solicitude, ou seja, o amor, sem esquecer com o enfermo h\u00e1 uma fam\u00edlia que tamb\u00e9m ela pede conforto e proximidade.\u201d \u201c\u00c9 de Cristo que vem a luz para superar este momento de prova\u00e7\u00e3o. Nele, os doentes encontrar\u00e3o for\u00e7a para ultrapassar as inquieta\u00e7\u00f5es e interrogativos que surgem nesta \u00abnoite\u00bb do corpo e do esp\u00edrito. \u00c9 verdade que Cristo n\u00e3o nos deixou receitas, mas, com a sua paix\u00e3o, morte e ressurrei\u00e7\u00e3o, liberta-nos da opress\u00e3o do mal.\u201d Nesta condi\u00e7\u00e3o, refor\u00e7a Francisco, a Igreja quer ser, cada vez mais e melhor, a \u00abestalagem\u00bb do Bom Samaritano que \u00e9 Cristo, isto \u00e9, a casa onde os enfermos podem encontrar a sua gra\u00e7a, que se expressa na familiaridade, no acolhimento, no al\u00edvio.<\/p>\n<p style=\"font-weight: 400;text-align: justify\">Aos irm\u00e3os e irm\u00e3s que se encontram enfermos a doen\u00e7a os coloca entre os fracos e oprimidos que atraem o olhar e a benignidade do Cora\u00e7\u00e3o de Jesus. Dele vem a Luz para os momentos de escurid\u00e3o que a enfermidade lhes causa e de esperan\u00e7a quando est\u00e1 se perdendo. Os momentos de doen\u00e7a nos colocam numa situa\u00e7\u00e3o de desespero em que queremos jogar tudo para o alto e abandonar a f\u00e9, por vezes achando que Deus se esqueceu de n\u00f3s, mas \u00e9 nesses momentos que se faz valer aquele convite de Jesus \u201c<em>Vinde a mim todos v\u00f3s\u201d(cf.\u00a0Mt\u00a011,28)\u00a0<\/em>e nele vamos encontrar de novo a esperan\u00e7a e o alento para os nossos momentos de dor. \u00c9 contemplando a Cruz de Cristo, a paix\u00e3o que ele sofreu por todos n\u00f3s que nos libertamos da opress\u00e3o do mal.\u00a0\u00a0\u00c9 verdade que Cristo n\u00e3o nos deixou receitas, mas, com a sua paix\u00e3o, morte e ressurrei\u00e7\u00e3o, liberta-nos da opress\u00e3o do mal.<\/p>\n<p style=\"font-weight: 400;text-align: justify\">A Igreja quer ser a estalagem do \u201cbom samaritano\u201d que \u00e9 Cristo (cf.\u00a0Lc\u00a010,34), a casa onde podeis encontrar a gra\u00e7a, que se expressa na familiaridade, no acolhimento, no al\u00edvio. Nesta casa encontrareis pessoas que foram curadas e encontraram al\u00edvio de suas dores e juntos poder\u00e3o carregar o peso da cruz. E passando pelo caminho do calv\u00e1rio encontrar a ressurrei\u00e7\u00e3o. O sacerdote que representa o pr\u00f3prio Cristo Bom Pastor nos acolhe desde o primeiro momento de nossa enfermidade, indo nos visitar na nossa casa ou hospital levando a un\u00e7\u00e3o dos enfermos ou na pr\u00f3pria Igreja. Curando o nosso f\u00edsico e o nosso esp\u00edrito.<\/p>\n<p style=\"font-weight: 400;text-align: justify\">Gostaria de dirigir uma palavra aos profissionais da sa\u00fade, antes de tratar simplesmente do doente em si, cuidar da pessoa.\u00a0Por isso, a vossa a\u00e7\u00e3o tenha em vista constantemente a dignidade e a vida da pessoa, sem qualquer ced\u00eancia a atos de natureza\u00a0eutan\u00e1sica, de suic\u00eddio assistido ou supress\u00e3o da vida, nem mesmo se for irrevers\u00edvel o estado da doen\u00e7a. Devemos sempre nos lembrar que a vida \u00e9 sacra e pertence a Deus, sendo inviol\u00e1vel e indispon\u00edvel. \u00a0Em todo o caso, o vosso profissionalismo, animado pela caridade crist\u00e3, ser\u00e1 o melhor servi\u00e7o ao verdadeiro direito humano: o direito \u00e0 vida. Quando n\u00e3o puderdes curar, podereis sempre cuidar com gestos e procedimentos que proporcionem amparo e al\u00edvio ao doente.<\/p>\n<p style=\"font-weight: 400;text-align: justify\">Neste XXVIII Dia Mundial o Papa Francisco faz um forte apelo aos governos para que olhem com carinho aqueles que n\u00e3o tem acesso aos cuidados b\u00e1sicos da sa\u00fade, aqueles que vivem na pobreza. Que fa\u00e7am todo o esfor\u00e7o poss\u00edvel para que essas pessoas tenham acesso. Que todos tenham acesso b\u00e1sico aos cuidados de sa\u00fade. Aos volunt\u00e1rios que de cora\u00e7\u00e3o se doam aos doentes, imitando ao Cristo Bom Pastor que Deus os recompense por sua generosidade.<\/p>\n<p style=\"font-weight: 400;text-align: justify\">Que esta data n\u00e3o passe simplesmente em branco por n\u00f3s, mas que nos fa\u00e7a refletir, como agimos com nossos irm\u00e3os enfermos. E que possamos ajudar aqueles que n\u00e3o tem ningu\u00e9m que olhe por eles. A Virgem Maria, Sa\u00fade dos Enfermos, lembrada como Nossa Senhora de Lourdes neste dia 11 de fevereiro, acorro todos os enfermos que com o olhar de M\u00e3e ela acalente todas as dores e traga o conforto aos seus familiares.<\/p>\n<p style=\"font-weight: 400;text-align: justify\">Que possamos refletir a imagem do Cristo Bom Pastor para aqueles que se encontram \u201cferidos no corpo e no esp\u00edrito\u201d. Que o bom Deus nos aben\u00e7oe e nos livre de nossas dores. Que Nossa Senhora de Lourdes, da Sa\u00fade, Aux\u00edlio dos Doentes, aben\u00e7oe e conforte todos os nossos doentes. Que a Divina Provid\u00eancia ilumine os m\u00e9dicos, enfermeiros, t\u00e9cnicos em enfermagem e todos os operadores de sa\u00fade para que primem por um atendimento humanizado e crist\u00e3o, solid\u00e1rio e fraterno, e que no enfermo, devem enxergar o pr\u00f3prio Cristo Ressuscitado!<\/p>\n<p style=\"font-weight: 400;text-align: justify\">\n","protected":false},"excerpt":{"rendered":"<p>Cardeal Orani Jo\u00e3o Tempesta Arcebispo do Rio de Janeiro (RJ) \u00a0 \u201cVinde a mim, todos os que estais cansados e oprimidos, que eu hei de aliviar-vos\u201d (cf.\u00a0Mt\u00a011,28) No pr\u00f3ximo dia 11 de fevereiro recordaremos o dia de Nossa Senhora de Lourdes,\u00a0e com ele celebramos o\u00a0XXVIII Dia Mundial dos Enfermos, dia de lembrarmos daqueles que muitas &hellip;<\/p>\n<p class=\"read-more\"> <a class=\"\" href=\"https:\/\/www.cnbb.org.br\/xxviii-dia-mundial-do-doente\/\"> <span class=\"screen-reader-text\">XXVIII Dia Mundial do Doente<\/span> Leia mais &raquo;<\/a><\/p>\n","protected":false},"author":31,"featured_media":0,"comment_status":"closed","ping_status":"open","sticky":false,"template":"","format":"standard","meta":{"site-sidebar-layout":"default","site-content-layout":"default","ast-global-header-display":"","ast-banner-title-visibility":"","ast-main-header-display":"","ast-hfb-above-header-display":"","ast-hfb-below-header-display":"","ast-hfb-mobile-header-display":"","site-post-title":"","ast-breadcrumbs-content":"","ast-featured-img":"","footer-sml-layout":"","theme-transparent-header-meta":"","adv-header-id-meta":"","stick-header-meta":"","header-above-stick-meta":"","header-main-stick-meta":"","header-below-stick-meta":""},"categories":[758],"tags":[],"acf":[],"_links":{"self":[{"href":"https:\/\/www.cnbb.org.br\/cnbb-app\/wp\/v2\/posts\/36693"}],"collection":[{"href":"https:\/\/www.cnbb.org.br\/cnbb-app\/wp\/v2\/posts"}],"about":[{"href":"https:\/\/www.cnbb.org.br\/cnbb-app\/wp\/v2\/types\/post"}],"author":[{"embeddable":true,"href":"https:\/\/www.cnbb.org.br\/cnbb-app\/wp\/v2\/users\/31"}],"replies":[{"embeddable":true,"href":"https:\/\/www.cnbb.org.br\/cnbb-app\/wp\/v2\/comments?post=36693"}],"version-history":[{"count":0,"href":"https:\/\/www.cnbb.org.br\/cnbb-app\/wp\/v2\/posts\/36693\/revisions"}],"wp:attachment":[{"href":"https:\/\/www.cnbb.org.br\/cnbb-app\/wp\/v2\/media?parent=36693"}],"wp:term":[{"taxonomy":"category","embeddable":true,"href":"https:\/\/www.cnbb.org.br\/cnbb-app\/wp\/v2\/categories?post=36693"},{"taxonomy":"post_tag","embeddable":true,"href":"https:\/\/www.cnbb.org.br\/cnbb-app\/wp\/v2\/tags?post=36693"}],"curies":[{"name":"wp","href":"https:\/\/api.w.org\/{rel}","templated":true}]}}