{"id":36719,"date":"2020-02-10T00:00:00","date_gmt":"2020-02-10T03:00:00","guid":{"rendered":"https:\/\/www.cnbb.org.br\/materiais-proporcionam-estudo-e-aprofundamento-da-campanha-da-fraternidade-2020\/"},"modified":"2020-10-23T15:02:54","modified_gmt":"2020-10-23T18:02:54","slug":"materiais-proporcionam-estudo-e-aprofundamento-da-campanha-da-fraternidade-2020","status":"publish","type":"post","link":"https:\/\/www.cnbb.org.br\/materiais-proporcionam-estudo-e-aprofundamento-da-campanha-da-fraternidade-2020\/","title":{"rendered":"Materiais favorecem\u00a0estudo e aprofundamento da Campanha da Fraternidade 2020\u00a0\u00a0"},"content":{"rendered":"<figure id=\"attachment_233237\" aria-describedby=\"caption-attachment-233237\" style=\"width: 271px\" class=\"wp-caption alignright\"><a href=\"http:\/\/www.cnbb.org.br\/materiais-proporcionam-estudo-e-aprofundamento-da-campanha-da-fraternidade-2020\/cartaz-cf-2020-4\/\" rel=\"attachment wp-att-233237\"><img decoding=\"async\" loading=\"lazy\" class=\"wp-image-233237 size-full\" src=\"https:\/\/www.cnbb.org.br\/wp-content\/uploads\/2020\/03\/Cartaz-CF-2020.jpg\" alt=\"Cartaz da CF 2020\" width=\"271\" height=\"382\" \/><\/a><figcaption id=\"caption-attachment-233237\" class=\"wp-caption-text\">Cartaz da CF 2020<\/figcaption><\/figure>\n<p style=\"text-align: justify\"><span data-contrast=\"auto\">Neste ano,\u00a0<\/span><span data-contrast=\"auto\">a C<\/span><span data-contrast=\"auto\">ampanha da\u00a0<\/span><span data-contrast=\"auto\">F<\/span><span data-contrast=\"auto\">raternidade nos<\/span><span data-contrast=\"auto\">\u00a0<\/span><span data-contrast=\"auto\">convida a olhar, de modo mais atento e deta<\/span><span data-contrast=\"auto\">lhado, para a vida.\u00a0<\/span><span data-contrast=\"auto\">A proposta foi inspirada pelo\u00a0lema \u201cViu, sentiu compaix\u00e3o e cuidou dele\u201d (<\/span><span data-contrast=\"auto\">Lc<\/span><span data-contrast=\"auto\">\u00a010,33-34). O trecho, extra\u00eddo\u00a0da Par\u00e1bola do Bom Samaritano, encoraja, a partir de Jesus Cristo, a servir\u00a0com esp\u00edrito de humanidade, cuidado e amor para com o pr\u00f3ximo, sementes de\u00a0fraternidade.\u00a0<\/span><\/p>\n<p style=\"text-align: justify\"><span data-contrast=\"auto\">Uma das representa\u00e7\u00f5es de \u201cbom samaritano dos nossos tempos\u201d \u00e9 a\u00a0<\/span><span data-contrast=\"auto\">Santa Dulce dos Pobres, o Anjo Bom da Bahia. Por isso, sua imagem\u00a0\u00e9 apresentada em perspectiva de destaque no cartaz<\/span><span data-contrast=\"auto\">\u00a0da CF<\/span><span data-contrast=\"auto\">. Na ilustra\u00e7\u00e3o, as pessoas\u00a0que a cercam simbolizam uma popula\u00e7\u00e3o vulner\u00e1vel, que clama por vida em ple<\/span><span data-contrast=\"auto\">nitude. \u00c9 poss\u00edvel perceber tamb\u00e9m a pluralidade que engloba diferentes faixas\u00a0et\u00e1rias, etnias e outras particularidades t\u00edpicas de uma popula\u00e7\u00e3o multicultural,<\/span><span data-contrast=\"auto\">\u00a0<\/span><span data-contrast=\"auto\">em um pa\u00eds com dimens\u00f5es continentais como o Brasil.\u00a0<\/span><span data-ccp-props=\"{&quot;201341983&quot;:0,&quot;335551550&quot;:6,&quot;335551620&quot;:6,&quot;335559739&quot;:160,&quot;335559740&quot;:259}\">\u00a0<\/span><\/p>\n<p style=\"text-align: justify\"><span data-contrast=\"auto\">O cen\u00e1rio escolhido<\/span><span data-contrast=\"auto\">\u00a0<\/span><span data-contrast=\"auto\">para a composi\u00e7\u00e3o do desenho foi o bairro do Pelourinho, localizado na capital<\/span><span data-contrast=\"auto\">\u00a0<\/span><span data-contrast=\"auto\">do estado da Bahia, Salvador, ber\u00e7o de nascimento de Santa Dulce, representa<\/span><span data-contrast=\"auto\">\u00e7\u00e3o de um Brasil de tantos lugares e culturas. As pessoas est\u00e3o na rua, \u00e1rea co<\/span><span data-contrast=\"auto\">mum de encontro e conv\u00edvio, mas tamb\u00e9m onde se vivenciam dores e ang\u00fastias.<\/span><span data-ccp-props=\"{&quot;201341983&quot;:0,&quot;335551550&quot;:6,&quot;335551620&quot;:6,&quot;335559739&quot;:160,&quot;335559740&quot;:259}\">\u00a0<\/span><\/p>\n<p style=\"text-align: justify\"><span data-contrast=\"auto\">Na arte,\u00a0<\/span><span data-contrast=\"auto\">como explica o texto-base,\u00a0<\/span><span data-contrast=\"auto\">foi aplicada a t\u00e9cnica de mosaico. Nela, cada pe\u00e7a\u00a0<\/span><span data-contrast=\"auto\">dese<\/span><span data-contrast=\"auto\">m<\/span><span data-contrast=\"auto\">penha um importante papel para a forma\u00e7\u00e3o completa do desenho.\u00a0<\/span><span data-contrast=\"auto\">\u201c<\/span><span data-contrast=\"auto\">De modo<\/span><span data-contrast=\"auto\">\u00a0<\/span><span data-contrast=\"auto\">mais evidente, a composi\u00e7\u00e3o expressa a viva unidade na diversidade de dons e<\/span><span data-contrast=\"auto\">\u00a0<\/span><span data-contrast=\"auto\">servi\u00e7os que nos animam a construir uma sociedade mais sens\u00edvel e comprome<\/span><span data-contrast=\"auto\">tida com as necessidades de nossos irm\u00e3os e irm\u00e3s e de todo o planeta<\/span><span data-contrast=\"auto\">\u201d, aponta o texto-base<\/span><span data-contrast=\"auto\">.<\/span><span data-ccp-props=\"{&quot;201341983&quot;:0,&quot;335551550&quot;:6,&quot;335551620&quot;:6,&quot;335559739&quot;:160,&quot;335559740&quot;:259}\">\u00a0<\/span><\/p>\n<p style=\"text-align: justify\"><b><span data-contrast=\"auto\">Subs\u00eddios<\/span><\/b><span data-ccp-props=\"{&quot;201341983&quot;:0,&quot;335551550&quot;:6,&quot;335551620&quot;:6,&quot;335559739&quot;:160,&quot;335559740&quot;:259}\">\u00a0<\/span><\/p>\n<p style=\"text-align: justify\"><span data-contrast=\"auto\">Para partilhar os estudos e conhecimentos e assim, favorecer os grupos, movimentos, pastorais, par\u00f3quias, \u00e1reas pastorais em seus estudos, aprofundamentos e defini\u00e7\u00f5es de a\u00e7\u00f5es com rela\u00e7\u00e3o \u00e0<\/span><span data-contrast=\"auto\">\u00a0Campanha da Fraternidade 2020, uma s\u00e9rie de materiais foi produzido<\/span><span data-contrast=\"auto\">\u00a0em parceria\u00a0<\/span><span data-contrast=\"auto\">com a editora da Confer\u00eancia Nacional dos Bispos do Brasil (CNBB), a Edi\u00e7\u00f5es CNBB. Os materiais podem ser adquiridos no site oficial da institui\u00e7\u00e3o:\u00a0<\/span><a href=\"https:\/\/www.edicoescnbb.com.br\/campanha-da-fraternidade-2020\" target=\"_blank\" rel=\"noopener\"><span data-ccp-props=\"{&quot;201341983&quot;:0,&quot;335551550&quot;:6,&quot;335551620&quot;:6,&quot;335559739&quot;:160,&quot;335559740&quot;:259}\"> https:\/\/www.edicoescnbb.com.br\/campanha-da-fraternidade-2020<\/span><\/a><\/p>\n<figure id=\"attachment_233238\" aria-describedby=\"caption-attachment-233238\" style=\"width: 398px\" class=\"wp-caption alignright\"><a href=\"http:\/\/www.cnbb.org.br\/materiais-proporcionam-estudo-e-aprofundamento-da-campanha-da-fraternidade-2020\/subsidios-cf-2020\/\" rel=\"attachment wp-att-233238\"><img decoding=\"async\" loading=\"lazy\" class=\"wp-image-233238\" src=\"https:\/\/www.cnbb.org.br\/wp-content\/uploads\/2020\/03\/Subs\u00eddios-CF-2020.jpg\" alt=\"Subs\u00eddios da CF 2020\" width=\"398\" height=\"282\" \/><\/a><figcaption id=\"caption-attachment-233238\" class=\"wp-caption-text\">Subs\u00eddios da CF 2020<\/figcaption><\/figure>\n<p style=\"text-align: justify\"><span data-contrast=\"auto\">O livro para os <strong>encontros catequ\u00e9ticos para crian\u00e7as e adolescentes<\/strong><\/span><span data-contrast=\"auto\">, por exemplo,<\/span><span data-contrast=\"auto\">\u00a0\u00e9 uma oportunidade para abordar e discutir o tema e o lema da CF 2020 com as crian\u00e7as e os adolescentes das muitas comunidades espalhadas pelo nosso pa\u00eds. Cada comunidade tem seu ambiente pr\u00f3prio, onde certos problemas sociais est\u00e3o mais presentes. Diante disso, podem ser feitas muitas adapta\u00e7\u00f5es nas tarefas propostas e no modo de abordar o tema.<\/span><\/p>\n<p style=\"text-align: justify\"><span data-contrast=\"auto\">J\u00e1 o subs\u00eddio \u201c<strong>Jovens na CF<\/strong>\u201d \u00e9 indicado especificamente aos grupos de jovens, idealizado para ampliar o di\u00e1logo sobre a supera\u00e7\u00e3o da viol\u00eancia com o objetivo de encorajar o comprometimento desse importante p\u00fablico nas quest\u00f5es apresentados pelo tema e<\/span><span data-contrast=\"auto\">\u00a0<\/span><span data-contrast=\"auto\">lema da Campanha da Fraternidade 2020<\/span><span data-contrast=\"auto\">.<\/span><span data-ccp-props=\"{&quot;201341983&quot;:0,&quot;335551550&quot;:6,&quot;335551620&quot;:6,&quot;335559739&quot;:160,&quot;335559740&quot;:259}\">\u00a0<\/span><\/p>\n<p style=\"text-align: justify\"><span data-contrast=\"auto\">O \u201c<strong>C\u00edrculos B\u00edblicos<\/strong>\u201d \u00e9 ideal para que as pessoas se re\u00fanam em pequenos grupos e assim, inspirados nas Sagradas Escrituras, fa\u00e7am uma reflex\u00e3o quaresmal e uma reflex\u00e3o sobre a Campanha da Fraternidade<\/span><span data-contrast=\"auto\">.<\/span><span data-contrast=\"auto\">\u00a0 O livro \u00e9 dividido em cinco encontros, um para cada semana da Quaresma, cuja centralidade est\u00e1 na Palavra de Deus.<\/span><span data-ccp-props=\"{&quot;201341983&quot;:0,&quot;335551550&quot;:6,&quot;335551620&quot;:6,&quot;335559739&quot;:160,&quot;335559740&quot;:259}\">\u00a0<\/span><\/p>\n<p style=\"text-align: justify\"><span data-contrast=\"auto\">A &#8220;<strong>Vig\u00edlia Eucar\u00edstica&#8221;<\/strong>\u00a0<\/span><span data-contrast=\"auto\">\u00e9 uma publica\u00e7\u00e3o que sugere<\/span><span data-contrast=\"auto\">\u00a0dois roteiros para celebra\u00e7\u00f5es: o primeiro oferece um momento de Adora\u00e7\u00e3o, uma Vig\u00edlia diante da Eucaristia e o segundo \u00e9 um roteiro para uma Celebra\u00e7\u00e3o Penitencial.<\/span><\/p>\n<p style=\"text-align: justify\"><span data-ccp-props=\"{&quot;201341983&quot;:0,&quot;335551550&quot;:6,&quot;335551620&quot;:6,&quot;335559739&quot;:160,&quot;335559740&quot;:259}\">O &#8220;<strong>Retiro Popular da Quaresma&#8221; <\/strong>quer ser um retorno \u00e0s fontes crist\u00e3s para transformar este rico per\u00edodo em um grande retiro, no qual pessoa, comunidade e sociedade se articulem, em um processo de convers\u00e3o, para a busca da vida plena. A proposta com esse Retiro \u00e9 que se fa\u00e7a um tempo semanal de ora\u00e7\u00e3o comunit\u00e1ria, de ora\u00e7\u00e3o pessoal e um calend\u00e1rio de atividades e exerc\u00edcios de santifica\u00e7\u00e3o para todos os dias da quaresma.\u00a0<\/span><\/p>\n<p style=\"text-align: justify\">Estes e outros materiais podem ser adquiridos em: <a href=\"https:\/\/www.edicoescnbb.com.br\/campanha-da-fraternidade-2020\" target=\"_blank\" rel=\"noopener\">https:\/\/www.edicoescnbb.com.br\/campanha-da-fraternidade-2020<\/a>.<\/p>\n<p style=\"text-align: justify\"><span data-ccp-props=\"{&quot;201341983&quot;:0,&quot;335551550&quot;:6,&quot;335551620&quot;:6,&quot;335559739&quot;:160,&quot;335559740&quot;:259}\">\u00a0<\/span><\/p>\n","protected":false},"excerpt":{"rendered":"<p>Uma s\u00e9rie de materiais, produzida\u00a0pela editora da Confer\u00eancia Nacional dos Bispos do Brasil (CNBB), a Edi\u00e7\u00f5es CNBB, oferece caminhos de viv\u00eancia da CF para jovens, catequese, c\u00edrculos b\u00edblicos, entre outros<\/p>\n","protected":false},"author":83,"featured_media":36721,"comment_status":"closed","ping_status":"open","sticky":false,"template":"","format":"standard","meta":{"site-sidebar-layout":"default","site-content-layout":"default","ast-global-header-display":"","ast-banner-title-visibility":"","ast-main-header-display":"","ast-hfb-above-header-display":"","ast-hfb-below-header-display":"","ast-hfb-mobile-header-display":"","site-post-title":"","ast-breadcrumbs-content":"","ast-featured-img":"","footer-sml-layout":"","theme-transparent-header-meta":"","adv-header-id-meta":"","stick-header-meta":"","header-above-stick-meta":"","header-main-stick-meta":"","header-below-stick-meta":""},"categories":[759,760],"tags":[2629],"acf":[],"_links":{"self":[{"href":"https:\/\/www.cnbb.org.br\/cnbb-app\/wp\/v2\/posts\/36719"}],"collection":[{"href":"https:\/\/www.cnbb.org.br\/cnbb-app\/wp\/v2\/posts"}],"about":[{"href":"https:\/\/www.cnbb.org.br\/cnbb-app\/wp\/v2\/types\/post"}],"author":[{"embeddable":true,"href":"https:\/\/www.cnbb.org.br\/cnbb-app\/wp\/v2\/users\/83"}],"replies":[{"embeddable":true,"href":"https:\/\/www.cnbb.org.br\/cnbb-app\/wp\/v2\/comments?post=36719"}],"version-history":[{"count":0,"href":"https:\/\/www.cnbb.org.br\/cnbb-app\/wp\/v2\/posts\/36719\/revisions"}],"wp:featuredmedia":[{"embeddable":true,"href":"https:\/\/www.cnbb.org.br\/cnbb-app\/wp\/v2\/media\/36721"}],"wp:attachment":[{"href":"https:\/\/www.cnbb.org.br\/cnbb-app\/wp\/v2\/media?parent=36719"}],"wp:term":[{"taxonomy":"category","embeddable":true,"href":"https:\/\/www.cnbb.org.br\/cnbb-app\/wp\/v2\/categories?post=36719"},{"taxonomy":"post_tag","embeddable":true,"href":"https:\/\/www.cnbb.org.br\/cnbb-app\/wp\/v2\/tags?post=36719"}],"curies":[{"name":"wp","href":"https:\/\/api.w.org\/{rel}","templated":true}]}}