{"id":36743,"date":"2020-02-12T00:00:00","date_gmt":"2020-02-12T03:00:00","guid":{"rendered":"https:\/\/www.cnbb.org.br\/a-importancia-de-visitar-o-doente\/"},"modified":"2020-02-12T00:00:00","modified_gmt":"2020-02-12T03:00:00","slug":"a-importancia-de-visitar-o-doente","status":"publish","type":"post","link":"https:\/\/www.cnbb.org.br\/a-importancia-de-visitar-o-doente\/","title":{"rendered":"A import\u00e2ncia de visitar o doente"},"content":{"rendered":"<p style=\"text-align: right\"><strong>Dom Eurico dos Santos Veloso<\/strong><br \/>\n<strong>Arcebispo Em\u00e9rito de Juiz de Fora (MG)<\/strong><\/p>\n<p>&nbsp;<\/p>\n<p style=\"text-align: justify\">\u201cEu estava doente e cuidastes de mim\u201d (Mt 25,35)<\/p>\n<p style=\"text-align: justify\">Ao desdobrar-se sobre esta passagem, Jesus ap\u00f3s vivenciar e experimentar a fragilidade humana nos convida a sentir e fazer o m\u00ednimo: de amar sem medidas o sofrimento e a ang\u00fastia do pr\u00f3ximo. TER compaix\u00e3o e SER compaix\u00e3o, afinal, assim como o Cristo que se oferece a Si como O al\u00edvio, Obra prim\u00e1ria da miseric\u00f3rdia, n\u00f3s tamb\u00e9m temos esta mesma miss\u00e3o, n\u00e3o como imposi\u00e7\u00e3o, mas como experi\u00eancia da condi\u00e7\u00e3o divina que n\u00f3s o somos, gra\u00e7as a Imagem e Semelhan\u00e7a que Deus nos deu!<\/p>\n<p style=\"text-align: justify\">Assim, os doentes que se fazem presentes nos leitos dos hospitais e enfermarias, em seus lares, nos asilos etc, \u00e9 o pr\u00f3prio Cristo que est\u00e1 ali, vivendo e convivendo com as feridas dos Seus pequeninos e nos chama a levar a Palavra de Esperan\u00e7a e Miseric\u00f3rdia, com gestos simples de uma visita, de uma prosa de conversa, de um simples olhar e aten\u00e7\u00e3o, de segurar na m\u00e3o, afinal \u00e9 um meio de alivi\u00e1-los e ajud\u00e1-los a carregar a cruz, fortalecendo-os a continuar a seguir na jornada de suas vidas.<\/p>\n<p style=\"text-align: justify\">E, tamb\u00e9m, cabe a n\u00f3s denunciar, protestar, cobrar quando os nossos enfermos n\u00e3o t\u00eam condi\u00e7\u00f5es b\u00e1sicas para seus tratamentos e amparos no momento de suas fragilidades. \u00c9 nossa miss\u00e3o n\u00e3o nos calar ao vermos e\/ou percebemos qualquer tipo de desd\u00e9m sobre a assist\u00eancias a estes pequeninos, principalmente nos \u00e2mbitos da sa\u00fade p\u00fablica, familiares e da sociedade.<\/p>\n<p style=\"text-align: justify\">\u201cEu estava doente e cuidastes de mim\u201d (Mt 25,35), ouvir estas palavras da pr\u00f3pria boca do Cristo \u00e9 uma das maiores alegrias que um crist\u00e3o poder\u00e1 ouvir, n\u00e3o somente por agradar aos olhos de Deus, mas de ter a certeza que sa\u00edmos de nossos mesmos e abandonamos os nossos ego\u00edsmos e limita\u00e7\u00f5es, sem pensar duas vezes em sair apressadamente para ajudar o pr\u00f3ximo, assim como a Virgem Sant\u00edssima a fez indo ao encontro da sua prima Isabel.<\/p>\n<p style=\"text-align: justify\">A miss\u00e3o da Pr\u00f3 Sa\u00fade \u00e9 levar atendimento de qualidade e de humaniza\u00e7\u00e3o aos doentes dos recantos mais distantes deste pa\u00eds, com atendimento de sa\u00fade de primeira linha, particularmente na Amaz\u00f4nia. Agrade\u00e7o o empenho e o trabalho de todos os colaboradores da Pr\u00f3 Sa\u00fade na sede e nas suas unidades. Deus os aben\u00e7oe e os iluminem a continuar fazendo o bem sem olhar a quem, como o Cristo pediu!<\/p>\n<p style=\"text-align: justify\">Pe\u00e7amos para que Deus nos fortale\u00e7a nesta miss\u00e3o de amparo ao pr\u00f3ximo, de sermos misericordiosos, assim como Ele \u00e9. E que a Virgem Maria, Senhora de Lourdes, padroeira da Sa\u00fade, interceda por n\u00f3s para sairmos apressadamente ao encontro do pr\u00f3ximo.<\/p>\n<p style=\"text-align: justify\">\n","protected":false},"excerpt":{"rendered":"<p>Dom Eurico dos Santos Veloso Arcebispo Em\u00e9rito de Juiz de Fora (MG) &nbsp; \u201cEu estava doente e cuidastes de mim\u201d (Mt 25,35) Ao desdobrar-se sobre esta passagem, Jesus ap\u00f3s vivenciar e experimentar a fragilidade humana nos convida a sentir e fazer o m\u00ednimo: de amar sem medidas o sofrimento e a ang\u00fastia do pr\u00f3ximo. TER &hellip;<\/p>\n<p class=\"read-more\"> <a class=\"\" href=\"https:\/\/www.cnbb.org.br\/a-importancia-de-visitar-o-doente\/\"> <span class=\"screen-reader-text\">A import\u00e2ncia de visitar o doente<\/span> Leia mais &raquo;<\/a><\/p>\n","protected":false},"author":73,"featured_media":0,"comment_status":"closed","ping_status":"open","sticky":false,"template":"","format":"standard","meta":{"site-sidebar-layout":"default","site-content-layout":"default","ast-global-header-display":"","ast-banner-title-visibility":"","ast-main-header-display":"","ast-hfb-above-header-display":"","ast-hfb-below-header-display":"","ast-hfb-mobile-header-display":"","site-post-title":"","ast-breadcrumbs-content":"","ast-featured-img":"","footer-sml-layout":"","theme-transparent-header-meta":"","adv-header-id-meta":"","stick-header-meta":"","header-above-stick-meta":"","header-main-stick-meta":"","header-below-stick-meta":""},"categories":[758],"tags":[],"acf":[],"_links":{"self":[{"href":"https:\/\/www.cnbb.org.br\/cnbb-app\/wp\/v2\/posts\/36743"}],"collection":[{"href":"https:\/\/www.cnbb.org.br\/cnbb-app\/wp\/v2\/posts"}],"about":[{"href":"https:\/\/www.cnbb.org.br\/cnbb-app\/wp\/v2\/types\/post"}],"author":[{"embeddable":true,"href":"https:\/\/www.cnbb.org.br\/cnbb-app\/wp\/v2\/users\/73"}],"replies":[{"embeddable":true,"href":"https:\/\/www.cnbb.org.br\/cnbb-app\/wp\/v2\/comments?post=36743"}],"version-history":[{"count":0,"href":"https:\/\/www.cnbb.org.br\/cnbb-app\/wp\/v2\/posts\/36743\/revisions"}],"wp:attachment":[{"href":"https:\/\/www.cnbb.org.br\/cnbb-app\/wp\/v2\/media?parent=36743"}],"wp:term":[{"taxonomy":"category","embeddable":true,"href":"https:\/\/www.cnbb.org.br\/cnbb-app\/wp\/v2\/categories?post=36743"},{"taxonomy":"post_tag","embeddable":true,"href":"https:\/\/www.cnbb.org.br\/cnbb-app\/wp\/v2\/tags?post=36743"}],"curies":[{"name":"wp","href":"https:\/\/api.w.org\/{rel}","templated":true}]}}