{"id":36746,"date":"2020-02-12T00:00:00","date_gmt":"2020-02-12T03:00:00","guid":{"rendered":"https:\/\/www.cnbb.org.br\/comissao-especial-de-protecao-da-crianca-e-do-adolescente-da-cnbb-se-encontra-em-brasilia\/"},"modified":"2022-02-01T11:19:45","modified_gmt":"2022-02-01T14:19:45","slug":"comissao-especial-de-protecao-da-crianca-e-do-adolescente-da-cnbb-se-encontra-em-brasilia","status":"publish","type":"post","link":"https:\/\/www.cnbb.org.br\/comissao-especial-de-protecao-da-crianca-e-do-adolescente-da-cnbb-se-encontra-em-brasilia\/","title":{"rendered":"Comiss\u00e3o Especial de Prote\u00e7\u00e3o da Crian\u00e7a e do Adolescente da CNBB se encontra em Bras\u00edlia"},"content":{"rendered":"<p style=\"text-align: justify\">Os membros da Comiss\u00e3o Especial de Prote\u00e7\u00e3o da Crian\u00e7a e do Adolescente se reuniram ontem, 11 de fevereiro, na sede da Confer\u00eancia Nacional dos Bispos do Brasil (CNBB), em Bras\u00edlia (DF). De acordo com o bispo da diocese de Santo Amaro (SP), dom Jos\u00e9 Negri, e presidente da Comiss\u00e3o, est\u00e1 sendo feito um planejamento de a\u00e7\u00f5es e atividades que ser\u00e3o propostos este ano.<\/p>\n<p style=\"text-align: justify\">\u201cEstamos organizando atividades para atender as expectativas do Santo Padre que j\u00e1 escreveu v\u00e1rios documentos e tamb\u00e9m ver como as dioceses agora podem adotar todos os princ\u00edpios colocados nestes, sobretudo no <a href=\"https:\/\/www.vaticannews.va\/pt\/papa\/news\/2019-05\/papa-francisco-motu-proprio-abusos-tornielli.html\" target=\"_blank\" rel=\"noopener\">motu pr\u00f3prio <em>Vos estis lux mundi<\/em><\/a>, no qual o Santo Padre estabelece novos procedimentos para denunciar mol\u00e9stias e viol\u00eancias\u201d, disse.<\/p>\n<p style=\"text-align: justify\">O bispo disse que o foco agora \u00e9 ajudar as dioceses sobre como cada uma vai responder \u00e0s exig\u00eancias deste motu pr\u00f3prio, como formar uma Comiss\u00e3o espec\u00edfica que vai organizar um sistema facilmente acess\u00edvel ao p\u00fablico para receber as assinala\u00e7\u00f5es. O presidente da Comiss\u00e3o Especial de Prote\u00e7\u00e3o da Crian\u00e7a e do Adolescente da CNBB refor\u00e7a que \u00e9 importante as dioceses observarem o prazo dado pelo Papa para criar estes mecanismos. \u201cAt\u00e9 maio de 2020 cada diocese dever\u00e1 preparar esta Comiss\u00e3o que atenda, escuta e receba as den\u00fancias em rela\u00e7\u00e3o \u00e0 problem\u00e1tica\u201d.<\/p>\n<p style=\"text-align: justify\">De acordo com dom Neri, a Comiss\u00e3o da CNBB elaborou um texto que ser\u00e1 divulgado em breve e est\u00e1 trabalhando para ampliar mais a contribui\u00e7\u00e3o \u00e0s dioceses. Contudo, ele refor\u00e7a que cada diocese tem autonomia para ver como vai encaminhar e preparar a Comiss\u00e3o que atenda \u00e0s demandas.<\/p>\n<h5>Semin\u00e1rio Internacional &#8220;Sanando as pr\u00f3prias feridas&#8221;<\/h5>\n<p style=\"text-align: justify\"><a href=\"https:\/\/www.cnbb.org.br\/inscricoes-abertas-ao-seminario-sobre-protecao-de-criancas-e-adolescentes-na-igreja\/cartaz-seminario-sanando-as-proprias-feridas\/\" rel=\"attachment wp-att-233067\"><img decoding=\"async\" loading=\"lazy\" class=\"alignright wp-image-233067 size-medium\" src=\"https:\/\/www.cnbb.org.br\/wp-content\/uploads\/2020\/03\/Cartaz-Semin\u00e1rio-Sanando-as-pr\u00f3prias-feridas-206x300-1.jpg\" alt=\"\" width=\"206\" height=\"300\" \/><\/a>Uma outra a\u00e7\u00e3o preparada pela Comiss\u00e3o, destaca o bispo, \u00e9 a realiza\u00e7\u00e3o do Semin\u00e1rio Internacional \u201cSanando as pr\u00f3prias feridas\u201d, na Fazenda da Esperan\u00e7a, em Guaratinguet\u00e1 (SP), de 23 a 27 de abril deste ano. O encontro \u00e9 organizado pela Comiss\u00e3o em parceria com a Confer\u00eancia dos Religiosos do Brasil (CRB) e tem como foco a prote\u00e7\u00e3o de menores v\u00edtimas de abusos sexuais na Igreja.<\/p>\n<p style=\"text-align: justify\">De acordo com Nelson Rosendo dos Santos, assessor da Comiss\u00e3o da CNBB e tamb\u00e9m da Comiss\u00e3o Pontif\u00edcia de Prote\u00e7\u00e3o aos Menores no Vaticano, o Semin\u00e1rio tem tamb\u00e9m como foco atender \u00e0s congrega\u00e7\u00f5es religiosas, por isto a CRB \u00e9 parceira na realiza\u00e7\u00e3o do evento. As associa\u00e7\u00f5es, comunidades novas e movimentos eclesiais tamb\u00e9m s\u00e3o convidados a participar.<\/p>\n<p style=\"text-align: justify\">&#8220;O Semin\u00e1rio \u00e9 um convite a dar continuidade ao aprofundamento realizado em 2019 e a fazer ao que o Santo Padre est\u00e1 pedindo para fazer: &#8216;acolhimento, escuta das v\u00edtimas, trabalhar na quest\u00e3o pastoral, espiritual e psicol\u00f3gica, temas que est\u00e3o no cora\u00e7\u00e3o do Papa'&#8221;, disse.\u00a0Sobre a programa\u00e7\u00e3o deste semin\u00e1rio, ele informa que ser\u00e3o tr\u00eas dias de palestras acompanhadas de depoimentos de v\u00edtimas que j\u00e1 passaram por este processo doloroso e que, ap\u00f3s um trabalho da Igreja, agora podem testemunhar a cura das feridas que estavam abertas.<\/p>\n<p>Para inscri\u00e7\u00f5es e mais informa\u00e7\u00f5es: https:\/\/<a href=\"https:\/\/www.cnbb.org.br\/inscricoes-abertas-ao-seminario-sobre-protecao-de-criancas-e-adolescentes-na-igreja\/\">www.cnbb.org.br<\/a><\/p>\n<p>Conhe\u00e7a o motu pr\u00f3prio: http:\/\/<a href=\"http:\/\/w2.vatican.va\/content\/francesco\/pt\/motu_proprio\/documents\/papa-francesco-motu-proprio-20190507_vos-estis-lux-mundi.html\" target=\"_blank\" rel=\"noopener\">w2.vatican.va<\/a><\/p>\n<p><a href=\"https:\/\/www.cnbb.org.br\/comissao-especial-de-protecao-da-crianca-e-do-adolescente-da-cnbb-se-encontra-em-brasilia\/comissao-de-protecao-as-criancas-e-adolescentes\/\" rel=\"attachment wp-att-233375\"><img decoding=\"async\" loading=\"lazy\" class=\"size-large wp-image-233375 aligncenter\" src=\"https:\/\/www.cnbb.org.br\/wp-content\/uploads\/2020\/03\/Comiss\u00e3o-de-Prote\u00e7\u00e3o-\u00e0s-Crian\u00e7as-e-Adolescentes-1024x645.jpg\" alt=\"\" width=\"900\" height=\"567\" \/><\/a><\/p>\n<p style=\"text-align: justify\">\n","protected":false},"excerpt":{"rendered":"<p>O presidente dom Jos\u00e9 Negri disse que a Comiss\u00e3o enviar\u00e1 \u00e0s dioceses material sobre a implanta\u00e7\u00e3o do motu pr\u00f3prio &#8220;V\u00f3s sois a luz do mundo&#8221;<\/p>\n","protected":false},"author":83,"featured_media":36747,"comment_status":"closed","ping_status":"open","sticky":false,"template":"","format":"standard","meta":{"site-sidebar-layout":"default","site-content-layout":"default","ast-global-header-display":"","ast-banner-title-visibility":"","ast-main-header-display":"","ast-hfb-above-header-display":"","ast-hfb-below-header-display":"","ast-hfb-mobile-header-display":"","site-post-title":"","ast-breadcrumbs-content":"","ast-featured-img":"","footer-sml-layout":"","theme-transparent-header-meta":"","adv-header-id-meta":"","stick-header-meta":"","header-above-stick-meta":"","header-main-stick-meta":"","header-below-stick-meta":""},"categories":[841,1833],"tags":[1767],"acf":[],"_links":{"self":[{"href":"https:\/\/www.cnbb.org.br\/cnbb-app\/wp\/v2\/posts\/36746"}],"collection":[{"href":"https:\/\/www.cnbb.org.br\/cnbb-app\/wp\/v2\/posts"}],"about":[{"href":"https:\/\/www.cnbb.org.br\/cnbb-app\/wp\/v2\/types\/post"}],"author":[{"embeddable":true,"href":"https:\/\/www.cnbb.org.br\/cnbb-app\/wp\/v2\/users\/83"}],"replies":[{"embeddable":true,"href":"https:\/\/www.cnbb.org.br\/cnbb-app\/wp\/v2\/comments?post=36746"}],"version-history":[{"count":0,"href":"https:\/\/www.cnbb.org.br\/cnbb-app\/wp\/v2\/posts\/36746\/revisions"}],"wp:featuredmedia":[{"embeddable":true,"href":"https:\/\/www.cnbb.org.br\/cnbb-app\/wp\/v2\/media\/36747"}],"wp:attachment":[{"href":"https:\/\/www.cnbb.org.br\/cnbb-app\/wp\/v2\/media?parent=36746"}],"wp:term":[{"taxonomy":"category","embeddable":true,"href":"https:\/\/www.cnbb.org.br\/cnbb-app\/wp\/v2\/categories?post=36746"},{"taxonomy":"post_tag","embeddable":true,"href":"https:\/\/www.cnbb.org.br\/cnbb-app\/wp\/v2\/tags?post=36746"}],"curies":[{"name":"wp","href":"https:\/\/api.w.org\/{rel}","templated":true}]}}