{"id":36752,"date":"2020-02-12T00:00:00","date_gmt":"2020-02-12T03:00:00","guid":{"rendered":"https:\/\/www.cnbb.org.br\/acao-social-e-ambiental-ganha-protagonismo-em-projeto-aprovado-pelo-fns-em-2019\/"},"modified":"2020-02-12T00:00:00","modified_gmt":"2020-02-12T03:00:00","slug":"acao-social-e-ambiental-ganha-protagonismo-em-projeto-aprovado-pelo-fns-em-2019","status":"publish","type":"post","link":"https:\/\/www.cnbb.org.br\/acao-social-e-ambiental-ganha-protagonismo-em-projeto-aprovado-pelo-fns-em-2019\/","title":{"rendered":"A\u00e7\u00e3o social e ambiental ganha protagonismo em projeto aprovado pelo FNS em 2019\u00a0\u00a0"},"content":{"rendered":"<p style=\"text-align: justify\"><span data-contrast=\"auto\">O Centro Medianeira, fundado em 1958, iniciou\u00a0<\/span><span data-contrast=\"auto\">seus trabalhos\u00a0<\/span><span data-contrast=\"auto\">acolhendo meninos \u00f3rf\u00e3os e pobres\u00a0<\/span><span data-contrast=\"auto\">da cidade<\/span><span data-contrast=\"auto\">\u00a0de S\u00e3o Leopoldo,\u00a0<\/span><span data-contrast=\"auto\">no\u00a0<\/span><span data-contrast=\"auto\">Rio Grande do Sul (RS)<\/span><span data-contrast=\"auto\">.\u00a0<\/span><span data-contrast=\"auto\">Atualmente, a institui\u00e7\u00e3o<\/span><span data-contrast=\"auto\">\u00a0<\/span><span data-contrast=\"auto\">presta<\/span><span data-contrast=\"auto\">\u00a0<\/span><span data-contrast=\"auto\">atendi<\/span><span data-contrast=\"auto\">mento a<\/span><span data-contrast=\"auto\">\u00a0<\/span><span data-contrast=\"auto\">290 educandos, entre crian\u00e7as e adolescentes, nos n\u00facleos Centro e Campina. Com o carisma dos religiosos\u00a0<\/span><span data-contrast=\"auto\">Pavonianos<\/span><span data-contrast=\"auto\">, oferece o Servi\u00e7o de Conviv\u00eancia e Fortalecimento de V\u00ednculos<\/span><span data-contrast=\"auto\">\u00a0(SCFV)<\/span><span data-contrast=\"auto\">. Dentre as propostas est\u00e3o as\u00a0<\/span><span data-contrast=\"auto\">oficinas<\/span><span data-contrast=\"auto\">\u00a0de\u00a0<\/span><span data-contrast=\"auto\">s<\/span><span data-contrast=\"auto\">ustentabilidade,\u00a0<\/span><span data-contrast=\"auto\">v<\/span><span data-contrast=\"auto\">alores e\u00a0<\/span><span data-contrast=\"auto\">c<\/span><span data-contrast=\"auto\">idadania,\u00a0<\/span><span data-contrast=\"auto\">a<\/span><span data-contrast=\"auto\">rtes,\u00a0<\/span><span data-contrast=\"auto\">b<\/span><span data-contrast=\"auto\">rincando com\u00a0<\/span><span data-contrast=\"auto\">l<\/span><span data-contrast=\"auto\">etras e\u00a0<\/span><span data-contrast=\"auto\">n<\/span><span data-contrast=\"auto\">\u00fameros,\u00a0<\/span><span data-contrast=\"auto\">m<\/span><span data-contrast=\"auto\">usicaliza\u00e7\u00e3o,\u00a0<\/span><span data-contrast=\"auto\">e<\/span><span data-contrast=\"auto\">sportes,\u00a0<\/span><span data-contrast=\"auto\">b<\/span><span data-contrast=\"auto\">anda\u00a0<\/span><span data-contrast=\"auto\">m<\/span><span data-contrast=\"auto\">arcial e as atividades de\u00a0<\/span><span data-contrast=\"auto\">m<\/span><span data-contrast=\"auto\">oda e\u00a0<\/span><span data-contrast=\"auto\">a<\/span><span data-contrast=\"auto\">rtesanato,\u00a0<\/span><span data-contrast=\"auto\">e<\/span><span data-contrast=\"auto\">l\u00e9trica\u00a0<\/span><span data-contrast=\"auto\">p<\/span><span data-contrast=\"auto\">redial e\u00a0<\/span><span data-contrast=\"auto\">m<\/span><span data-contrast=\"auto\">arcenaria.\u00a0<\/span><span data-ccp-props=\"{&quot;201341983&quot;:0,&quot;335551550&quot;:6,&quot;335551620&quot;:6,&quot;335559739&quot;:160,&quot;335559740&quot;:259}\"> <a href=\"http:\/\/www.cnbb.org.br\/acao-social-e-ambiental-ganha-protagonismo-em-projeto-aprovado-pelo-fns-em-2019\/foto-7-156-2019\/\" rel=\"attachment wp-att-233410\"><img decoding=\"async\" loading=\"lazy\" class=\"wp-image-233410 alignright\" src=\"https:\/\/www.cnbb.org.br\/wp-content\/uploads\/2020\/03\/Foto-7-156-2019-1024x768.jpg\" alt=\"\" width=\"295\" height=\"221\" \/><\/a><\/span><\/p>\n<p style=\"text-align: justify\"><span data-contrast=\"auto\">A realiza\u00e7\u00e3o destas propostas, bem como melhorias e reformas s\u00f3 \u00e9 poss\u00edvel com o apoio de parceiros colaboradores.\u00a0<\/span><span data-contrast=\"auto\">\u201c<\/span><span data-contrast=\"auto\">Nosso olhar est\u00e1 voltado tamb\u00e9m para o bem-estar dos educandos. Por isso, faz parte da nossa rotina, atividades que sejam transformadoras e que impulsionem nossos jovens a buscarem por mais conhecimento e t\u00e9cnicas\u00a0<\/span><span data-contrast=\"auto\">diversi\ufb01cadas<\/span><span data-contrast=\"auto\">\u00a0no campo da moda e da costura<\/span><span data-contrast=\"auto\">\u201d, afirmou a coordena\u00e7\u00e3o do projeto<\/span><span data-contrast=\"auto\">.<\/span><\/p>\n<p style=\"text-align: justify\"><span data-contrast=\"auto\">Tendo em vista esta realidade, o Centro Medianeira\u00a0<\/span><span data-contrast=\"auto\">apresentou<\/span><span data-contrast=\"auto\">\u00a0em 2019 o projeto \u201c<\/span><span data-contrast=\"auto\">Comunidade em A\u00e7\u00e3o\u201d\u00a0<\/span><span data-contrast=\"auto\">a<\/span><span data-contrast=\"auto\">o Fundo Nacional de Solidariedade da Confer\u00eancia Nacional dos Bispos do Brasil (CNBB)<\/span><span data-contrast=\"auto\">. A ideia\u00a0<\/span><span data-contrast=\"auto\">do projeto\u00a0<\/span><span data-contrast=\"auto\">era<\/span><span data-contrast=\"auto\">\u00a0<\/span><span data-contrast=\"auto\">estimular<\/span><span data-contrast=\"auto\">\u00a0o empreendedorismo<\/span><span data-contrast=\"auto\">, por parte\u00a0<\/span><span data-contrast=\"auto\">da\u00a0<\/span><span data-contrast=\"auto\">pr\u00f3pria comunidade,<\/span><span data-contrast=\"auto\">\u00a0<\/span><span data-contrast=\"auto\">reaproveitamento<\/span><span data-contrast=\"auto\">\u00a0<\/span><span data-contrast=\"auto\">panos de sombrinha e guarda-chuvas.<\/span><span data-contrast=\"auto\">\u00a0<\/span><span data-contrast=\"auto\">\u201c<\/span><span data-contrast=\"auto\">Este projeto buscou fazer a diferen\u00e7a na vida das crian\u00e7as, adolescentes e suas fam\u00edlias, estimulando a gera\u00e7\u00e3o de renda, a reciclagem de materiais, autoestima e autonomia das pessoas\u201d.<\/span><\/p>\n<p style=\"text-align: justify\"><span data-contrast=\"auto\"><a href=\"http:\/\/www.cnbb.org.br\/acao-social-e-ambiental-ganha-protagonismo-em-projeto-aprovado-pelo-fns-em-2019\/foto-12-156-2019-1\/\" rel=\"attachment wp-att-233411\"><img decoding=\"async\" loading=\"lazy\" class=\"wp-image-233411 alignleft\" src=\"https:\/\/www.cnbb.org.br\/wp-content\/uploads\/2020\/03\/Foto-12-156-2019-1-1024x768.jpg\" alt=\"\" width=\"297\" height=\"223\" \/><\/a>Aprovado pelo Fundo o projeto n\u00e3o s\u00f3 oportunizou\u00a0<\/span><span data-contrast=\"auto\">a gera\u00e7\u00e3o de renda (ou a complementa\u00e7\u00e3o dessa), uma vez que as pe\u00e7as confeccionadas p<\/span><span data-contrast=\"auto\">u<\/span><span data-contrast=\"auto\">der<\/span><span data-contrast=\"auto\">am<\/span><span data-contrast=\"auto\">\u00a0ser vendidas<\/span><span data-contrast=\"auto\">\u00a0como tamb\u00e9m c<\/span><span data-contrast=\"auto\">ontribui<\/span><span data-contrast=\"auto\">u<\/span><span data-contrast=\"auto\">\u00a0para com a limpeza urbana, pois muitas sombrinhas e guarda-chuvas s\u00e3o descartados de maneira incorreta<\/span><span data-contrast=\"auto\">. Al\u00e9m disso, a proposta e<\/span><span data-contrast=\"auto\">nvolve<\/span><span data-contrast=\"auto\">u<\/span><span data-contrast=\"auto\">\u00a0a comunidade numa proposta de transforma\u00e7\u00e3o pessoal, social e, at\u00e9 mesmo,\u00a0<\/span><span data-contrast=\"auto\">\ufb01nanceira<\/span><span data-contrast=\"auto\">.\u00a0<\/span><span data-contrast=\"auto\">Foram confeccionados, por exemplo, bolsas (<\/span><span data-contrast=\"auto\">ecobags<\/span><span data-contrast=\"auto\">), necessaires e capas de caderno<\/span><span data-contrast=\"auto\">.<\/span><span data-ccp-props=\"{&quot;201341983&quot;:0,&quot;335551550&quot;:6,&quot;335551620&quot;:6,&quot;335559739&quot;:160,&quot;335559740&quot;:259}\">\u00a0<\/span><\/p>\n<p><span data-ccp-props=\"{&quot;201341983&quot;:0,&quot;335551550&quot;:6,&quot;335551620&quot;:6,&quot;335559739&quot;:160,&quot;335559740&quot;:259}\">\u00a0<\/span><\/p>\n<p><span data-ccp-props=\"{&quot;201341983&quot;:0,&quot;335551550&quot;:6,&quot;335551620&quot;:6,&quot;335559739&quot;:160,&quot;335559740&quot;:259}\">\u00a0<\/span><\/p>\n","protected":false},"excerpt":{"rendered":"<p>Projeto \u201cComunidade em A\u00e7\u00e3o\u201d do Centro Medianeira, no Rio Grande do Sul, promoveu o reaproveitamento de panos de sombrinha e guarda-chuvas<\/p>\n","protected":false},"author":83,"featured_media":36754,"comment_status":"closed","ping_status":"open","sticky":false,"template":"","format":"standard","meta":{"site-sidebar-layout":"default","site-content-layout":"default","ast-global-header-display":"","ast-banner-title-visibility":"","ast-main-header-display":"","ast-hfb-above-header-display":"","ast-hfb-below-header-display":"","ast-hfb-mobile-header-display":"","site-post-title":"","ast-breadcrumbs-content":"","ast-featured-img":"","footer-sml-layout":"","theme-transparent-header-meta":"","adv-header-id-meta":"","stick-header-meta":"","header-above-stick-meta":"","header-main-stick-meta":"","header-below-stick-meta":""},"categories":[759,760],"tags":[],"acf":[],"_links":{"self":[{"href":"https:\/\/www.cnbb.org.br\/cnbb-app\/wp\/v2\/posts\/36752"}],"collection":[{"href":"https:\/\/www.cnbb.org.br\/cnbb-app\/wp\/v2\/posts"}],"about":[{"href":"https:\/\/www.cnbb.org.br\/cnbb-app\/wp\/v2\/types\/post"}],"author":[{"embeddable":true,"href":"https:\/\/www.cnbb.org.br\/cnbb-app\/wp\/v2\/users\/83"}],"replies":[{"embeddable":true,"href":"https:\/\/www.cnbb.org.br\/cnbb-app\/wp\/v2\/comments?post=36752"}],"version-history":[{"count":0,"href":"https:\/\/www.cnbb.org.br\/cnbb-app\/wp\/v2\/posts\/36752\/revisions"}],"wp:featuredmedia":[{"embeddable":true,"href":"https:\/\/www.cnbb.org.br\/cnbb-app\/wp\/v2\/media\/36754"}],"wp:attachment":[{"href":"https:\/\/www.cnbb.org.br\/cnbb-app\/wp\/v2\/media?parent=36752"}],"wp:term":[{"taxonomy":"category","embeddable":true,"href":"https:\/\/www.cnbb.org.br\/cnbb-app\/wp\/v2\/categories?post=36752"},{"taxonomy":"post_tag","embeddable":true,"href":"https:\/\/www.cnbb.org.br\/cnbb-app\/wp\/v2\/tags?post=36752"}],"curies":[{"name":"wp","href":"https:\/\/api.w.org\/{rel}","templated":true}]}}