{"id":36755,"date":"2020-02-12T00:00:00","date_gmt":"2020-02-12T03:00:00","guid":{"rendered":"https:\/\/www.cnbb.org.br\/o-que-se-diz-para-a-amazonia-serve-para-a-igreja-inteira-reconstruir-a-nossa-profecia\/"},"modified":"2020-10-23T14:47:21","modified_gmt":"2020-10-23T17:47:21","slug":"o-que-se-diz-para-a-amazonia-serve-para-a-igreja-inteira-reconstruir-a-nossa-profecia","status":"publish","type":"post","link":"https:\/\/www.cnbb.org.br\/o-que-se-diz-para-a-amazonia-serve-para-a-igreja-inteira-reconstruir-a-nossa-profecia\/","title":{"rendered":"O que se diz para a Amaz\u00f4nia, serve para a Igreja inteira: reconstruir a nossa profecia"},"content":{"rendered":"<p style=\"text-align: justify\">\u201cO que se diz para a Amaz\u00f4nia serve para a Igreja inteira, \u00e0 luz daquilo que vem do modelo e da din\u00e2mica da Amaz\u00f4nia. A exorta\u00e7\u00e3o p\u00f3s-sinodal Querida Amaz\u00f4nia \u00e9 para dizer para nossa Igreja que temos que reconstruir a nossa profecia\u201d. Assim comentou o arcebispo de Belo Horizonte (MG) e presidente da Confer\u00eancia Nacional dos Bispos do Brasil (CNBB), dom Walmor Oliveira de Azevedo, sobre a Exorta\u00e7\u00e3o Apost\u00f3lica p\u00f3s-sinodal Querida Amaz\u00f4nia, publicada nesta quarta-feira, 12 de fevereiro, durante entrevista coletiva \u00e0 imprensa realizada na sede da CNBB, em Bras\u00edlia.<\/p>\n<figure id=\"attachment_233425\" aria-describedby=\"caption-attachment-233425\" style=\"width: 395px\" class=\"wp-caption alignleft\"><a href=\"https:\/\/www.cnbb.org.br\/o-que-se-diz-para-a-amazonia-serve-para-a-igreja-inteira-reconstruir-a-nossa-profecia\/coletiva-exortacao-daniel-flores-4\/\" rel=\"attachment wp-att-233425\"><img decoding=\"async\" loading=\"lazy\" class=\" wp-image-233425\" src=\"https:\/\/www.cnbb.org.br\/wp-content\/uploads\/2020\/03\/coletiva-exortacao-daniel-flores-4.jpg\" alt=\"\" width=\"395\" height=\"222\" \/><\/a><figcaption id=\"caption-attachment-233425\" class=\"wp-caption-text\">Foto: Daniel Flores<\/figcaption><\/figure>\n<p style=\"text-align: justify\">Nesta manh\u00e3, dom Walmor esteve ao lado do arcebispo em\u00e9rito de S\u00e3o Paulo (SP) e presidente da Comiss\u00e3o Episcopal para a Amaz\u00f4nia da CNBB, cardeal Cl\u00e1udio Hummes, que tamb\u00e9m preside a Rede Eclesial Pan-Amaz\u00f4nica (Repam), para apresentar os principais pontos do texto divulgado hoje pela Santa S\u00e9. O presidente da CNBB iniciou ressaltando que o processo do S\u00ednodo para a Amaz\u00f4nia, de onde surge a exorta\u00e7\u00e3o apost\u00f3lica, \u00e9 um caminho que n\u00e3o se encerra e que \u201csomos chamados a percorrer com novo ardor mission\u00e1rio\u201d.<\/p>\n<p style=\"text-align: justify\">Dom Walmor frisou que a exorta\u00e7\u00e3o apost\u00f3lica <em>Querida Amaz\u00f4nia<\/em> n\u00e3o \u00e9 um decreto, mas um \u201cconvite a sonhar\u201d. Este chamado do Papa Francisco \u201ccoloca a nossa Igreja numa perspectiva muito e profundamente desafiadora\u201d de \u201creconstruir a nossa profecia\u201d.\u00a0Esta profecia, continuou, n\u00e3o \u00e9 simplesmente de palavras, mas \u00e9 aquela que \u201cpossa costurar um novo entendimento e pr\u00e1ticas e mudan\u00e7as transformadoras\u201d.<\/p>\n<blockquote>\n<p style=\"text-align: justify\">\u201c<em>Se n\u00f3s conseguirmos como Igreja entrar nesse caminho bonito do s\u00ednodo, do seu documento final e neste horizonte inspirador e interpelante da exorta\u00e7\u00e3o sinodal, eu tenho certeza que a nossa Igreja vai dar muitos passos de transforma\u00e7\u00e3o para dentro e de corajosa presen\u00e7a p\u00fablica na sociedade por sua transforma\u00e7\u00e3o<\/em>\u201d, afirmou dom Walmor.<\/p>\n<\/blockquote>\n<h3 style=\"text-align: justify\">O documento<\/h3>\n<p style=\"text-align: justify\">O cardeal Cl\u00e1udio Hummes apresentou uma s\u00edntese da exorta\u00e7\u00e3o apost\u00f3lica p\u00f3s-sinodal Querida Amaz\u00f4nia, durante a coletiva de imprensa. O presidente da Repam foi relator geral da Assembleia do S\u00ednodo dos Bispos e recordou o processo de prepara\u00e7\u00e3o e o contexto no qual foi promovida a reflex\u00e3o sobre os \u201cnovos caminhos para a Igreja e a para uma ecologia integral\u201d.<\/p>\n<p style=\"text-align: justify\">Dom Cl\u00e1udio contextualizou o momento em que a Igreja est\u00e1 diante \u201cda grande problem\u00e1tica ecol\u00f3gica e socioambiental\u201d que se coloca \u00e0 humanidade, e quer ajudar a vencer essas crises globais. \u201cO grito dos pobres \u00e9 o mesmo grito da terra\u201d afirmou. E a reflex\u00e3o \u00e9 \u201ccomo caminhar junto e conseguir escutar esse grito e ajudar, com aqueles que est\u00e3o gritando, a construir o futuro\u201d.<\/p>\n<p style=\"text-align: justify\">O que \u00e9 central no texto, \u00e9 \u201co amor de Pastor \u00e0 gente e ao territ\u00f3rio da Amaz\u00f4nia\u201d, segundo dom Cl\u00e1udio, o que est\u00e1 expresso no t\u00edtulo. O grande sentido da exorta\u00e7\u00e3o, est\u00e1 no par\u00e1grafo 2 do texto. Na sequ\u00eancia, o texto tem o pedido de empenho na aplica\u00e7\u00e3o das indica\u00e7\u00f5es do documento final do S\u00ednodo.<\/p>\n<p><a href=\"https:\/\/flic.kr\/p\/2isvkNL\" target=\"_blank\" rel=\"noopener\"><img decoding=\"async\" loading=\"lazy\" src=\"https:\/\/live.staticflickr.com\/65535\/49526711372_686194f3fc.jpg\" alt=\"IMG_8314\" width=\"500\" height=\"333\" \/><\/a><\/p>\n<h3 style=\"text-align: justify\">Os sonhos<\/h3>\n<p style=\"text-align: justify\">A partir das quatro convers\u00f5es propostas no documento final do s\u00ednodo, o Papa apresenta seus sonhos para a Amaz\u00f4nia: social, cultural, ecol\u00f3gico e eclesial. Estes s\u00e3o os quatro cap\u00edtulos da exorta\u00e7\u00e3o apost\u00f3lica.<\/p>\n<h4 style=\"text-align: justify\">Social<\/h4>\n<p style=\"text-align: justify\">Dom Cl\u00e1udio chamou aten\u00e7\u00e3o que este sonho vem em primeiro lugar, pois primeiro s\u00e3o as pessoas, os pobres, machucados, esquecidos, abandonados, marginalizados.<\/p>\n<h4 style=\"text-align: justify\">Cultural<\/h4>\n<p style=\"text-align: justify\"><em>&#8220;As culturas ali tem sempre dois aspectos: as culturas dos povos dali, mas tamb\u00e9m a biodiversidade e todo o ambiente. E como as muitas culturas, h\u00e1 muitas formas de vida que tem que ser protegidas, tem que ser cuidadas. Assim a gente pode dizer que a \u00e1gua cuida da floresta, a floresta cuida da \u00e1gua e os povos origin\u00e1rios cuidam desse sistema todo e fazem com que ele possa realmente proceder cuidando-se uns aos outros. De novo essa quest\u00e3o de que est\u00e1 tudo interligado&#8221;.<\/em><\/p>\n<h4 style=\"text-align: justify\">Ecol\u00f3gico<\/h4>\n<p style=\"text-align: justify\"><em>&#8220;Aqui fala sobre ambiente, sobre territ\u00f3rio, a quest\u00e3o ecol\u00f3gica que ele abordou t\u00e3o fortemente na Laudato Si\u2019, ele aborda aqui. Ele fala que esse sonho foi feito de \u00e1gua. A quest\u00e3o da \u00e1gua \u00e9 fundamental na quest\u00e3o ecol\u00f3gica. Fala-se da escassez da \u00e1gua, uma realidade muito conflitiva que a Igreja tem que participar dessa atividade de superar&#8221;.<\/em><\/p>\n<h4 style=\"text-align: justify\">Eclesial<\/h4>\n<p style=\"text-align: justify\"><em>&#8220;Se trata da Igreja na Amaz\u00f4nia, n\u00e3o \u00e9 uma ONG ou institui\u00e7\u00e3o governamental que est\u00e1 falando. O s\u00ednodo \u00e9 a Igreja que fala sobre a sua miss\u00e3o, o seu trabalho, a sua necessidade de ser capaz de novos caminhos para sua pr\u00f3pria miss\u00e3o. Ali entra a quest\u00e3o da Eucaristia. Ele fala explicitamente da quest\u00e3o da falta da Eucaristia, quando a Eucaristia, de fato, edifica a Igreja e que a Igreja n\u00e3o pode deixar de estar preocupada e n\u00e3o pode deixar de procurar uma solu\u00e7\u00e3o para que os povos e comunidades tenham a eucaristia. N\u00e3o apenas a comunh\u00e3o eucar\u00edstica, mas a reuni\u00e3o, a assembleia eucar\u00edstica. O que edifica a Igreja \u00e9 a assembleia eucar\u00edstica reunida celebrando a mem\u00f3ria de Jesus Cristo&#8221;.<\/em><\/p>\n<figure id=\"attachment_233423\" aria-describedby=\"caption-attachment-233423\" style=\"width: 996px\" class=\"wp-caption alignnone\"><a href=\"https:\/\/www.cnbb.org.br\/o-que-se-diz-para-a-amazonia-serve-para-a-igreja-inteira-reconstruir-a-nossa-profecia\/coletiva-exortacao-daniel-flores\/\" rel=\"attachment wp-att-233423\"><img decoding=\"async\" loading=\"lazy\" class=\"size-full wp-image-233423\" src=\"https:\/\/www.cnbb.org.br\/wp-content\/uploads\/2020\/03\/coletiva-exortacao-daniel-flores.jpg\" alt=\"\" width=\"996\" height=\"564\" \/><\/a><figcaption id=\"caption-attachment-233423\" class=\"wp-caption-text\">Foto: Daniel Flores<\/figcaption><\/figure>\n<h3 style=\"text-align: justify\">Perspectivas dos sonhos<\/h3>\n<p style=\"text-align: justify\">Dom Walmor Oliveira comentou a metodologia do Papa de recorrer aos sonhos para apresentar suas aspira\u00e7\u00f5es para a Amaz\u00f4nia e apresentou algumas perspectivas dessa figura. Na <em><strong>psican\u00e1lise<\/strong><\/em>, sonhos significam \u201cremeter-se \u00e0s ra\u00edzes, que mexidas produzem um novo jeito da gente ser\u201d. Sonhar, portanto, \u00e9 o convite do Papa, que nos remete a olhar ra\u00edzes que produzam frutos diferentes se tiver espa\u00e7o, luminosidade, inspira\u00e7\u00e3o adequada. Do ponto de vista <em><strong>po\u00e9tico<\/strong><\/em>, sonhar \u00e9 n\u00e3o aceitar que a realidade continue do jeito que est\u00e1. A poesia nos ajuda de maneira muito decisiva e realista a conceber caminhos novos para algo que consideramos que n\u00e3o consegue dar as respostas adequadas. Do ponto de vista <em><strong>existencial<\/strong><\/em>, se n\u00f3s n\u00e3o formos movidos por sonhos, n\u00e3o damos conta de viver. Do ponto de vista <em><strong>social<\/strong><\/em> o convite de um sonho \u00e9 nutrir essa indigna\u00e7\u00e3o e essa inconforma\u00e7\u00e3o. Portanto n\u00e3o \u00e9 um decreto, mas \u00e9 um sonho para dizer \u2018\u00c9 preciso fazer um novo caminho\u201d.<\/p>\n<h3 style=\"text-align: justify\">C\u00e2ntico<\/h3>\n<figure id=\"attachment_233424\" aria-describedby=\"caption-attachment-233424\" style=\"width: 275px\" class=\"wp-caption alignleft\"><a href=\"https:\/\/www.cnbb.org.br\/o-que-se-diz-para-a-amazonia-serve-para-a-igreja-inteira-reconstruir-a-nossa-profecia\/coletiva-exortacao-daniel-flores-2\/\" rel=\"attachment wp-att-233424\"><img decoding=\"async\" loading=\"lazy\" class=\" wp-image-233424\" src=\"https:\/\/www.cnbb.org.br\/wp-content\/uploads\/2020\/03\/coletiva-exortacao-daniel-flores-2.jpg\" alt=\"\" width=\"275\" height=\"155\" \/><\/a><figcaption id=\"caption-attachment-233424\" class=\"wp-caption-text\"><em>Cardeal Cl\u00e1udio Hummes e dom Walmor Oliveira | Foto: Daniel Flores<\/em><\/figcaption><\/figure>\n<p style=\"text-align: justify\">\u201cTodo o texto \u00e9 um c\u00e2ntico do Papa, \u00e9 um louvor diante da beleza que Deus oferece\u201d, afirmou dom Cl\u00e1udio ao recordar os v\u00e1rios textos liter\u00e1rios ou po\u00e9ticos que s\u00e3o reproduzidos na exorta\u00e7\u00e3o. Um exemplo \u00e9 a \u201cCarta de navegar (pelo Tocantins amaz\u00f4nico)\u201d de dom Pedro Casald\u00e1liga, bispo em\u00e9rito de S\u00e3o F\u00e9lix do Araguaia.<\/p>\n<p style=\"text-align: justify\">Dom Cl\u00e1udio Hummes tamb\u00e9m ressaltou a necessidade de se indignar, \u201cmas sempre disposto ao di\u00e1logo\u201d. Sublinhou que o documento apresenta novos modelos econ\u00f4micos e de desenvolvimento frente a economia que destr\u00f3i. Sobre a convers\u00e3o da Igreja, falou da proposta de inculturar-se: \u201creconhecer a riqueza e o direito que os povos t\u00eam de ser crist\u00e3os na sua cultura\u201d, mas chamou aten\u00e7\u00e3o para ter cuidado com o colonialismo.<\/p>\n<p style=\"text-align: justify\">A reforma da Igreja iniciada pelo Papa Francisco, ganha a contribui\u00e7\u00e3o da exorta\u00e7\u00e3o que tamb\u00e9m incentiva que a Igreja seja mais mission\u00e1ria, inculturada, sinodal &#8211; que escuta o povo e acolhe o sensus fidei (sentido da f\u00e9 pelo povo de Deus).\u00a0Ainda sobre a realidade eclesial, o Papa Francisco pede perd\u00e3o pelas ofensas, pelos crimes cometidos contra os povos nativos e pelos crimes que se seguiram ao longo da hist\u00f3ria.<\/p>\n<h3 style=\"text-align: justify\">Documento final<\/h3>\n<p style=\"text-align: justify\">Mesmo n\u00e3o citado na exorta\u00e7\u00e3o apost\u00f3lica, o documento final do S\u00ednodo, aprovado por dois ter\u00e7os dos padres sinodais, faz parte do processo, \u201c\u00e9 uma mem\u00f3ria e tesouro das escutas e do que se discutiu no s\u00ednodo\u201d, destacou dom Walmor Oliveira de Azevedo.<\/p>\n<p>&nbsp;<\/p>\n<p><a href=\"http:\/\/w2.vatican.va\/content\/francesco\/pt\/apost_exhortations\/documents\/papa-francesco_esortazione-ap_20200202_querida-amazonia.html#_ftnref104\" target=\"_blank\" rel=\"noopener\">Leia a \u00edntegra da Exorta\u00e7\u00e3o Apost\u00f3lica Querida Amaz\u00f4nia<\/a><\/p>\n<p>&nbsp;<\/p>\n<p><a data-flickr-embed=\"true\" href=\"https:\/\/www.flickr.com\/photos\/cnbbnacional\/albums\/72157713082306742\" title=\"Coletiva de Imprensa - Querida Amaz\u00f4nia by CNBBNacional, on Flickr\" target=\"_blank\" rel=\"noopener\"><img src='https:\/\/live.staticflickr.com\/65535\/49526490121_b017eba2f4.jpg' width='800' height='600' alt='IMG_8270'><\/a><script async src='https:\/\/embedr.flickr.com\/assets\/client-code.js' charset='utf-8'><\/script><\/p>\n","protected":false},"excerpt":{"rendered":"<p>Dom Walmor Oliveira de Azevedo comenta exorta\u00e7\u00e3o apost\u00f3lica do Papa Francisco Querida Amaz\u00f4nia: \u201cN\u00e3o \u00e9 um decreto, mas convite a sonhar\u201d. Cardeal Cl\u00e1udio Hummes fez uma s\u00edntese do documento que \u00e9 fruto do S\u00ednodo Especial para a Amaz\u00f4nia, realizado em outubro de 2019<\/p>\n","protected":false},"author":83,"featured_media":36756,"comment_status":"closed","ping_status":"open","sticky":false,"template":"","format":"standard","meta":{"site-sidebar-layout":"default","site-content-layout":"default","ast-global-header-display":"","ast-banner-title-visibility":"","ast-main-header-display":"","ast-hfb-above-header-display":"","ast-hfb-below-header-display":"","ast-hfb-mobile-header-display":"","site-post-title":"","ast-breadcrumbs-content":"","ast-featured-img":"","footer-sml-layout":"","theme-transparent-header-meta":"","adv-header-id-meta":"","stick-header-meta":"","header-above-stick-meta":"","header-main-stick-meta":"","header-below-stick-meta":""},"categories":[1078],"tags":[1900],"acf":[],"_links":{"self":[{"href":"https:\/\/www.cnbb.org.br\/cnbb-app\/wp\/v2\/posts\/36755"}],"collection":[{"href":"https:\/\/www.cnbb.org.br\/cnbb-app\/wp\/v2\/posts"}],"about":[{"href":"https:\/\/www.cnbb.org.br\/cnbb-app\/wp\/v2\/types\/post"}],"author":[{"embeddable":true,"href":"https:\/\/www.cnbb.org.br\/cnbb-app\/wp\/v2\/users\/83"}],"replies":[{"embeddable":true,"href":"https:\/\/www.cnbb.org.br\/cnbb-app\/wp\/v2\/comments?post=36755"}],"version-history":[{"count":0,"href":"https:\/\/www.cnbb.org.br\/cnbb-app\/wp\/v2\/posts\/36755\/revisions"}],"wp:featuredmedia":[{"embeddable":true,"href":"https:\/\/www.cnbb.org.br\/cnbb-app\/wp\/v2\/media\/36756"}],"wp:attachment":[{"href":"https:\/\/www.cnbb.org.br\/cnbb-app\/wp\/v2\/media?parent=36755"}],"wp:term":[{"taxonomy":"category","embeddable":true,"href":"https:\/\/www.cnbb.org.br\/cnbb-app\/wp\/v2\/categories?post=36755"},{"taxonomy":"post_tag","embeddable":true,"href":"https:\/\/www.cnbb.org.br\/cnbb-app\/wp\/v2\/tags?post=36755"}],"curies":[{"name":"wp","href":"https:\/\/api.w.org\/{rel}","templated":true}]}}