{"id":36767,"date":"2020-02-13T00:00:00","date_gmt":"2020-02-13T03:00:00","guid":{"rendered":"https:\/\/www.cnbb.org.br\/cnbb-visita-projetos-apoiados-pelo-fundo-nacional-da-solidariedade-fns-em-minas-gerais\/"},"modified":"2020-10-25T19:43:36","modified_gmt":"2020-10-25T22:43:36","slug":"cnbb-visita-projetos-apoiados-pelo-fundo-nacional-da-solidariedade-fns-em-minas-gerais","status":"publish","type":"post","link":"https:\/\/www.cnbb.org.br\/cnbb-visita-projetos-apoiados-pelo-fundo-nacional-da-solidariedade-fns-em-minas-gerais\/","title":{"rendered":"CNBB visita projetos apoiados pelo Fundo Nacional da Solidariedade (FNS) em Minas Gerais"},"content":{"rendered":"<blockquote>\n<p style=\"text-align: justify\"><em>\u201cFoi algo impactante porque n\u00f3s vimos que os recursos do Fundo Nacional Solidariedade t\u00eam gerado vida, resgatado a autoestima das pessoas, mobilizado as comunidades e resgatado alguns valores, como por exemplo os mutir\u00f5es e os encontros da comunidade\u201d.<\/em><\/p>\n<\/blockquote>\n<p style=\"text-align: justify\">Esse \u00e9 o relato do secret\u00e1rio executivo de campanhas da Confer\u00eancia Nacional dos Bispos do Brasil (CNBB), padre Patriky Samuel, sobre a primeira visita, de 10 a 12 de fevereiro, que ele e o coordenador de projetos do Fundo Nacional de Solidariedade (FNS), Franklin Queiroz, fizeram aos projetos apoiados pelo fundo na diocese de Janu\u00e1ria, que fica no norte de Minas Gerais. O FNS \u00e9 constitu\u00eddo com recursos mobilizados na Coleta de Ramos a partir da mobiliza\u00e7\u00e3o feita pela Campanha da Fraternidade de cada ano.<\/p>\n<figure id=\"attachment_233463\" aria-describedby=\"caption-attachment-233463\" style=\"width: 325px\" class=\"wp-caption alignleft\"><a href=\"https:\/\/www.cnbb.org.br\/cnbb-visita-a-projetos-apoiados-pelo-fundo-nacional-da-solidariedade-fns-em-minas-gerais\/whatsapp-image-2020-02-13-at-10-25-49-1\/\" rel=\"attachment wp-att-233463\"><img decoding=\"async\" loading=\"lazy\" class=\"wp-image-233463\" src=\"https:\/\/www.cnbb.org.br\/wp-content\/uploads\/2020\/03\/WhatsApp-Image-2020-02-13-at-10.25.49-1-1024x768.jpeg\" alt=\"\" width=\"325\" height=\"244\" \/><\/a><figcaption id=\"caption-attachment-233463\" class=\"wp-caption-text\"><em>Padre Patriky e a comunidade assistida pelo projeto. Foto: arquivo pessoal<\/em><\/figcaption><\/figure>\n<p style=\"text-align: justify\">O convite para conhecer a regi\u00e3o e visitar os projetos que tiveram suas realidades transformadas com a ajuda financeira do FNS foi do bispo diocesano dom Jos\u00e9 Moreira da Silva. Os projetos foram visitados em parceria com t\u00e9cnicos e volunt\u00e1rios da C\u00e1ritas diocesana de Janu\u00e1ria Jerre Sales, Meire Nalva e Edila Salustiano.<\/p>\n<p style=\"text-align: justify\"><em>\u201cEssa nossa visita despertou a pr\u00f3pria popula\u00e7\u00e3o para conhecer e se fazer presente nos projetos. N\u00f3s fizemos na pr\u00e1tica aquilo que a campanha incentiva: n\u00f3s vimos o projeto, nos compadecemos e agora cuidamos n\u00e3o s\u00f3 enviando os recursos, mas acompanhando. Essa presen\u00e7a faz toda a diferen\u00e7a n\u00e3o s\u00f3 para n\u00f3s, mas para eles tamb\u00e9m que se sentem reconhecidos\u201d, <\/em>destaca padre Patriky<\/p>\n<p style=\"text-align: justify\">Para o coordenador do FNS, Franklin Queiroz, \u00e9 uma experi\u00eancia que transforma a gente, porque vemos e sentimos de perto a realidade do outro. &#8220;Eles lutam diariamente para conseguir desenvolver o projeto, manter a comunidade de unida, ajudar os mais velhos e mais pobres\u201d, disse.<\/p>\n<figure id=\"attachment_233464\" aria-describedby=\"caption-attachment-233464\" style=\"width: 286px\" class=\"wp-caption alignright\"><a href=\"https:\/\/www.cnbb.org.br\/cnbb-visita-a-projetos-apoiados-pelo-fundo-nacional-da-solidariedade-fns-em-minas-gerais\/whatsapp-image-2020-02-13-at-10-25-49\/\" rel=\"attachment wp-att-233464\"><img decoding=\"async\" loading=\"lazy\" class=\"wp-image-233464\" src=\"https:\/\/www.cnbb.org.br\/wp-content\/uploads\/2020\/03\/WhatsApp-Image-2020-02-13-at-10.25.49-768x1024.jpeg\" alt=\"\" width=\"286\" height=\"381\" \/><\/a><figcaption id=\"caption-attachment-233464\" class=\"wp-caption-text\"><em>Franklin Queiroz e o dispo diocesano de Janu\u00e1ria, dom Jos\u00e9 Moreira da Silva.<\/em><\/figcaption><\/figure>\n<p style=\"text-align: justify\">O coordenador de projetos disse que estar na diocese de Janu\u00e1ria e ver tantos projetos que foram apoiados pelo FNS cujos frutos j\u00e1 est\u00e3o sendo colhidos sensibiliza e comprova que o fundo \u00e9 capaz transformar a realidade com pequenas atitudes.<em> &#8220;\u00c9 verdadeiramente o \u2018\u00f3bolo da vi\u00fava\u2019, que atrav\u00e9s da provid\u00eancia divina e da responsabilidade crist\u00e3 e caritativa, transforma a vida de um povo\u201d.<\/em><\/p>\n<p style=\"text-align: justify\">Foram visitados os projetos: padaria comunit\u00e1ria na comunidade On\u00e7a\/Perua\u00e7u, cozinha comunit\u00e1ria em Ara\u00e7\u00e1\/Perua\u00e7u, cozinha sertaneja em Olhos D\u2019\u00c1gua\/Perua\u00e7u e a unidade de beneficiamento de frutos na comunidade de Samba\u00edba. Todos pertencentes a diocese de Janu\u00e1ria.<\/p>\n<p style=\"text-align: justify\">Lembrando que o Fundo Nacional de Solidariedade s\u00f3 existe por conta da colabora\u00e7\u00e3o das Comunidades impulsionadas pela tem\u00e1tica de cada ano que \u00e9 proposta pela Campanha da Fraternidade, que este ano traz como tema: \u201cFraternidade e\u00a0 Vida: Dom e Compromisso&#8221; e\u00a0 lema: \u201cViu, sentiu compaix\u00e3o e cuidou dele\u201d.<\/p>\n<p style=\"text-align: justify\">Um dos planos foi visitar o projeto \u201cSemente da Gente do Povo Xakriab\u00e1\u201d que estruturou uma Casa de Sementes Crioulas, espa\u00e7o destinado \u00e0 forma\u00e7\u00e3o e articula\u00e7\u00e3o de uma rede de troca de sementes. O projeto est\u00e1 sendo desenvolvido, desde o dia 1\u00ba de julho de 2019, pela Associa\u00e7\u00e3o Ind\u00edgena Barra do Sumar\u00e9, na Aldeia Barra do Sumar\u00e9, no munic\u00edpio de S\u00e3o Jo\u00e3o das Miss\u00f5es (MG).<\/p>\n<p>https:\/\/www.cnbb.org.br\/projeto-apoiado-com-recursos-da-cf-2019-constroi-casa-de-semente-crioula-do-povo-xakriaba\/<\/p>\n<p>&nbsp;<\/p>\n<p style=\"text-align: justify\">Saiba mais sobre os projetos apoiados pelo FNS em <a href=\"http:\/\/www.cnbb.org.br\/category\/campanhas\/fraternidade\/\"><strong>cnbb.org.br\/fraternidade<\/strong><\/a><\/p>\n","protected":false},"excerpt":{"rendered":"<p>Padre Patriky, coordenador de Campanhas da CNBB: &#8220;cuidamos n\u00e3o s\u00f3 enviando os recursos, mas acompanhando de perto as experi\u00eancias&#8221;<\/p>\n","protected":false},"author":83,"featured_media":36769,"comment_status":"closed","ping_status":"open","sticky":false,"template":"","format":"standard","meta":{"site-sidebar-layout":"default","site-content-layout":"default","ast-global-header-display":"","ast-banner-title-visibility":"","ast-main-header-display":"","ast-hfb-above-header-display":"","ast-hfb-below-header-display":"","ast-hfb-mobile-header-display":"","site-post-title":"","ast-breadcrumbs-content":"","ast-featured-img":"","footer-sml-layout":"","theme-transparent-header-meta":"","adv-header-id-meta":"","stick-header-meta":"","header-above-stick-meta":"","header-main-stick-meta":"","header-below-stick-meta":""},"categories":[759,760],"tags":[2401],"acf":[],"_links":{"self":[{"href":"https:\/\/www.cnbb.org.br\/cnbb-app\/wp\/v2\/posts\/36767"}],"collection":[{"href":"https:\/\/www.cnbb.org.br\/cnbb-app\/wp\/v2\/posts"}],"about":[{"href":"https:\/\/www.cnbb.org.br\/cnbb-app\/wp\/v2\/types\/post"}],"author":[{"embeddable":true,"href":"https:\/\/www.cnbb.org.br\/cnbb-app\/wp\/v2\/users\/83"}],"replies":[{"embeddable":true,"href":"https:\/\/www.cnbb.org.br\/cnbb-app\/wp\/v2\/comments?post=36767"}],"version-history":[{"count":0,"href":"https:\/\/www.cnbb.org.br\/cnbb-app\/wp\/v2\/posts\/36767\/revisions"}],"wp:featuredmedia":[{"embeddable":true,"href":"https:\/\/www.cnbb.org.br\/cnbb-app\/wp\/v2\/media\/36769"}],"wp:attachment":[{"href":"https:\/\/www.cnbb.org.br\/cnbb-app\/wp\/v2\/media?parent=36767"}],"wp:term":[{"taxonomy":"category","embeddable":true,"href":"https:\/\/www.cnbb.org.br\/cnbb-app\/wp\/v2\/categories?post=36767"},{"taxonomy":"post_tag","embeddable":true,"href":"https:\/\/www.cnbb.org.br\/cnbb-app\/wp\/v2\/tags?post=36767"}],"curies":[{"name":"wp","href":"https:\/\/api.w.org\/{rel}","templated":true}]}}