{"id":36778,"date":"2020-02-14T00:00:00","date_gmt":"2020-02-14T03:00:00","guid":{"rendered":"https:\/\/www.cnbb.org.br\/ii-sinodo-arquidiocesano-em-acao\/"},"modified":"2020-02-14T00:00:00","modified_gmt":"2020-02-14T03:00:00","slug":"ii-sinodo-arquidiocesano-em-acao","status":"publish","type":"post","link":"https:\/\/www.cnbb.org.br\/ii-sinodo-arquidiocesano-em-acao\/","title":{"rendered":"II S\u00ednodo Arquidiocesano em a\u00e7\u00e3o"},"content":{"rendered":"<h4 style=\"text-align: right\">Dom Gil Ant\u00f4nio Moreira<br \/>\nArcebispo de Juiz de Fora (MG)<\/h4>\n<p>&nbsp;<\/p>\n<p style=\"text-align: justify\">Com muita alegria, com muita gratid\u00e3o a Deus, demos in\u00edcio \u00e0s atividades do <strong>II S\u00ednodo Arquidiocesano de Juiz de Fora<\/strong>. No \u00faltimo s\u00e1bado, 8 de fevereiro, celebramos a I Sess\u00e3o Sinodal, reunindo todo o clero, religiosos (as) e representa\u00e7\u00e3o dos milhares de leigos e leigas de nossas paroquias, incluindo aqueles organizados em associa\u00e7\u00f5es, movimentos e comunidades, alguns vivendo a nova realidade de consagrados no mundo. Afinal, estavam representadas todas as for\u00e7as vivas de nossa Igreja Particular.<\/p>\n<p style=\"text-align: justify\">S\u00ednodo significa \u201cCaminhar juntos\u201d, andar humilde e alegremente unidos, como verdadeiros irm\u00e3os. S\u00f3 assim, teremos certeza da presen\u00e7a de Cristo em nosso meio, s\u00f3 assim teremos a certeza de estar na estrada certa, s\u00f3 assim valer\u00e1 \u00e0 pena trabalhar e viver pela Igreja e na Igreja. Papa Francisco, na comemora\u00e7\u00e3o do cinquenten\u00e1rio da institui\u00e7\u00e3o do S\u00ednodo dos Bispos, ap\u00f3s o Concilio Vaticano II, aos 17 de outubro de 2015, afirmou: \u201cO caminho da sinodalidade \u00e9 o caminho que Deus espera da Igreja do Terceiro Mil\u00eanio\u201d.<\/p>\n<p style=\"text-align: justify\">\u00c9 mais que conhecida a express\u00e3o do Sucessor de Pedro no sentido de construir a \u201cIgreja em sa\u00edda\u201d, dando-nos a ideia de movimento, de caminhada para dentro e para fora de si mesma. \u00c9 o Esp\u00edrito nos impulsionando para a miss\u00e3o, como temos cantado no Hino Sinodal: \u201cDizer sinodalidade \u00e9 dizer fraternidade e comunh\u00e3o; conhecer as dire\u00e7\u00f5es que o Esp\u00edrito nos d\u00e1. \u201d<\/p>\n<p style=\"text-align: justify\">O que nos impele a viver em sinodalidade \u00e9 o pr\u00f3prio Cristo, centro de nossa vida comunit\u00e1ria e pessoal. Jesus \u00e9 tudo para n\u00f3s! A Igreja existe para propagar esta verdade. Sem uni\u00e3o plena, amorosa a Ele, nada ter\u00e1 sentido em nossa vida arquidiocesana e em nenhuma estrutura\u00e7\u00e3o, por mais perfeita que fosse em suas t\u00e9cnicas e em seus instrumentos. Jesus \u00e9 o centro, \u00e9 a luz, \u00e9 o sentido de nossas vidas, de nossas voca\u00e7\u00f5es, de nossos estudos, de nossas organiza\u00e7\u00f5es. \u00c9 for\u00e7a em nossas ang\u00fastias e seguran\u00e7a em nossas car\u00eancias. \u00c9 supera\u00e7\u00e3o de nossas crises e vit\u00f3ria em nossas lutas. Ele \u00e9 tudo para n\u00f3s, pois \u00e9 o nosso Salvador, nosso Mestre, nosso guia, condutor nos caminhos deste mundo. Ele nos ensina que a uni\u00e3o \u00e9 indispens\u00e1vel para que Ele ande conosco. Assim, certa vez, afirmou: \u201cOnde dois ou mais estiverem unidos em meu nome, eu estarei no meio deles\u201d (Mt 18,20).<\/p>\n<p style=\"text-align: justify\">Contemplando a vida de Jesus Cristo, vemos que n\u00e3o s\u00f3 olhou para os pobres, mas assumiu a vida de simplicidade semelhante \u00e0 deles. Nasceu numa gruta, encarnou-se na fam\u00edlia simples de Nazar\u00e9, e chegou a afirmar: \u201cas raposas tem suas tocas e os p\u00e1ssaros tem seus ninhos, mas o Filho do Homem n\u00e3o tem onde reclinar a cabe\u00e7a\u201d (Mt 8,20).<\/p>\n<p style=\"text-align: justify\">N\u00e3o h\u00e1 santidade sem ora\u00e7\u00e3o e sem caridade. \u201cO caminho que leva ao c\u00e9u passa no cora\u00e7\u00e3o do irm\u00e3o\u201d afirmava um santo bispo que conheci na juventude. \u00c9 por isso que, reunindo-nos na I Sess\u00e3o Sinodal, nesta rampa de lan\u00e7amento das atividades em todo o territ\u00f3rio arquidiocesano, quisemos trazer para os momentos iniciais os nossos irm\u00e3os pobres que vivem nas ruas. Eles s\u00e3o assistidos por v\u00e1rias entidades cat\u00f3licas, al\u00e9m de outras, mas sobretudo pela Funda\u00e7\u00e3o Maria M\u00e3e, com a Obra dos Pequeninos de Jesus na qual trabalham v\u00e1rios irm\u00e3os, entre eles, alguns Di\u00e1conos Permanentes. Quisemos traz\u00ea-los para que eles aben\u00e7oem conosco as nossas atividades, vistam a camisa de nosso S\u00ednodo para que sua situa\u00e7\u00e3o de mis\u00e9ria fique sempre diante de n\u00f3s, recordando-nos outra vez a palavra de Jesus: \u201ctudo aquilo que fizerdes ao menor dos meus irm\u00e3os, \u00e9 a mim que estareis fazendo\u201d (Mt 25, 35).<\/p>\n<p style=\"text-align: justify\">Ap\u00f3s termos j\u00e1 experi\u00eancia de viver em esp\u00edrito sinodal, tendo celebrado o I S\u00ednodo h\u00e1 dez anos, e caminhado neste esp\u00edrito com nossas revis\u00f5es for\u00e2nicas de dois em dois anos, j\u00e1 familiarizados com o m\u00e9todo, teremos agora mais facilidade de construir o nosso II S\u00ednodo, certos de que conquistaremos progressos espirituais e pastorais em nossa Igreja Particular juiz-forana. A beleza do restauro das pinturas das paredes e do teto, das ab\u00f3badas e da c\u00fapula de nossa Catedral que vai ficando cada vez mais linda, gra\u00e7as a uni\u00e3o de todos, seja sinal vis\u00edvel do crescimento de nossa igreja nos sentidos acima mencionados, enchendo de beleza e entusiasmos o cora\u00e7\u00e3o do povo de Deus em marcha.<\/p>\n<p style=\"text-align: justify\">N\u00e3o nos abatamos e nem sejamos submissos aos rigores das disc\u00f3rdias, pois quem separa e divide \u00e9 o Maligno, pai da mentira, o enganador. N\u00f3s cremos em Cristo, e por isso caminharemos em esp\u00edrito de uni\u00e3o, formando, construindo uma igreja em sinodalidade, sempre e ada vez mais missionaria.<\/p>\n<p style=\"text-align: justify\">Com estas palavras convoco a toda a nossa Arquidiocese a entrarmos de cheio nas atividades sinodais abrindo e aben\u00e7oando os port\u00f5es do nosso II S\u00ednodo Arquidiocesano. Deus nos aben\u00e7oe a todos, pelas M\u00e3os de Maria Sant\u00edssima, Nossa Senhora da Igreja em Sa\u00edda, e de Santo Ant\u00f4nio nosso Padroeiro.<\/p>\n<p style=\"text-align: justify\">\n","protected":false},"excerpt":{"rendered":"<p>Dom Gil Ant\u00f4nio Moreira Arcebispo de Juiz de Fora (MG) &nbsp; Com muita alegria, com muita gratid\u00e3o a Deus, demos in\u00edcio \u00e0s atividades do II S\u00ednodo Arquidiocesano de Juiz de Fora. No \u00faltimo s\u00e1bado, 8 de fevereiro, celebramos a I Sess\u00e3o Sinodal, reunindo todo o clero, religiosos (as) e representa\u00e7\u00e3o dos milhares de leigos e &hellip;<\/p>\n<p class=\"read-more\"> <a class=\"\" href=\"https:\/\/www.cnbb.org.br\/ii-sinodo-arquidiocesano-em-acao\/\"> <span class=\"screen-reader-text\">II S\u00ednodo Arquidiocesano em a\u00e7\u00e3o<\/span> Leia mais &raquo;<\/a><\/p>\n","protected":false},"author":12,"featured_media":0,"comment_status":"closed","ping_status":"open","sticky":false,"template":"","format":"standard","meta":{"site-sidebar-layout":"default","site-content-layout":"default","ast-global-header-display":"","ast-banner-title-visibility":"","ast-main-header-display":"","ast-hfb-above-header-display":"","ast-hfb-below-header-display":"","ast-hfb-mobile-header-display":"","site-post-title":"","ast-breadcrumbs-content":"","ast-featured-img":"","footer-sml-layout":"","theme-transparent-header-meta":"","adv-header-id-meta":"","stick-header-meta":"","header-above-stick-meta":"","header-main-stick-meta":"","header-below-stick-meta":""},"categories":[758],"tags":[],"acf":[],"_links":{"self":[{"href":"https:\/\/www.cnbb.org.br\/cnbb-app\/wp\/v2\/posts\/36778"}],"collection":[{"href":"https:\/\/www.cnbb.org.br\/cnbb-app\/wp\/v2\/posts"}],"about":[{"href":"https:\/\/www.cnbb.org.br\/cnbb-app\/wp\/v2\/types\/post"}],"author":[{"embeddable":true,"href":"https:\/\/www.cnbb.org.br\/cnbb-app\/wp\/v2\/users\/12"}],"replies":[{"embeddable":true,"href":"https:\/\/www.cnbb.org.br\/cnbb-app\/wp\/v2\/comments?post=36778"}],"version-history":[{"count":0,"href":"https:\/\/www.cnbb.org.br\/cnbb-app\/wp\/v2\/posts\/36778\/revisions"}],"wp:attachment":[{"href":"https:\/\/www.cnbb.org.br\/cnbb-app\/wp\/v2\/media?parent=36778"}],"wp:term":[{"taxonomy":"category","embeddable":true,"href":"https:\/\/www.cnbb.org.br\/cnbb-app\/wp\/v2\/categories?post=36778"},{"taxonomy":"post_tag","embeddable":true,"href":"https:\/\/www.cnbb.org.br\/cnbb-app\/wp\/v2\/tags?post=36778"}],"curies":[{"name":"wp","href":"https:\/\/api.w.org\/{rel}","templated":true}]}}