{"id":36812,"date":"2020-02-17T00:00:00","date_gmt":"2020-02-17T03:00:00","guid":{"rendered":"https:\/\/www.cnbb.org.br\/nuncio-apostolico-no-brasil-visita-dioceses-e-prelazia-do-regional-norte-2-da-cnbb\/"},"modified":"2020-02-17T00:00:00","modified_gmt":"2020-02-17T03:00:00","slug":"nuncio-apostolico-no-brasil-visita-dioceses-e-prelazia-do-regional-norte-2-da-cnbb","status":"publish","type":"post","link":"https:\/\/www.cnbb.org.br\/nuncio-apostolico-no-brasil-visita-dioceses-e-prelazia-do-regional-norte-2-da-cnbb\/","title":{"rendered":"N\u00fancio Apost\u00f3lico no Brasil visita dioceses e prelazia do regional Norte 2 da CNBB"},"content":{"rendered":"<p style=\"text-align: justify\">Durante o intervalo de uma semana entre as posses episcopais e instala\u00e7\u00f5es de circunscri\u00e7\u00f5es eclesi\u00e1sticas no regional Norte 2 da Confer\u00eancia Nacional dos Bispos do Brasil (CNBB), o n\u00fancio apost\u00f3lico no Brasil, dom Giovanni D\u2019Aniello, permaneceu no estado do Par\u00e1 e fez visitas, incluindo \u00e0 diocese de \u00d3bidos (PA) e \u00e0 prelazia de Itaituba (PA).<\/p>\n<p style=\"text-align: justify\">Em \u00d3bidos, dom Giovanni participou de celebra\u00e7\u00f5es de missas e visitas a comunidades ribeirinhas. Tamb\u00e9m fez expedi\u00e7\u00e3o com o Barco Hospital Papa Francisco. Segundo o N\u00fancio Apost\u00f3lico, foi \u201cuma experi\u00eancia \u00fanica, fant\u00e1stica\u201d estar conhecendo as realidades amaz\u00f4nicas da Igreja: \u201ceu vi o carinho dessas pessoas com a gente, foi uma experi\u00eancia de humanidade, de ver os irm\u00e3os cuidando de outros irm\u00e3os mais carentes\u201d. E completou: \u201csomos todos iguais, temos que cuidar um do outro, no amor m\u00fatuo\u201d.<\/p>\n<p><a href=\"http:\/\/cnbbn2.com.br\/nuncio-apostolico-visita-regional-norte-2\/\" target=\"_blank\" rel=\"noopener\">Confira a not\u00edcia da visita do n\u00fancio apost\u00f3lico ao Norte 2 na \u00edntegra.\u00a0<\/a><\/p>\n","protected":false},"excerpt":{"rendered":"<p>Em \u00d3bidos, dom Giovanni D&#8217;Aniello participou de celebra\u00e7\u00f5es de missas e visitas a comunidades ribeirinhas, al\u00e9m de fazer expedi\u00e7\u00e3o com o Barco Hospital Papa Francisco<\/p>\n","protected":false},"author":83,"featured_media":36813,"comment_status":"closed","ping_status":"open","sticky":false,"template":"","format":"standard","meta":{"site-sidebar-layout":"default","site-content-layout":"default","ast-global-header-display":"","ast-banner-title-visibility":"","ast-main-header-display":"","ast-hfb-above-header-display":"","ast-hfb-below-header-display":"","ast-hfb-mobile-header-display":"","site-post-title":"","ast-breadcrumbs-content":"","ast-featured-img":"","footer-sml-layout":"","theme-transparent-header-meta":"","adv-header-id-meta":"","stick-header-meta":"","header-above-stick-meta":"","header-main-stick-meta":"","header-below-stick-meta":""},"categories":[822,769],"tags":[1784],"acf":[],"_links":{"self":[{"href":"https:\/\/www.cnbb.org.br\/cnbb-app\/wp\/v2\/posts\/36812"}],"collection":[{"href":"https:\/\/www.cnbb.org.br\/cnbb-app\/wp\/v2\/posts"}],"about":[{"href":"https:\/\/www.cnbb.org.br\/cnbb-app\/wp\/v2\/types\/post"}],"author":[{"embeddable":true,"href":"https:\/\/www.cnbb.org.br\/cnbb-app\/wp\/v2\/users\/83"}],"replies":[{"embeddable":true,"href":"https:\/\/www.cnbb.org.br\/cnbb-app\/wp\/v2\/comments?post=36812"}],"version-history":[{"count":0,"href":"https:\/\/www.cnbb.org.br\/cnbb-app\/wp\/v2\/posts\/36812\/revisions"}],"wp:featuredmedia":[{"embeddable":true,"href":"https:\/\/www.cnbb.org.br\/cnbb-app\/wp\/v2\/media\/36813"}],"wp:attachment":[{"href":"https:\/\/www.cnbb.org.br\/cnbb-app\/wp\/v2\/media?parent=36812"}],"wp:term":[{"taxonomy":"category","embeddable":true,"href":"https:\/\/www.cnbb.org.br\/cnbb-app\/wp\/v2\/categories?post=36812"},{"taxonomy":"post_tag","embeddable":true,"href":"https:\/\/www.cnbb.org.br\/cnbb-app\/wp\/v2\/tags?post=36812"}],"curies":[{"name":"wp","href":"https:\/\/api.w.org\/{rel}","templated":true}]}}