{"id":36844,"date":"2020-02-19T00:00:00","date_gmt":"2020-02-19T03:00:00","guid":{"rendered":"https:\/\/www.cnbb.org.br\/abertas-as-inscricoes-para-encontro-mundial-com-o-papa-francisco-sobre-o-pacto-educativo-global\/"},"modified":"2020-10-23T16:44:40","modified_gmt":"2020-10-23T19:44:40","slug":"abertas-as-inscricoes-para-encontro-mundial-com-o-papa-francisco-sobre-o-pacto-educativo-global","status":"publish","type":"post","link":"https:\/\/www.cnbb.org.br\/abertas-as-inscricoes-para-encontro-mundial-com-o-papa-francisco-sobre-o-pacto-educativo-global\/","title":{"rendered":"Abertas as inscri\u00e7\u00f5es para encontro mundial com o Papa Francisco sobre o Pacto Educativo Global"},"content":{"rendered":"<p style=\"text-align: justify\">J\u00e1 est\u00e3o abertas as inscri\u00e7\u00f5es para o encontro mundial com o Papa Francisco sobre educa\u00e7\u00e3o que ser\u00e1 realizado no Vaticano, no dia 14 de maio de 2020. O evento tem como tema: <strong><em>\u201cReconstruir o pacto educativo global\u201d<\/em><\/strong> e pretende reavivar o compromisso em prol de uma educa\u00e7\u00e3o mais aberta e inclusiva para as gera\u00e7\u00f5es jovens, renovando nelas a paix\u00e3o, o di\u00e1logo construtivo e a m\u00fatua compreens\u00e3o.<\/p>\n<p style=\"text-align: justify\">De acordo com o assessor do Setor Educa\u00e7\u00e3o da Comiss\u00e3o Episcopal Pastoral para Cultura e Educa\u00e7\u00e3o da Confer\u00eancia Nacional dos Bispos do Brasil (CNBB), padre J\u00falio C\u00e9sar Evangelista Resende em Roma ser\u00e1 discutido aspectos de como envolver novamente a fam\u00edlia, escola e sociedade no processo educativo. <em>&#8220;Al\u00e9m disso, ser\u00e3o apresentados projetos educativos que formem para um compromisso comunit\u00e1rio\u201d, destaca.<\/em><\/p>\n<p style=\"text-align: justify\">Em uma mensagem divulgada pela Santa S\u00e9, no dia 12 de setembro de 2019, o Papa Francisco convida os jovens no campo da educa\u00e7\u00e3o para promover em conjunto e ativar, atrav\u00e9s dum pacto educativo comum, as din\u00e2micas que conferem um sentido \u00e0 hist\u00f3ria e a transformam de maneira positiva.<\/p>\n<p style=\"text-align: justify\">No Brasil, a Comiss\u00e3o Episcopal Pastoral para Cultura e Educa\u00e7\u00e3o da CNBB, a juntamente com a Confer\u00eancia dos Religiosos do Brasil (CRB) e a Associa\u00e7\u00e3o Nacional de Educa\u00e7\u00e3o Cat\u00f3lica (ANEC) est\u00e1 articulando a cria\u00e7\u00e3o de um espa\u00e7o para apresenta\u00e7\u00e3o dos projetos do Brasil na \u201cAldeia Educativa\u201d que acontecer\u00e1 entre os dias 10 e 14 de maio, em Roma.<\/p>\n<p style=\"text-align: justify\"><em>\u201cQueremos responder ao convite do Papa, pois \u00e9 algo importante tamb\u00e9m para a sociedade brasileira. A Igreja como servidora da humanidade deseja refletir tamb\u00e9m o papel de uma educa\u00e7\u00e3o ampla, dial\u00f3gica que provoca o encontro e a fraternidade. Educa\u00e7\u00e3o para um humanismo solid\u00e1rio\u201d, destacou o padre.<\/em><\/p>\n<p style=\"text-align: justify\"><strong>Participe<\/strong><\/p>\n<p style=\"text-align: justify\">O evento acontecer\u00e1 na sala Paulo VI, que comporta cerca de seis mil pessoas, e ser\u00e1 precedido por uma s\u00e9rie de semin\u00e1rios tem\u00e1ticos, em v\u00e1rias institui\u00e7\u00f5es, para acompanhar a prepara\u00e7\u00e3o do encontro.\u00a0As inscri\u00e7\u00f5es podem ser feitas <a href=\"https:\/\/www.educationglobalcompact.org\/\" target=\"_blank\" rel=\"noopener\"><em><strong>aqui<\/strong> <\/em><\/a>no site do evento que tem informa\u00e7\u00f5es e o caminho de prepara\u00e7\u00e3o. Cada interessado poder\u00e1 realizar a inscri\u00e7\u00e3o para mais tr\u00eas pessoas. Um m\u00eas antes do evento, o participante receber\u00e1 o voucher com a confirma\u00e7\u00e3o da inscri\u00e7\u00e3o que dever\u00e1 ser apresentado na entrada do evento junto \u00e0 um documento com foto.<\/p>\n<p style=\"text-align: justify\"><strong>Subs\u00eddio<\/strong><\/p>\n<p style=\"text-align: justify\">No dia 31 de janeiro, a CNBB lan\u00e7ou o projeto \u201cA Igreja no Brasil, com o Papa Francisco, pelo Pacto Educativo Global\u201d e prop\u00f4s que os diversos regionais utilizem o subs\u00eddio para oferecer orienta\u00e7\u00f5es.<\/p>\n<p style=\"text-align: justify\"><a href=\"https:\/\/www.cnbb.org.br\/cnbb-motivar-educadores-a-compreender-proposta-do-pacto-pela-educacao-do-papa-francisco\/pacto-pela-educacao\/\" rel=\"attachment wp-att-231954\"><img decoding=\"async\" loading=\"lazy\" class=\" wp-image-231954 alignright\" src=\"https:\/\/www.cnbb.org.br\/wp-content\/uploads\/2020\/03\/Pacto-pela-Educa\u00e7\u00e3o.jpg\" alt=\"\" width=\"294\" height=\"415\" \/><\/a>O texto, dividido em quatro cap\u00edtulos, contextualiza o que \u00e9 o Pacto Global Educativo; apresenta a imagem da \u201caldeia educativa\u201d que envolve fam\u00edlia, escola e sociedade; pontua os elementos que fazem parte do processo educativo \u00e0 luz do Pontificado de Francisco; indica alguns encaminhamentos pr\u00e1ticos para a realiza\u00e7\u00e3o de atividades locais e elenca algumas refer\u00eancias b\u00e1sicas para aprofundamento do tema.<\/p>\n<p style=\"text-align: justify\">O subs\u00eddio tem um conjunto de orienta\u00e7\u00f5es para que comunidades, escolas, universidades, organismos e dioceses possam percorrer um caminho de reflex\u00e3o e aprofundamento sobre o Pacto.<\/p>\n<p style=\"text-align: justify\">Na publica\u00e7\u00e3o, quem deseja organizar a\u00e7\u00f5es do Pacto no Brasil poder\u00e1 acompanhar a agenda de a\u00e7\u00f5es que prev\u00ea a realiza\u00e7\u00e3o de um Semin\u00e1rio Nacional de Educa\u00e7\u00e3o, a sensibiliza\u00e7\u00e3o sobre o \u201cPacto Educativo Global\u201d na 58\u00aa Assembleia Geral dos Bispos do Brasil, que ocorrer\u00e1 em abril, em Aparecida (SP).<\/p>\n<p style=\"text-align: justify\">Al\u00e9m disso, ser\u00e1 lan\u00e7ada uma plataforma digital para partilha de projetos e pr\u00e1ticas educativas na perspectiva do Humanismo Solid\u00e1rio e da ecologia integral, proposta pela enc\u00edclica <em>Laudato Si,<\/em> e projetos da <em>\u201cAldeia que educa\u201d<\/em>, audi\u00eancia p\u00fablica em Bras\u00edlia e lan\u00e7amento de v\u00eddeo institucional.<\/p>\n<p style=\"text-align: justify\"><strong>Em v\u00eddeo, Papa convida educadores de todo o mundo a irem a Roma:<\/strong><\/p>\n<div class=\"ast-oembed-container\" style=\"height: 100%;\"><iframe loading=\"lazy\" title=\"Papa convida educadores de todo o mundo a virem a Roma\" width=\"500\" height=\"281\" src=\"https:\/\/www.youtube.com\/embed\/ZgmRnQgr5C0?feature=oembed\" frameborder=\"0\" allow=\"accelerometer; autoplay; clipboard-write; encrypted-media; gyroscope; picture-in-picture\" allowfullscreen><\/iframe><\/div>\n","protected":false},"excerpt":{"rendered":"<p>O evento marcado para o dia 14 de maio na sala Paulo VI, com capacidade para 6 mil pessoas, ser\u00e1 precedido por uma s\u00e9rie de semin\u00e1rios tem\u00e1ticos<\/p>\n","protected":false},"author":83,"featured_media":36845,"comment_status":"closed","ping_status":"open","sticky":false,"template":"","format":"standard","meta":{"site-sidebar-layout":"default","site-content-layout":"default","ast-global-header-display":"","ast-banner-title-visibility":"","ast-main-header-display":"","ast-hfb-above-header-display":"","ast-hfb-below-header-display":"","ast-hfb-mobile-header-display":"","site-post-title":"","ast-breadcrumbs-content":"","ast-featured-img":"","footer-sml-layout":"","theme-transparent-header-meta":"","adv-header-id-meta":"","stick-header-meta":"","header-above-stick-meta":"","header-main-stick-meta":"","header-below-stick-meta":""},"categories":[748,799],"tags":[2200],"acf":[],"_links":{"self":[{"href":"https:\/\/www.cnbb.org.br\/cnbb-app\/wp\/v2\/posts\/36844"}],"collection":[{"href":"https:\/\/www.cnbb.org.br\/cnbb-app\/wp\/v2\/posts"}],"about":[{"href":"https:\/\/www.cnbb.org.br\/cnbb-app\/wp\/v2\/types\/post"}],"author":[{"embeddable":true,"href":"https:\/\/www.cnbb.org.br\/cnbb-app\/wp\/v2\/users\/83"}],"replies":[{"embeddable":true,"href":"https:\/\/www.cnbb.org.br\/cnbb-app\/wp\/v2\/comments?post=36844"}],"version-history":[{"count":0,"href":"https:\/\/www.cnbb.org.br\/cnbb-app\/wp\/v2\/posts\/36844\/revisions"}],"wp:featuredmedia":[{"embeddable":true,"href":"https:\/\/www.cnbb.org.br\/cnbb-app\/wp\/v2\/media\/36845"}],"wp:attachment":[{"href":"https:\/\/www.cnbb.org.br\/cnbb-app\/wp\/v2\/media?parent=36844"}],"wp:term":[{"taxonomy":"category","embeddable":true,"href":"https:\/\/www.cnbb.org.br\/cnbb-app\/wp\/v2\/categories?post=36844"},{"taxonomy":"post_tag","embeddable":true,"href":"https:\/\/www.cnbb.org.br\/cnbb-app\/wp\/v2\/tags?post=36844"}],"curies":[{"name":"wp","href":"https:\/\/api.w.org\/{rel}","templated":true}]}}