{"id":36861,"date":"2020-02-20T00:00:00","date_gmt":"2020-02-20T03:00:00","guid":{"rendered":"https:\/\/www.cnbb.org.br\/lembra-te-que-es-po-e-ao-po-has-de-voltar\/"},"modified":"2020-02-20T00:00:00","modified_gmt":"2020-02-20T03:00:00","slug":"lembra-te-que-es-po-e-ao-po-has-de-voltar","status":"publish","type":"post","link":"https:\/\/www.cnbb.org.br\/lembra-te-que-es-po-e-ao-po-has-de-voltar\/","title":{"rendered":"Lembra-te que \u00e9s p\u00f3, e ao p\u00f3 h\u00e1s de voltar!"},"content":{"rendered":"<p style=\"text-align: right\"><strong>Dom Eurico dos Santos Veloso<\/strong><br \/>\n<strong>Arcebispo Em\u00e9rito de Juiz de Fora (MG)<\/strong><\/p>\n<p style=\"text-align: justify\">\n<p style=\"text-align: justify\">Mais uma Quarta-Feira Santa estamos para celebrar: inicia-se o tempo da Quaresma. Quarenta dias de penit\u00eancia, jejum e ora\u00e7\u00e3o. Neste tripl\u00e9 est\u00e1 resumido o que devemos fazer neste tempo favor\u00e1vel, em comunh\u00e3o com a Igreja, a caminha quaresmal. As cinzas que receberemos em nossas cabe\u00e7as \u00e9 um an\u00fancio prof\u00e9tico de que viemos do p\u00f3 e ao p\u00f3 voltaremos, mas n\u00e3o somos reduzidos a p\u00f3, mas um povo salvo pela Cruz e Ressurrei\u00e7\u00e3o de Jesus.<\/p>\n<p style=\"text-align: justify\">Na primeira leitura(cf. Jl 2,12-18) o profeta mostra um amor sincero a Deus, uma f\u00e9 consistente, e uma esperan\u00e7a que se torna ora\u00e7\u00e3o coral e penitente, dar\u00e3o ao profeta e aos sacerdotes as devidas condi\u00e7\u00f5es para implorarem a compaix\u00e3o de Deus para com o seu povo.<\/p>\n<p style=\"text-align: justify\">Na segunda leitura(cf. 2Cor 5,20-6,2) Paulo exorta que devemos \u201cReconciliai-vos com Deus\u201d. O apelo \u00e9 eloquente: \u201cE como seus colaboradores, exortamo-vos a n\u00e3o receber em v\u00e3o a gra\u00e7a de Deus. 2Pois Ele diz: No tempo favor\u00e1vel ouvi-te e, no dia da salva\u00e7\u00e3o, vim em teu aux\u00edlio. \u00c9 este o tempo favor\u00e1vel, \u00e9 este o dia da salva\u00e7\u00e3o\u201d.<\/p>\n<p style=\"text-align: justify\">No Santo Evangelho(cf. Mt 6,1-6.16-18) S\u00e3o Mateus proclama que \u201cE o teu Pai, que v\u00ea o que est\u00e1 escondido, te dar\u00e1 a recompensa\u201d. Jesus mostra-nos qual deve ser a nossa atitude quando praticamos obras de penit\u00eancia (tais como a esmola, a ora\u00e7\u00e3o, o jejum), e insiste na retid\u00e3o interior, garantida pela intimidade com o Pai. Era essa a atitude e a orienta\u00e7\u00e3o do pr\u00f3prio Jesus em todas as suas palavras e obras. Nada fazia para ser admirado pelos homens. N\u00f3s podemos ser tentados a fazer o bem para obtermos a admira\u00e7\u00e3o dos outros. Mas essa atitude, por um lado, fecha-nos em n\u00f3s mesmos, por outro lado projeta-nos para fora de n\u00f3s, tornando-nos dependentes da opini\u00e3o dos outros.<\/p>\n<p style=\"text-align: justify\">Vivamos este Tempo santo com muita seriedade, lembrando a exorta\u00e7\u00e3o de S\u00e3o Paulo na segunda Carta aos Cor\u00edntios: \u201cN\u00f3s vos exortamos a n\u00e3o receberdes em v\u00e3o a gra\u00e7a de Deus\u201d(cf. 2Cor 6,1). \u201c\u00c9 agora o momento favor\u00e1vel, \u00e9 agora o dia da salva\u00e7\u00e3o\u201d(cf. 2Cor 6,2). A exorta\u00e7\u00e3o de Jesus, bem como a do profeta Joel, chama a nossa aten\u00e7\u00e3o para a maneira de viver esta Quaresma em prepara\u00e7\u00e3o para a P\u00e1scoa da Ressurrei\u00e7\u00e3o: acima de tudo, a convers\u00e3o do cora\u00e7\u00e3o, que implica algumas pr\u00e1ticas externas, como: dedicarmos-nos mais tempo \u00e0 ora\u00e7\u00e3o; estarmos mais atentos \u00e0s necessidades dos outros, ou seja, viver a caridade fraterna; sermos solid\u00e1rios com aqueles e aquelas que passam fome fazendo abstin\u00eancia de algum alimento que apreciamos; lembrar-mos de que somos pecadores e que nossas faltas de amor ofendem a Deus e ao pr\u00f3ximo. De<\/p>\n<p style=\"text-align: justify\">nada adiantaria se fic\u00e1ssemos somente na pr\u00e1tica externa, como o jejum e abstin\u00eancia; \u00e9 preciso levarmos muito mais a s\u00e9rio nosso relacionamento com Deus e a nossa caridade fraterna. A ora\u00e7\u00e3o, jejum e caridade de forma consciente o momento e o ato mais importante da nossa \u00edntima uni\u00e3o com Ele. E nos faz saber que estes atos devem ser livres e desimpedidos, desinteressados de reconhecimento. A partir do momento em que vivemos estas tr\u00eas li\u00e7\u00f5es de Cristo: ora\u00e7\u00e3o, jejum e penit\u00eancia, em nossas vidas, tudo em n\u00f3s ser\u00e1 um eterno aleluia. Jesus ter\u00e1 verdadeiramente ressuscitado em n\u00f3s.<\/p>\n<p style=\"text-align: justify\">A ora\u00e7\u00e3o, o jejum e a esmola n\u00e3o perderam a atualidade, e continuam a ser propostos como instrumentos de convers\u00e3o. A estes meios cl\u00e1ssicos podemos acrescentar outros, em ordem a melhorar a rela\u00e7\u00e3o com Deus, conosco pr\u00f3prios e com os outros. E o maior dentre eles \u00e9 o amor. O amor \u00e9 criativo e encontra formas sempre novas de viver a fraternidade. Permite-nos que contribuamos para a sinceridade do cora\u00e7\u00e3o e a coer\u00eancia das atitudes no caminho da paz. Faz-nos evitar a cr\u00edtica maldizente, os preconceitos e os ju\u00edzos acerca dos outros, favorece a autenticidade da vida crist\u00e3. E tem como obst\u00e1culos a vencer o ego\u00edsmo e orgulho, que impedem a generosidade do cora\u00e7\u00e3o. Nesta quarta-feira de cinzas estamos, mais uma vez, diante de um convite veemente: CONVERTEI-VOS E ACREDITAI NO EVANGELHO(cf. Mc 1,15). \u201cLembra-te que \u00e9s p\u00f3s, e ao p\u00f3 has de voltar!\u201d(cf. Gn 3,19)<\/p>\n<p style=\"text-align: justify\">Inicia-se, com a Quaresma, a Campanha da Fraternidade 2020, que tem como tema da vida como dom e compromisso, seguindo as pegadas de Santa Dulce dos Pobres. O tema da Campanha da Fraternidade 2020 \u00e9 \u201cFraternidade e vida: dom e compromisso\u201d, e o lema: \u201cViu, sentiu compaix\u00e3o e cuidou dele\u201d(Lc 10,33-34). Com a ora\u00e7\u00e3o, o jejum e a esmola vivamos plenamente a Campanha da Fraternidade cuidando das pessoas e para com elas tendo a aut\u00eantica compaix\u00e3o que \u00e9 miseric\u00f3rdia e cuidado.<\/p>\n<p style=\"text-align: justify\">Santa Quaresma!<\/p>\n<p>&nbsp;<\/p>\n","protected":false},"excerpt":{"rendered":"<p>Dom Eurico dos Santos Veloso Arcebispo Em\u00e9rito de Juiz de Fora (MG) Mais uma Quarta-Feira Santa estamos para celebrar: inicia-se o tempo da Quaresma. Quarenta dias de penit\u00eancia, jejum e ora\u00e7\u00e3o. Neste tripl\u00e9 est\u00e1 resumido o que devemos fazer neste tempo favor\u00e1vel, em comunh\u00e3o com a Igreja, a caminha quaresmal. As cinzas que receberemos em &hellip;<\/p>\n<p class=\"read-more\"> <a class=\"\" href=\"https:\/\/www.cnbb.org.br\/lembra-te-que-es-po-e-ao-po-has-de-voltar\/\"> <span class=\"screen-reader-text\">Lembra-te que \u00e9s p\u00f3, e ao p\u00f3 h\u00e1s de voltar!<\/span> Leia mais &raquo;<\/a><\/p>\n","protected":false},"author":73,"featured_media":0,"comment_status":"closed","ping_status":"open","sticky":false,"template":"","format":"standard","meta":{"site-sidebar-layout":"default","site-content-layout":"default","ast-global-header-display":"","ast-banner-title-visibility":"","ast-main-header-display":"","ast-hfb-above-header-display":"","ast-hfb-below-header-display":"","ast-hfb-mobile-header-display":"","site-post-title":"","ast-breadcrumbs-content":"","ast-featured-img":"","footer-sml-layout":"","theme-transparent-header-meta":"","adv-header-id-meta":"","stick-header-meta":"","header-above-stick-meta":"","header-main-stick-meta":"","header-below-stick-meta":""},"categories":[758],"tags":[],"acf":[],"_links":{"self":[{"href":"https:\/\/www.cnbb.org.br\/cnbb-app\/wp\/v2\/posts\/36861"}],"collection":[{"href":"https:\/\/www.cnbb.org.br\/cnbb-app\/wp\/v2\/posts"}],"about":[{"href":"https:\/\/www.cnbb.org.br\/cnbb-app\/wp\/v2\/types\/post"}],"author":[{"embeddable":true,"href":"https:\/\/www.cnbb.org.br\/cnbb-app\/wp\/v2\/users\/73"}],"replies":[{"embeddable":true,"href":"https:\/\/www.cnbb.org.br\/cnbb-app\/wp\/v2\/comments?post=36861"}],"version-history":[{"count":0,"href":"https:\/\/www.cnbb.org.br\/cnbb-app\/wp\/v2\/posts\/36861\/revisions"}],"wp:attachment":[{"href":"https:\/\/www.cnbb.org.br\/cnbb-app\/wp\/v2\/media?parent=36861"}],"wp:term":[{"taxonomy":"category","embeddable":true,"href":"https:\/\/www.cnbb.org.br\/cnbb-app\/wp\/v2\/categories?post=36861"},{"taxonomy":"post_tag","embeddable":true,"href":"https:\/\/www.cnbb.org.br\/cnbb-app\/wp\/v2\/tags?post=36861"}],"curies":[{"name":"wp","href":"https:\/\/api.w.org\/{rel}","templated":true}]}}