{"id":36877,"date":"2020-02-21T00:00:00","date_gmt":"2020-02-21T03:00:00","guid":{"rendered":"https:\/\/www.cnbb.org.br\/querida-amazonia-o-registro-gramatical\/"},"modified":"2020-02-21T00:00:00","modified_gmt":"2020-02-21T03:00:00","slug":"querida-amazonia-o-registro-gramatical","status":"publish","type":"post","link":"https:\/\/www.cnbb.org.br\/querida-amazonia-o-registro-gramatical\/","title":{"rendered":"Querida Amaz\u00f4nia &#8211; O registro gramatical"},"content":{"rendered":"<p style=\"text-align: right\"><b><i><span data-contrast=\"auto\">Dom Pedro Brito Guimar\u00e3es<br \/>\n<\/span><\/i><\/b><b><i><span data-contrast=\"auto\">Arcebispo de Palmas<\/span><\/i><\/b><span data-ccp-props=\"{&quot;201341983&quot;:0,&quot;335551550&quot;:3,&quot;335551620&quot;:3,&quot;335559739&quot;:200,&quot;335559740&quot;:240,&quot;335559991&quot;:142}\">\u00a0<\/span><\/p>\n<p style=\"text-align: justify\"><span data-ccp-props=\"{&quot;201341983&quot;:0,&quot;335551550&quot;:2,&quot;335551620&quot;:2,&quot;335559739&quot;:200,&quot;335559740&quot;:240}\">\u00a0<\/span><\/p>\n<p style=\"text-align: justify\"><span data-ccp-props=\"{&quot;201341983&quot;:0,&quot;335551550&quot;:6,&quot;335551620&quot;:6,&quot;335559739&quot;:200,&quot;335559740&quot;:240}\">\u00a0T<\/span><span data-contrast=\"auto\">\u00e3o<\/span><span data-contrast=\"auto\">\u00a0l<\/span><span data-contrast=\"auto\">ogo tocou, no meu celular, aquele som caracter\u00edstico d<\/span><span data-contrast=\"auto\">a<\/span><span data-contrast=\"auto\">\u00a0chegada de mensagem, acordei<\/span><span data-contrast=\"auto\">, baixei\u00a0<\/span><span data-contrast=\"auto\">e comecei a\u00a0<\/span><span data-contrast=\"auto\">ler<\/span><span data-contrast=\"auto\">\u00a0a\u00a0<\/span><i><span data-contrast=\"auto\">Exorta\u00e7\u00e3o Apost\u00f3lica P\u00f3s-Sinodal &#8220;Querida Amaz\u00f4nia&#8221;<\/span><\/i><i><span data-contrast=\"auto\">,<\/span><\/i><span data-contrast=\"auto\">\u00a0em pouco tempo, o\u00a0<\/span><span data-contrast=\"auto\">tempo\u00a0<\/span><span data-contrast=\"auto\">que tinha\u00a0<\/span><span data-contrast=\"auto\">dispon\u00edvel<\/span><span data-contrast=\"auto\">,<\/span><span data-contrast=\"auto\">\u00a0naquela manh\u00e3<\/span><span data-contrast=\"auto\">,<\/span><span data-contrast=\"auto\">\u00a0de quarta-feira, doze de fevereiro, em pleno retiro do clero da Arquidiocese de Palmas.<\/span><span data-contrast=\"auto\">\u00a0Ao l\u00ea-la, mesmo que\u00a0<\/span><span data-contrast=\"auto\">apressadamente<\/span><span data-contrast=\"auto\">, com\u00a0<\/span><span data-contrast=\"auto\">dois<\/span><span data-contrast=\"auto\">\u00a0olhos, cheguei \u00e0 seguinte conclus\u00e3o:\u00a0<\/span><b><i><span data-contrast=\"auto\">\u201csou parte desta Querida\u00a0<\/span><\/i><\/b><b><i><span data-contrast=\"auto\">Amaz\u00f4nia<\/span><\/i><\/b><b><i><span data-contrast=\"auto\">!<\/span><\/i><\/b><b><i><span data-contrast=\"auto\">\u201d<\/span><\/i><\/b><span data-contrast=\"auto\">\u00a0\u00a0<\/span><i><span data-contrast=\"auto\">&#8220;Querida&#8221;\u00a0<\/span><\/i><span data-contrast=\"auto\">\u00e9 a palavra s\u00edntese d<\/span><span data-contrast=\"auto\">est<\/span><span data-contrast=\"auto\">a Exorta\u00e7\u00e3o\u00a0<\/span><span data-contrast=\"auto\">Apost\u00f3lica<\/span><span data-contrast=\"auto\">.\u00a0<\/span><span data-contrast=\"auto\">Ali\u00e1s, o<\/span><span data-contrast=\"auto\">\u00a0<\/span><span data-contrast=\"auto\">seu\u00a0<\/span><span data-contrast=\"auto\">registro\u00a0<\/span><span data-contrast=\"auto\">gramatical<\/span><span data-contrast=\"auto\">\u00a0me fez perguntar em que classe gramatical est\u00e1 a palavra\u00a0<\/span><i><span data-contrast=\"auto\">\u201cquerida\u201d?<\/span><\/i><span data-contrast=\"auto\">\u00a0\u00c9 substantivo? \u00c9 adjetivo? Ou est\u00e1 escrita em uma forma verbal?<\/span><span data-ccp-props=\"{&quot;201341983&quot;:0,&quot;335551550&quot;:6,&quot;335551620&quot;:6,&quot;335559739&quot;:200,&quot;335559740&quot;:240,&quot;335559991&quot;:142}\">\u00a0<\/span><\/p>\n<p style=\"text-align: justify\"><span data-contrast=\"auto\">Primeiramente<\/span><span data-contrast=\"auto\">,<\/span><span data-contrast=\"auto\">\u00a0me passou<\/span><span data-contrast=\"auto\">,<\/span><span data-contrast=\"auto\">\u00a0<\/span><span data-contrast=\"auto\">pelo cora\u00e7\u00e3o e tamb\u00e9m\u00a0<\/span><span data-contrast=\"auto\">pela mem\u00f3ria, como um filme, a experi\u00eancia vivida, seja\u00a0<\/span><span data-contrast=\"auto\">durante a\u00a0<\/span><span data-contrast=\"auto\">p<\/span><span data-contrast=\"auto\">repara\u00e7\u00e3o, seja\u00a0<\/span><span data-contrast=\"auto\">durante\u00a0<\/span><span data-contrast=\"auto\">a realiza\u00e7\u00e3o<\/span><span data-contrast=\"auto\">\u00a0do S\u00ednodo\u00a0<\/span><span data-contrast=\"auto\">para a<\/span><span data-contrast=\"auto\">\u00a0Amaz\u00f4nia<\/span><span data-contrast=\"auto\">.\u00a0<\/span><span data-contrast=\"auto\">Entre a sua convoca\u00e7\u00e3o (04\/10\/201<\/span><span data-contrast=\"auto\">7<\/span><span data-contrast=\"auto\">) e a sua realiza\u00e7\u00e3o (<\/span><span data-contrast=\"auto\">0<\/span><span data-contrast=\"auto\">5-26\/10\/2019)<\/span><span data-contrast=\"auto\">,<\/span><span data-contrast=\"auto\">\u00a0duraram dois anos. E<\/span><span data-contrast=\"auto\">u e<\/span><span data-contrast=\"auto\">stive presente em todos os eventos oficiais\u00a0<\/span><span data-contrast=\"auto\">do\u00a0<\/span><span data-contrast=\"auto\">referido S\u00ednodo.\u00a0<\/span><span data-ccp-props=\"{&quot;201341983&quot;:0,&quot;335551550&quot;:6,&quot;335551620&quot;:6,&quot;335559739&quot;:200,&quot;335559740&quot;:240,&quot;335559991&quot;:142}\">\u00a0<\/span><\/p>\n<p style=\"text-align: justify\"><span data-contrast=\"auto\">Diferentemente do que\u00a0<\/span><i><span data-contrast=\"auto\">&#8220;alguns&#8221;<\/span><\/i><span data-contrast=\"auto\">\u00a0alardeiam, S\u00ednodo n\u00e3o \u00e9 um jogo, nem uma disputa eleitoral e nem t\u00e3o pouco uma guerra, em\u00a0<\/span><span data-contrast=\"auto\">que existem<\/span><span data-contrast=\"auto\">\u00a0ganhadores\u00a0<\/span><span data-contrast=\"auto\">e perdedores. S\u00ednodo significa \u201c<\/span><span data-contrast=\"auto\">caminhar juntos<\/span><span data-contrast=\"auto\">\u201d<\/span><span data-contrast=\"auto\">.\u00a0<\/span><span data-contrast=\"auto\">O S\u00ednodo \u00e9 um caminho<\/span><span data-contrast=\"auto\">,<\/span><span data-contrast=\"auto\">\u00a0<\/span><span data-contrast=\"auto\">pelo qual<\/span><span data-contrast=\"auto\">\u00a0<\/span><span data-contrast=\"auto\">se come\u00e7a e se termina caminhando juntos<\/span><span data-contrast=\"auto\">.<\/span><span data-contrast=\"auto\">\u00a0<\/span><span data-contrast=\"auto\">No S\u00ednodo da Amaz\u00f4nia concretamente n\u00e3o houve<\/span><span data-contrast=\"auto\">,<\/span><span data-contrast=\"auto\">\u00a0<\/span><span data-contrast=\"auto\">parcialmente,\u00a0<\/span><span data-contrast=\"auto\">nem perdedores e nem ganhadores. Todos,\u00a0<\/span><span data-contrast=\"auto\">enfim<\/span><span data-contrast=\"auto\">, ganhamos. \u00c9 verdade que\u00a0<\/span><span data-contrast=\"auto\">\u201c<\/span><span data-contrast=\"auto\">alguns<\/span><span data-contrast=\"auto\">\u201d<\/span><span data-contrast=\"auto\">\u00a0<\/span><span data-contrast=\"auto\">queriam<\/span><span data-contrast=\"auto\">\u00a0um texto normativo<\/span><span data-contrast=\"auto\">, com muitas\u00a0<\/span><span data-contrast=\"auto\">proibi<\/span><span data-contrast=\"auto\">\u00e7\u00f5es\u00a0<\/span><span data-contrast=\"auto\">ou permi<\/span><span data-contrast=\"auto\">ss\u00f5es<\/span><span data-contrast=\"auto\">. E\u00a0<\/span><span data-contrast=\"auto\">para nossa\u00a0<\/span><span data-contrast=\"auto\">surpresa<\/span><span data-contrast=\"auto\">,<\/span><span data-contrast=\"auto\">\u00a0<\/span><span data-contrast=\"auto\">nos chegou uma\u00a0<\/span><span data-contrast=\"auto\">C<\/span><span data-contrast=\"auto\">ar<\/span><span data-contrast=\"auto\">t<\/span><span data-contrast=\"auto\">a de\u00a0<\/span><span data-contrast=\"auto\">A<\/span><span data-contrast=\"auto\">mor \u00e0\u00a0<\/span><span data-contrast=\"auto\">Querida\u00a0<\/span><span data-contrast=\"auto\">Amaz\u00f4nia.\u00a0<\/span><span data-contrast=\"auto\">A<\/span><span data-contrast=\"auto\">\u00a0gram\u00e1tica que ele usou foi a\u00a0<\/span><i><span data-contrast=\"auto\">\u201cgram\u00e1tica do amor\u201d<\/span><\/i><span data-contrast=\"auto\">.<\/span><span data-contrast=\"auto\">\u00a0<\/span><span data-contrast=\"auto\">O que existe de mais sublime, al\u00e9m do amor?\u00a0<\/span><span data-contrast=\"auto\">O que mais queremos, al\u00e9m do amor? A referida\u00a0<\/span><span data-contrast=\"auto\">C<\/span><span data-contrast=\"auto\">arta \u00e9 escrita em um g\u00eanero liter\u00e1rio,\u00a0<\/span><span data-contrast=\"auto\">muito\u00a0<\/span><span data-contrast=\"auto\">presente na B\u00edblia, mas pouco\u00a0<\/span><span data-contrast=\"auto\">trabalhado<\/span><span data-contrast=\"auto\">\u00a0teol\u00f3gico e pastoralmente: o sonho. Quem n\u00e3o se lembra do<\/span><span data-contrast=\"auto\">s<\/span><span data-contrast=\"auto\">\u00a0sonho<\/span><span data-contrast=\"auto\">s<\/span><span data-contrast=\"auto\">\u00a0de\u00a0<\/span><span data-contrast=\"auto\">Jac\u00f3 (<\/span><span data-contrast=\"auto\">Gn<\/span><span data-contrast=\"auto\">\u00a028,10ss), de Jos\u00e9 do Egito (<\/span><span data-contrast=\"auto\">Gn<\/span><span data-contrast=\"auto\">\u00a037,1ss) e de\u00a0<\/span><span data-contrast=\"auto\">Jos\u00e9<\/span><span data-contrast=\"auto\">, esposo de Maria<\/span><span data-contrast=\"auto\">\u00a0(<\/span><span data-contrast=\"auto\">Mt<\/span><span data-contrast=\"auto\">\u00a01<\/span><span data-contrast=\"auto\">,20ss<\/span><span data-contrast=\"auto\">)?\u00a0<\/span><span data-contrast=\"auto\">Francisco \u00e9 tamb\u00e9m um so<\/span><span data-contrast=\"auto\">nh<\/span><span data-contrast=\"auto\">ad<\/span><span data-contrast=\"auto\">o<\/span><span data-contrast=\"auto\">r<\/span><span data-contrast=\"auto\">.<\/span><span data-contrast=\"auto\">\u00a0Sonho \u00e9 desejo<\/span><span data-contrast=\"auto\">,<\/span><span data-contrast=\"auto\">\u00a0desejo \u00e9 sede. Deixar de sonhar, de desejar e\u00a0<\/span><span data-contrast=\"auto\">de\u00a0<\/span><span data-contrast=\"auto\">ter sede \u00e9 come\u00e7ar a morrer.<\/span><span data-contrast=\"auto\">\u00a0<\/span><span data-ccp-props=\"{&quot;201341983&quot;:0,&quot;335551550&quot;:6,&quot;335551620&quot;:6,&quot;335559739&quot;:200,&quot;335559740&quot;:240,&quot;335559991&quot;:142}\">\u00a0<\/span><\/p>\n<p style=\"text-align: justify\"><span data-contrast=\"auto\">\u00c9 bom e \u00e9 b<\/span><span data-contrast=\"auto\">onito<\/span><span data-contrast=\"auto\">\u00a0saber que o papa sonha. E que n\u00e3o tem apenas um, mas quatro sonhos<\/span><span data-contrast=\"auto\">:\u00a0<\/span><span data-contrast=\"auto\">o\u202f<\/span><span data-contrast=\"auto\">sonho social<\/span><span data-contrast=\"auto\">, o\u202f<\/span><span data-contrast=\"auto\">sonho cultural<\/span><span data-contrast=\"auto\">, o\u202f<\/span><span data-contrast=\"auto\">sonho ecol\u00f3gico<\/span><span data-contrast=\"auto\">\u202fe o\u202f<\/span><span data-contrast=\"auto\">sonho eclesial<\/span><b><span data-contrast=\"auto\">.<\/span><\/b><span data-contrast=\"auto\">\u00a0<\/span><span data-contrast=\"auto\">Nestes seus sonhos Francisco n\u00e3o anula, n\u00e3o substitui, n\u00e3o deleta e n\u00e3o cita<\/span><span data-contrast=\"auto\">,<\/span><span data-contrast=\"auto\">\u00a0uma \u00fanica vez<\/span><span data-contrast=\"auto\">,<\/span><span data-contrast=\"auto\">\u00a0o Documento Final do S\u00ednodo.<\/span><span data-contrast=\"auto\">\u00a0Ao contr\u00e1rio, recomenda\u00a0<\/span><span data-contrast=\"auto\">a sua<\/span><span data-contrast=\"auto\">\u00a0lei<\/span><span data-contrast=\"auto\">tur<\/span><span data-contrast=\"auto\">a, na integralidade<\/span><span data-contrast=\"auto\">,<\/span><span data-contrast=\"auto\">\u00a0e\u00a0<\/span><span data-contrast=\"auto\">que se\u00a0<\/span><span data-contrast=\"auto\">pratique o que\u00a0<\/span><span data-contrast=\"auto\">foi ali<\/span><span data-contrast=\"auto\">\u00a0<\/span><span data-contrast=\"auto\">aprovado<\/span><span data-contrast=\"auto\">.<\/span><span data-contrast=\"auto\">\u00a0<\/span><span data-contrast=\"auto\">Muitos par\u00e1grafos\u00a0<\/span><span data-contrast=\"auto\">se\u00a0<\/span><span data-contrast=\"auto\">concluem com cantos e poemas<\/span><span data-contrast=\"auto\">,<\/span><span data-contrast=\"auto\">\u00a0cheios de beleza<\/span><span data-contrast=\"auto\">s, simbolismos e\u00a0<\/span><span data-contrast=\"auto\">harmonia<\/span><span data-contrast=\"auto\">s<\/span><span data-contrast=\"auto\">. O estilo po\u00e9tico do papa se torna fortemente prof\u00e9tico.\u00a0<\/span><span data-contrast=\"auto\">Poesia e profecia.\u00a0<\/span><span data-contrast=\"auto\">Costumo dizer que o poeta \u00e9 a pessoa mais importante do mundo. O poeta \u00e9 um artista.\u00a0<\/span><span data-contrast=\"auto\">O profeta tamb\u00e9m.\u00a0<\/span><span data-contrast=\"auto\">Com um\u00a0<\/span><span data-contrast=\"auto\">poeta-<\/span><span data-contrast=\"auto\">profeta, Francisco mistura momentos de ternura com momentos de vigor.\u00a0<\/span><span data-contrast=\"auto\">Francisco abriu o seu cora\u00e7\u00e3o para amar, acolher, celebrar e agradecer \u00e0 sua Querida Amaz\u00f4nia.\u00a0<\/span><span data-contrast=\"auto\">No<\/span><span data-contrast=\"auto\">\u00a0sonho<\/span><span data-contrast=\"auto\">\u00a0mais espinhoso o papa silenciou. Este seu sil\u00eancio deve ser respeitado. Diz um padre\u00a0<\/span><span data-contrast=\"auto\">da Igreja\u00a0<\/span><span data-contrast=\"auto\">que\u00a0<\/span><i><span data-contrast=\"auto\">\u201c<\/span><\/i><i><span data-contrast=\"auto\">o sil\u00eancio do bispo \u00e9 obsequioso<\/span><\/i><i><span data-contrast=\"auto\">\u201d<\/span><\/i><span data-contrast=\"auto\">. Ele silencia mais\u00a0<\/span><span data-contrast=\"auto\">no<\/span><span data-contrast=\"auto\">\u00a0sonho eclesi<\/span><span data-contrast=\"auto\">al<\/span><span data-contrast=\"auto\">.\u00a0<\/span><span data-contrast=\"auto\">Por que?\u00a0<\/span><span data-contrast=\"auto\">Ele silencia diante daquilo que n\u00e3o pode falar. Ele n\u00e3o coloc<\/span><span data-contrast=\"auto\">a<\/span><span data-contrast=\"auto\">\u00a0remendo novo em\u00a0<\/span><span data-contrast=\"auto\">pano<\/span><span data-contrast=\"auto\">\u00a0velho<\/span><span data-contrast=\"auto\">\u00a0e nem vinho novo em odres velhos<\/span><span data-contrast=\"auto\">, como nos lembra\u00a0<\/span><span data-contrast=\"auto\">Jesus<\/span><span data-contrast=\"auto\">\u00a0(<\/span><span data-contrast=\"auto\">Mt<\/span><span data-contrast=\"auto\">\u00a09,1<\/span><span data-contrast=\"auto\">6-17<\/span><span data-contrast=\"auto\">).<\/span><span data-contrast=\"auto\">\u00a0<\/span><span data-contrast=\"auto\">Sil\u00eancio\u00a0<\/span><span data-contrast=\"auto\">aqui\u00a0<\/span><span data-contrast=\"auto\">\u00e9 respiro, \u00e9 suspiro, \u00e9 pausa e \u00e9 repouso. O S\u00ednodo da Amaz\u00f4nia \u00e9 para toda a humanidade e para todos<\/span><span data-contrast=\"auto\">,<\/span><span data-contrast=\"auto\">\u00a0na Igreja<\/span><span data-contrast=\"auto\">,<\/span><span data-contrast=\"auto\">\u00a0nesta humanidade.\u00a0<\/span><span data-contrast=\"auto\">\u00c9 como d<\/span><span data-contrast=\"auto\">iz\u00a0<\/span><span data-contrast=\"auto\">o padre\u00a0<\/span><span data-contrast=\"auto\">Victor\u00a0<\/span><span data-contrast=\"auto\">Codina<\/span><span data-contrast=\"auto\">\u00a0se o papa tivesse permitido\u00a0<\/span><span data-contrast=\"auto\">a\u00a0<\/span><span data-contrast=\"auto\">ordena\u00e7\u00e3o sacerdotal de homens casados ou de\u00a0<\/span><i><span data-contrast=\"auto\">\u201c<\/span><\/i><i><span data-contrast=\"auto\">di\u00e1conas<\/span><\/i><i><span data-contrast=\"auto\">\u201d<\/span><\/i><span data-contrast=\"auto\">\u00a0para mulheres\u00a0<\/span><i><span data-contrast=\"auto\">\u201c<\/span><\/i><i><span data-contrast=\"auto\">o<\/span><\/i><i><span data-contrast=\"auto\">\u00a0S\u00ednodo\u00a0<\/span><\/i><i><span data-contrast=\"auto\">passaria a\u00a0<\/span><\/i><i><span data-contrast=\"auto\">ter um horizonte planet\u00e1rio e universal, aberto \u00e0 sobreviv\u00eancia da humanidade, para ser uma discuss\u00e3o interna dos cat\u00f3licos<\/span><\/i><i><span data-contrast=\"auto\">\u201d (Revista IHU,\u00a0<\/span><\/i><i><span data-contrast=\"auto\">on<\/span><\/i><i><span data-contrast=\"auto\">\u00a0<\/span><\/i><i><span data-contrast=\"auto\">line<\/span><\/i><i><span data-contrast=\"auto\">, 19\/02\/2020)<\/span><\/i><i><span data-contrast=\"auto\">.<\/span><\/i><span data-contrast=\"auto\">\u00a0\u00a0<\/span><span data-ccp-props=\"{&quot;201341983&quot;:0,&quot;335551550&quot;:6,&quot;335551620&quot;:6,&quot;335559731&quot;:708,&quot;335559739&quot;:200,&quot;335559740&quot;:240}\">\u00a0<\/span><\/p>\n<p style=\"text-align: justify\"><span data-contrast=\"auto\">Uma dificuldade que tenho \u00e9 ver meus sonhos se tornarem realidade.\u00a0<\/span><span data-contrast=\"auto\">Isto n<\/span><span data-contrast=\"auto\">\u00e3o deve ser dif\u00edcil para o\u00a0<\/span><span data-contrast=\"auto\">papa<\/span><span data-contrast=\"auto\">\u00a0Francisco. Mas para mim \u00e9<\/span><span data-contrast=\"auto\">.\u00a0<\/span><span data-contrast=\"auto\">Comumente\u00a0<\/span><span data-contrast=\"auto\">meus sonhos s\u00e3o maiores do que a capacidade de v\u00ea-los realizados.<\/span><span data-contrast=\"auto\">\u00a0<\/span><span data-contrast=\"auto\">No entanto, uma<\/span><span data-contrast=\"auto\">\u00a0coisa \u00e9 certa: com muito conhecimento de causa<\/span><span data-contrast=\"auto\">,<\/span><span data-contrast=\"auto\">\u00a0o papa viu os rostos e ouviu os gritos da Amaz\u00f4nia<\/span><span data-contrast=\"auto\">\u00a0e de seus habitantes<\/span><span data-contrast=\"auto\">.\u00a0<\/span><span data-contrast=\"auto\">E sonhou.\u00a0<\/span><span data-contrast=\"auto\">Outra coisa\u00a0<\/span><span data-contrast=\"auto\">tamb\u00e9m \u00e9 c<\/span><span data-contrast=\"auto\">erta<\/span><span data-contrast=\"auto\">: o\u00a0<\/span><span data-contrast=\"auto\">papa<\/span><span data-contrast=\"auto\">\u00a0<\/span><span data-contrast=\"auto\">Francisco transformou o medo e a polariza\u00e7\u00e3o em poesia<\/span><span data-contrast=\"auto\">s<\/span><span data-contrast=\"auto\">, embalada<\/span><span data-contrast=\"auto\">s<\/span><span data-contrast=\"auto\">\u00a0por\u00a0<\/span><span data-contrast=\"auto\">quatro\u00a0<\/span><span data-contrast=\"auto\">sonhos.\u00a0<\/span><span data-contrast=\"auto\">Como um rio que\u00a0<\/span><span data-contrast=\"auto\">n\u00e3o\u00a0<\/span><span data-contrast=\"auto\">separa, mas une (QA 45) os lados da direita\u00a0<\/span><span data-contrast=\"auto\">com o<\/span><span data-contrast=\"auto\">s<\/span><span data-contrast=\"auto\">\u00a0da esquerda, ele nos reuniu e nos uniu<\/span><span data-contrast=\"auto\">\u00a0com a Querida Amaz\u00f4nia<\/span><span data-contrast=\"auto\">.<\/span><span data-contrast=\"auto\">\u00a0<\/span><span data-ccp-props=\"{&quot;201341983&quot;:0,&quot;335551550&quot;:6,&quot;335551620&quot;:6,&quot;335559739&quot;:200,&quot;335559740&quot;:240,&quot;335559991&quot;:142}\">\u00a0<\/span><\/p>\n<p style=\"text-align: justify\"><span data-contrast=\"auto\">E agora, o<\/span><span data-contrast=\"auto\">\u00a0que vou fazer, como pessoa f\u00edsica e como membro de uma\u00a0<\/span><span data-contrast=\"auto\">co<\/span><span data-contrast=\"auto\">munidade\u00a0<\/span><span data-contrast=\"auto\">eclesial<\/span><span data-contrast=\"auto\">, com a Q<\/span><span data-contrast=\"auto\">uerida\u00a0<\/span><span data-contrast=\"auto\">A<\/span><span data-contrast=\"auto\">maz\u00f4nia<\/span><span data-contrast=\"auto\">?\u00a0<\/span><span data-contrast=\"auto\">Vamos<\/span><span data-contrast=\"auto\">, pelo menos,<\/span><span data-contrast=\"auto\">\u00a0contemplar a\u202f<\/span><span data-contrast=\"auto\">beleza da\u00a0<\/span><span data-contrast=\"auto\">Querida\u00a0<\/span><span data-contrast=\"auto\">Amaz\u00f4nia<\/span><span data-contrast=\"auto\">,<\/span><span data-contrast=\"auto\">\u202f<\/span><span data-contrast=\"auto\">para alongar, oxigenar e<\/span><span data-contrast=\"auto\">\u00a0irriga<\/span><span data-contrast=\"auto\">r<\/span><span data-contrast=\"auto\">\u00a0<\/span><span data-contrast=\"auto\">os nossos sonhos<\/span><span data-contrast=\"auto\">,\u00a0<\/span><span data-contrast=\"auto\">rez<\/span><span data-contrast=\"auto\">ando<\/span><span data-contrast=\"auto\">\u00a0e trabalh<\/span><span data-contrast=\"auto\">ando<\/span><span data-contrast=\"auto\">\u00a0<\/span><span data-contrast=\"auto\">juntos\u00a0<\/span><span data-contrast=\"auto\">para defend<\/span><span data-contrast=\"auto\">\u00ea-la<\/span><span data-contrast=\"auto\">, atrav\u00e9s de servi\u00e7os pastoral-ecol\u00f3gico<\/span><span data-contrast=\"auto\">s,<\/span><span data-contrast=\"auto\">\u00a0<\/span><span data-contrast=\"auto\">cuidadoso<\/span><span data-contrast=\"auto\">s<\/span><span data-contrast=\"auto\">\u00a0e\u00a0<\/span><span data-contrast=\"auto\">criativo<\/span><span data-contrast=\"auto\">s<\/span><span data-contrast=\"auto\">.<\/span><span data-contrast=\"auto\">\u00a0Am\u00e9m!<\/span><span data-ccp-props=\"{&quot;201341983&quot;:0,&quot;335551550&quot;:6,&quot;335551620&quot;:6,&quot;335559731&quot;:708,&quot;335559739&quot;:200,&quot;335559740&quot;:240}\">\u00a0<\/span><\/p>\n<p>&nbsp;<\/p>\n<p><span data-ccp-props=\"{&quot;201341983&quot;:0,&quot;335551550&quot;:3,&quot;335551620&quot;:3,&quot;335559739&quot;:200,&quot;335559740&quot;:240,&quot;335559991&quot;:142}\">\u00a0<\/span><\/p>\n<p>&nbsp;<\/p>\n","protected":false},"excerpt":{"rendered":"<p>Dom Pedro Brito Guimar\u00e3es Arcebispo de Palmas\u00a0 \u00a0 \u00a0T\u00e3o\u00a0logo tocou, no meu celular, aquele som caracter\u00edstico da\u00a0chegada de mensagem, acordei, baixei\u00a0e comecei a\u00a0ler\u00a0a\u00a0Exorta\u00e7\u00e3o Apost\u00f3lica P\u00f3s-Sinodal &#8220;Querida Amaz\u00f4nia&#8221;,\u00a0em pouco tempo, o\u00a0tempo\u00a0que tinha\u00a0dispon\u00edvel,\u00a0naquela manh\u00e3,\u00a0de quarta-feira, doze de fevereiro, em pleno retiro do clero da Arquidiocese de Palmas.\u00a0Ao l\u00ea-la, mesmo que\u00a0apressadamente, com\u00a0dois\u00a0olhos, cheguei \u00e0 seguinte conclus\u00e3o:\u00a0\u201csou parte desta &hellip;<\/p>\n<p class=\"read-more\"> <a class=\"\" href=\"https:\/\/www.cnbb.org.br\/querida-amazonia-o-registro-gramatical\/\"> <span class=\"screen-reader-text\">Querida Amaz\u00f4nia &#8211; O registro gramatical<\/span> Leia mais &raquo;<\/a><\/p>\n","protected":false},"author":39,"featured_media":0,"comment_status":"closed","ping_status":"open","sticky":false,"template":"","format":"standard","meta":{"site-sidebar-layout":"default","site-content-layout":"default","ast-global-header-display":"","ast-banner-title-visibility":"","ast-main-header-display":"","ast-hfb-above-header-display":"","ast-hfb-below-header-display":"","ast-hfb-mobile-header-display":"","site-post-title":"","ast-breadcrumbs-content":"","ast-featured-img":"","footer-sml-layout":"","theme-transparent-header-meta":"","adv-header-id-meta":"","stick-header-meta":"","header-above-stick-meta":"","header-main-stick-meta":"","header-below-stick-meta":""},"categories":[758],"tags":[],"acf":[],"_links":{"self":[{"href":"https:\/\/www.cnbb.org.br\/cnbb-app\/wp\/v2\/posts\/36877"}],"collection":[{"href":"https:\/\/www.cnbb.org.br\/cnbb-app\/wp\/v2\/posts"}],"about":[{"href":"https:\/\/www.cnbb.org.br\/cnbb-app\/wp\/v2\/types\/post"}],"author":[{"embeddable":true,"href":"https:\/\/www.cnbb.org.br\/cnbb-app\/wp\/v2\/users\/39"}],"replies":[{"embeddable":true,"href":"https:\/\/www.cnbb.org.br\/cnbb-app\/wp\/v2\/comments?post=36877"}],"version-history":[{"count":0,"href":"https:\/\/www.cnbb.org.br\/cnbb-app\/wp\/v2\/posts\/36877\/revisions"}],"wp:attachment":[{"href":"https:\/\/www.cnbb.org.br\/cnbb-app\/wp\/v2\/media?parent=36877"}],"wp:term":[{"taxonomy":"category","embeddable":true,"href":"https:\/\/www.cnbb.org.br\/cnbb-app\/wp\/v2\/categories?post=36877"},{"taxonomy":"post_tag","embeddable":true,"href":"https:\/\/www.cnbb.org.br\/cnbb-app\/wp\/v2\/tags?post=36877"}],"curies":[{"name":"wp","href":"https:\/\/api.w.org\/{rel}","templated":true}]}}