{"id":36879,"date":"2020-02-21T00:00:00","date_gmt":"2020-02-21T03:00:00","guid":{"rendered":"https:\/\/www.cnbb.org.br\/233965-2\/"},"modified":"2020-02-21T00:00:00","modified_gmt":"2020-02-21T03:00:00","slug":"233965-2","status":"publish","type":"post","link":"https:\/\/www.cnbb.org.br\/233965-2\/","title":{"rendered":"Fantasia e realidade"},"content":{"rendered":"<p style=\"text-align: right\"><b><span data-contrast=\"auto\">Dom Jos\u00e9 Gislon<br \/>\nBispo de Caxias do Sul<\/span><\/b><\/p>\n<p>&nbsp;<\/p>\n<p style=\"text-align: justify\"><span data-contrast=\"auto\">\u00c9 tempo de carna<\/span><span data-contrast=\"auto\">va<\/span><span data-contrast=\"auto\">l. Neste final de semana, as escolas de samba, os foli\u00f5es e baterias, com o colorido das fantasias e o brilho da purpurina, se fazem presentes nas avenidas e ruas<\/span><span data-contrast=\"auto\">\u00a0de muitas cidades do Brasil<\/span><span data-contrast=\"auto\">. \u00c9 uma festa que tr\u00e1s presente a<\/span><span data-contrast=\"auto\">s express\u00f5es<\/span><span data-contrast=\"auto\">\u00a0das v\u00e1ria<\/span><span data-contrast=\"auto\">s realidades culturais do povo d<\/span><span data-contrast=\"auto\">este<\/span><span data-contrast=\"auto\">\u00a0nosso imenso pa\u00eds. A<\/span><span data-contrast=\"auto\">o mesmo tempo<\/span><span data-contrast=\"auto\">,<\/span><span data-contrast=\"auto\">\u00a0\u00e9 uma oportunidade para mostrar a\u00a0<\/span><span data-contrast=\"auto\">riqueza das manifesta\u00e7\u00f5es culturais que nasceram da miscigena\u00e7\u00e3o de ra\u00e7as e povos que formam a na\u00e7\u00e3o brasileira.<\/span><span data-ccp-props=\"{&quot;201341983&quot;:0,&quot;335551550&quot;:6,&quot;335551620&quot;:6,&quot;335559739&quot;:200,&quot;335559740&quot;:240}\">\u00a0<\/span><\/p>\n<p style=\"text-align: justify\"><span data-contrast=\"auto\">O turista, que vem de outros recantos do planeta, talvez possa ficar vislumbrado, com o brilho das fantasias, a impon\u00eancia dos ca<\/span><span data-contrast=\"auto\">r<\/span><span data-contrast=\"auto\">ros aleg\u00f3ricos, o sorriso e a alegria\u00a0<\/span><span data-contrast=\"auto\">estampados<\/span><span data-contrast=\"auto\">\u00a0no rosto\u00a0<\/span><span data-contrast=\"auto\">dos passistas<\/span><span data-contrast=\"auto\">\u00a0que<\/span><span data-contrast=\"auto\">,<\/span><span data-contrast=\"auto\">\u00a0ao som dos tambores, cu\u00edcas<\/span><span data-contrast=\"auto\">, pandeiros<\/span><span data-contrast=\"auto\">\u00a0e tamborins, mostra<\/span><span data-contrast=\"auto\">m,<\/span><span data-contrast=\"auto\">\u00a0no gingado do corpo e na destreza dos p\u00e9s, suas habilidades em seguir a cad\u00eancia do samba na passarela da avenida.\u00a0<\/span><span data-ccp-props=\"{&quot;201341983&quot;:0,&quot;335551550&quot;:6,&quot;335551620&quot;:6,&quot;335559739&quot;:200,&quot;335559740&quot;:240}\">\u00a0<\/span><\/p>\n<p style=\"text-align: justify\"><span data-contrast=\"auto\">Mas<\/span><span data-contrast=\"auto\">,<\/span><span data-contrast=\"auto\">\u00a0ao mesmo tempo,\u00a0<\/span><span data-contrast=\"auto\">quem vem de fora pode ficar chocado<\/span><span data-contrast=\"auto\">\u00a0pelo nosso contraste social, vendo os barracos desalinhados e mal acabados, nos morros e fundos de vale, onde vivem milh\u00f5es de pessoas no nosso querido Brasil.\u00a0<\/span><span data-contrast=\"auto\">Essa r<\/span><span data-contrast=\"auto\">ealidade social, incorporada \u00e0 paisagem urbana das nossas pequena<\/span><span data-contrast=\"auto\">s, m\u00e9dias e grandes cidades,\u00a0<\/span><span data-contrast=\"auto\">se agrava com a\u00a0<\/span><span data-contrast=\"auto\">indiferen\u00e7a das pol\u00edticas p\u00fablicas,\u00a0<\/span><span data-contrast=\"auto\">e exige\u00a0<\/span><span data-contrast=\"auto\">que<\/span><span data-contrast=\"auto\">\u00a0essas<\/span><span data-contrast=\"auto\">\u00a0<\/span><span data-contrast=\"auto\">deem<\/span><span data-contrast=\"auto\">\u00a0continuidade<\/span><span data-contrast=\"auto\">,<\/span><span data-contrast=\"auto\">\u00a0a\u00a0<\/span><span data-contrast=\"auto\">curto, m\u00e9dio e<\/span><span data-contrast=\"auto\">\u00a0longo prazo, a um processo de saneamento b\u00e1sico<\/span><span data-contrast=\"auto\">\u00a0e de moradia, que proporcionem melhores condi\u00e7\u00f5es de vida\u00a0<\/span><span data-contrast=\"auto\">\u00e0s pess<\/span><span data-contrast=\"auto\">oas que vivem nessas realidades<\/span><span data-contrast=\"auto\">.<\/span><span data-ccp-props=\"{&quot;201341983&quot;:0,&quot;335551550&quot;:6,&quot;335551620&quot;:6,&quot;335559739&quot;:200,&quot;335559740&quot;:240}\">\u00a0<\/span><\/p>\n<p style=\"text-align: justify\"><span data-contrast=\"auto\">Que o nosso\u00a0<\/span><span data-contrast=\"auto\">querido\u00a0<\/span><span data-contrast=\"auto\">pa\u00eds possa ser lembrado no mundo<\/span><span data-contrast=\"auto\">\u00a0pela dimens\u00e3o do seu territ\u00f3rio, pelas florestas e rios,\u00a0<\/span><span data-contrast=\"auto\">pela beleza de suas praias,\u00a0<\/span><span data-contrast=\"auto\">pelas<\/span><span data-contrast=\"auto\">\u00a0riquezas naturais que repousam no seu solo,<\/span><span data-contrast=\"auto\">\u00a0pela miscigena\u00e7\u00e3o das ra\u00e7as que formam o seu povo, pela\u00a0<\/span><span data-contrast=\"auto\">sua capacidade tecnol\u00f3gica de transformar as mat\u00e9rias primas em bens de consumo, pela for\u00e7a inovadora do seu parque industrial, pela sua capacidade de preparar os jovens para o mercado de trabalho e ter um programa de desenvolvimento sustent\u00e1vel para gerar novos empregos, por pol\u00edticas p\u00fablicas de inclus\u00e3o social<\/span><span data-contrast=\"auto\">, pelo esp\u00edrito de f\u00e9 do seu povo, pelo cuidado da Casa Comum, al\u00e9m da<\/span><span data-contrast=\"auto\">\u00a0<\/span><span data-contrast=\"auto\">criatividade e o colorido das fantasias<\/span><span data-contrast=\"auto\">\u00a0do carnaval.<\/span><span data-ccp-props=\"{&quot;201341983&quot;:0,&quot;335551550&quot;:6,&quot;335551620&quot;:6,&quot;335559739&quot;:200,&quot;335559740&quot;:240}\">\u00a0<\/span><\/p>\n<p style=\"text-align: justify\"><span data-contrast=\"auto\">Que possamos sonhar acordados<\/span><span data-contrast=\"auto\">\u00a0com um futuro melhor para todos os brasileiros. Um fu<\/span><span data-contrast=\"auto\">turo que poder\u00e1 ser conquistado<\/span><span data-contrast=\"auto\">\u00a0com educa\u00e7\u00e3o de qualidade para todos, oportunidades de trabalho, \u00e9tica na administra\u00e7\u00e3o do bem comum, esp\u00edrito de solidariedade e responsabilidade por parte de todos os cidad\u00e3os que fazem parte da sociedade brasileira. Que os nossos sonhos de um pa\u00eds melhor<\/span><span data-contrast=\"auto\">, que ofere\u00e7a oportunidades e condi\u00e7\u00f5es dignas de vida para todos, n\u00e3o seja uma fantasia de carnaval deixada de lado na quarta feira de cinzas.<\/span><span data-ccp-props=\"{&quot;201341983&quot;:0,&quot;335551550&quot;:6,&quot;335551620&quot;:6,&quot;335559739&quot;:200,&quot;335559740&quot;:240}\">\u00a0<\/span><\/p>\n","protected":false},"excerpt":{"rendered":"<p>Dom Jos\u00e9 Gislon Bispo de Caxias do Sul &nbsp; \u00c9 tempo de carnaval. Neste final de semana, as escolas de samba, os foli\u00f5es e baterias, com o colorido das fantasias e o brilho da purpurina, se fazem presentes nas avenidas e ruas\u00a0de muitas cidades do Brasil. \u00c9 uma festa que tr\u00e1s presente as express\u00f5es\u00a0das v\u00e1rias &hellip;<\/p>\n<p class=\"read-more\"> <a class=\"\" href=\"https:\/\/www.cnbb.org.br\/233965-2\/\"> <span class=\"screen-reader-text\">Fantasia e realidade<\/span> Leia mais &raquo;<\/a><\/p>\n","protected":false},"author":20,"featured_media":0,"comment_status":"closed","ping_status":"open","sticky":false,"template":"","format":"standard","meta":{"site-sidebar-layout":"default","site-content-layout":"default","ast-global-header-display":"","ast-banner-title-visibility":"","ast-main-header-display":"","ast-hfb-above-header-display":"","ast-hfb-below-header-display":"","ast-hfb-mobile-header-display":"","site-post-title":"","ast-breadcrumbs-content":"","ast-featured-img":"","footer-sml-layout":"","theme-transparent-header-meta":"","adv-header-id-meta":"","stick-header-meta":"","header-above-stick-meta":"","header-main-stick-meta":"","header-below-stick-meta":""},"categories":[758],"tags":[],"acf":[],"_links":{"self":[{"href":"https:\/\/www.cnbb.org.br\/cnbb-app\/wp\/v2\/posts\/36879"}],"collection":[{"href":"https:\/\/www.cnbb.org.br\/cnbb-app\/wp\/v2\/posts"}],"about":[{"href":"https:\/\/www.cnbb.org.br\/cnbb-app\/wp\/v2\/types\/post"}],"author":[{"embeddable":true,"href":"https:\/\/www.cnbb.org.br\/cnbb-app\/wp\/v2\/users\/20"}],"replies":[{"embeddable":true,"href":"https:\/\/www.cnbb.org.br\/cnbb-app\/wp\/v2\/comments?post=36879"}],"version-history":[{"count":0,"href":"https:\/\/www.cnbb.org.br\/cnbb-app\/wp\/v2\/posts\/36879\/revisions"}],"wp:attachment":[{"href":"https:\/\/www.cnbb.org.br\/cnbb-app\/wp\/v2\/media?parent=36879"}],"wp:term":[{"taxonomy":"category","embeddable":true,"href":"https:\/\/www.cnbb.org.br\/cnbb-app\/wp\/v2\/categories?post=36879"},{"taxonomy":"post_tag","embeddable":true,"href":"https:\/\/www.cnbb.org.br\/cnbb-app\/wp\/v2\/tags?post=36879"}],"curies":[{"name":"wp","href":"https:\/\/api.w.org\/{rel}","templated":true}]}}