{"id":36886,"date":"2020-02-21T00:00:00","date_gmt":"2020-02-21T03:00:00","guid":{"rendered":"https:\/\/www.cnbb.org.br\/cnbb-lanca-campanha-da-fraternidade-2020-que-visa-estimular-a-pratica-da-caridade-e-do-cuidado-com-a-vida\/"},"modified":"2020-10-23T16:05:03","modified_gmt":"2020-10-23T19:05:03","slug":"cnbb-lanca-campanha-da-fraternidade-2020-que-visa-estimular-a-pratica-da-caridade-e-do-cuidado-com-a-vida","status":"publish","type":"post","link":"https:\/\/www.cnbb.org.br\/cnbb-lanca-campanha-da-fraternidade-2020-que-visa-estimular-a-pratica-da-caridade-e-do-cuidado-com-a-vida\/","title":{"rendered":"CNBB lan\u00e7a Campanha da Fraternidade 2020 que visa estimular a pr\u00e1tica da caridade e do cuidado com a vida"},"content":{"rendered":"<blockquote>\n<p style=\"text-align: justify\"><em>11,7 mil crian\u00e7as e adolescentes foram v\u00edtimas de homic\u00eddio em 2017. <\/em><br \/>\n<em>Em 2016, houve no pa\u00eds 11.433 mortes por suic\u00eddio, uma m\u00e9dia de 31 casos por dia. <\/em><br \/>\n<em>Nos 6 primeiros meses de 2018, os acidentes de tr\u00e2nsito provocaram mil mortes e 20 mil casos de invalidez permanente no pa\u00eds. <\/em><br \/>\n<em>Em 2017, segundo o Instituto Brasileiro de Geografia e Estat\u00edstica (IGBE), o Brasil era 9\u00ba pa\u00eds mais desigual do planeta em distribui\u00e7\u00e3o de renda.&#8221;<\/em><\/p>\n<\/blockquote>\n<p style=\"text-align: justify\">Este cen\u00e1rio, que demonstra que a vida est\u00e1 sendo amea\u00e7ada de v\u00e1rias formas e em muitas frentes, motivou a Confer\u00eancia Nacional dos Bispos do Brasil (CNBB) a dedicar a Campanha da Fraternidade 2020 ao cuidado com a vida expresso no tema: \u201cFraternidade e Vida: Dom e Compromisso\u201d.<\/p>\n<p>Neste sentido, na pr\u00f3xima Quarta-feira de Cinzas, \u00e0s 10h, a CNBB realiza, em sua sede em Bras\u00edlia (DF), a Cerim\u00f4nia de Lan\u00e7amento da Campanha da Fraternidade 2020 para lan\u00e7ar esta campanha cujo lema b\u00edblico, extra\u00eddo de Lucas 10, 33-34, \u00e9: \u201cViu, sentiu compaix\u00e3o e cuidou dele\u201d.<\/p>\n<p>Participar\u00e3o da coletiva o bispo auxiliar do Rio de Janeiro (RJ) e secret\u00e1rio-geral da CNBB, dom Joel Portella Amado, a sobrinha da Santa Dulce dos Pobres e superintendente das Obras Sociais Irm\u00e3 Dulce (Osid) na Bahia, Maria Rita Pontes, o frei Giovanni Messias, reitor do Santu\u00e1rio Santa Dulce dos Pobres, o coordenador executivo de Campanhas da CNBB, padre Patriky Samuel Batista e a representante do projeto social da CNBB \u201cCorrendo Atr\u00e1s de um Sonho\u201d, Dayse de Oliveira.<\/p>\n<h5>Objetivo da CF 2020<\/h5>\n<p style=\"text-align: justify\">Esta Campanha, que ser\u00e1 realizada em todas as comunidades, par\u00f3quias, dioceses, escolas, universidades, grupos, congrega\u00e7\u00f5es e espa\u00e7os cat\u00f3licos do Brasil, pretende \u201cconscientizar, \u00e0 luz da Palavra de Deus, para o sentido da vida como Dom e Compromisso, que se traduz em rela\u00e7\u00f5es de m\u00fatuo cuidado entre as pessoas, na fam\u00edlia, na comunidade, na sociedade e no planeta, nossa Casa Comum\u201d.<\/p>\n<p style=\"text-align: justify\">Realizada durante a Quaresma, tempo lit\u00fargico em que a Igreja faz um convite mais intenso ao cora\u00e7\u00e3o dos crist\u00e3os \u00e0 convers\u00e3o a Cristo e a Deus, a Campanha da Fraternidade no Brasil tem o sentido de auxiliar na busca da transforma\u00e7\u00e3o e santifica\u00e7\u00e3o por meio de uma realidade que se apresenta para ser refletida, meditada e rezada.<\/p>\n<p style=\"text-align: justify\">Os exemplos do Papa Francisco que conclamou a Igreja, logo no in\u00edcio de seu pontificado, a vencer a \u201cglobaliza\u00e7\u00e3o da indiferen\u00e7a\u201d e de Santa Dulce dos Pobres, canonizada pelo Santo Padre em outubro de 2019, ser\u00e3o apresentados como sinais da presen\u00e7a samaritana na realidade brasileira.<\/p>\n<p style=\"text-align: justify\">A Campanha, por meio de suas pe\u00e7as de estudo, reflex\u00e3o, divulga\u00e7\u00e3o e mobiliza\u00e7\u00e3o (v\u00eddeos, texto-base, subs\u00eddios e textos pastorais voltados para grupos de jovens, catequese, site e atua\u00e7\u00e3o em diferentes plataformas das redes sociais, aplicativo para celular, cartazes, camisetas, entre outros), vai estimular a\u00e7\u00f5es nas fam\u00edlias, nas comunidades e na sociedade brasileira.<\/p>\n<p style=\"text-align: justify\">Como parte das a\u00e7\u00f5es previstas, o arcebispo de Belo Horizonte (MG) e presidente da CNBB, dom Walmor Oliveira de Azevedo celebra, dia 1\u00ba de mar\u00e7o, \u00e0s 8h, na bas\u00edlica de Nossa Senhora Aparecida, em Aparecida (SP), missa de abertura da Campanha.<\/p>\n<h5>REL\u00cdQUIA de Santa Dulce dos Pobres e mostra fotogr\u00e1fica DO AMOR NINGU\u00c9M FOGE<\/h5>\n<p style=\"text-align: justify\">Na Cerim\u00f4nia de Lan\u00e7amento da CF 2020, a CNBB recebe uma rel\u00edquia da Santa Dulce dos Pobres e, em conson\u00e2ncia com o seu lema que fala do cuidado e do amor ao pr\u00f3ximo, abriga tamb\u00e9m a exposi\u00e7\u00e3o fotogr\u00e1fica Do Amor Ningu\u00e9m Foge.<\/p>\n<p>A mostra \u00e9 organizada pela <a href=\"http:\/\/www.avsibrasil.org.br\/\" target=\"_blank\" rel=\"noopener\">Associa\u00e7\u00e3o de Volunt\u00e1rios para o Servi\u00e7o Internacional (<\/a>AVSI Brasil), e contextualiza a hist\u00f3ria das Associa\u00e7\u00e3o de Prote\u00e7\u00e3o e Assist\u00eancia aos Condenados (APACs), desde a abertura da primeira unidade, em S\u00e3o Jos\u00e9 dos Campos (SP), passando pelo cotidiano dos recuperandos em suas unidades em todo pa\u00eds, al\u00e9m de ilustrar aspectos da humaniza\u00e7\u00e3o carcer\u00e1ria que dificilmente seriam demonstrados de outra forma.<\/p>\n<p style=\"text-align: justify\">A exposi\u00e7\u00e3o Do Amor Ningu\u00e9m Foge j\u00e1 percorreu as cidades do Rio de Janeiro (RJ), S\u00e3o Jo\u00e3o Del Rei (MG) e Belo Horizonte (MG), e pa\u00edses como It\u00e1lia, Portugal, Peru e Espanha. Em Bras\u00edlia ela ficar\u00e1 aberta ao p\u00fablico, na sede da CNBB, at\u00e9 o dia 13 de mar\u00e7o. Para agendamento \u00e0 visita guiada marcar na secretaria t\u00e9cnica: secretaria@cnbb.org.br.<\/p>\n<p><strong>SERVI\u00c7O:<\/strong><br \/>\nLan\u00e7amento: Cerim\u00f4nia de Lan\u00e7amento da Campanha da Fraternidade 2020<br \/>\nData: 26 de fevereiro de 2020<br \/>\nHor\u00e1rio: \u00c0s 10h<br \/>\nLocal: Audit\u00f3rio Dom Helder C\u00e2mara, na sede da CNBB, em Bras\u00edlia (DF) \u2013 Setor de Embaixadas Sul, Qd. 801, Asa Sul (em frente \u00e0 Embaixada de Portugal). Contato: 61 &#8211; 2103-8300 ramais da Assessoria de Comunica\u00e7\u00e3o da CNBB \u2013 Assessora de Comunica\u00e7\u00e3o: Manuela Castro \u2013 8313 \u2013 jornalistas: 8230, 8390 e 8368.<br \/>\nPara acessar os materiais da campanha (v\u00eddeos, m\u00fasica, informa\u00e7\u00f5es, etc): https:\/\/<a href=\"https:\/\/campanhas.cnbb.org.br\/\" target=\"_blank\" rel=\"noopener\">campanhas.cnbb.org.br\/<\/a><\/p>\n","protected":false},"excerpt":{"rendered":"<p>&#8220;Ouvir, sentir compaix\u00e3o e cuidar&#8221; s\u00e3o estes verbos b\u00edblicos que a Igreja Cat\u00f3lica vai trabalhar na Quaresma deste ano durante CF 2020. Na Quarta-Feira de Cinzas, 26 de fevereiro, na sede da CNBB, em Bras\u00edlia-DF, \u00e0s 10h, com a presen\u00e7a da sobrinha de Santa Dulce dos Pobres, acontece o lan\u00e7amento  com transmiss\u00e3o ao vivo<\/p>\n","protected":false},"author":83,"featured_media":36887,"comment_status":"closed","ping_status":"open","sticky":false,"template":"","format":"standard","meta":{"site-sidebar-layout":"default","site-content-layout":"default","ast-global-header-display":"","ast-banner-title-visibility":"","ast-main-header-display":"","ast-hfb-above-header-display":"","ast-hfb-below-header-display":"","ast-hfb-mobile-header-display":"","site-post-title":"","ast-breadcrumbs-content":"","ast-featured-img":"","footer-sml-layout":"","theme-transparent-header-meta":"","adv-header-id-meta":"","stick-header-meta":"","header-above-stick-meta":"","header-main-stick-meta":"","header-below-stick-meta":""},"categories":[759,760],"tags":[2629],"acf":[],"_links":{"self":[{"href":"https:\/\/www.cnbb.org.br\/cnbb-app\/wp\/v2\/posts\/36886"}],"collection":[{"href":"https:\/\/www.cnbb.org.br\/cnbb-app\/wp\/v2\/posts"}],"about":[{"href":"https:\/\/www.cnbb.org.br\/cnbb-app\/wp\/v2\/types\/post"}],"author":[{"embeddable":true,"href":"https:\/\/www.cnbb.org.br\/cnbb-app\/wp\/v2\/users\/83"}],"replies":[{"embeddable":true,"href":"https:\/\/www.cnbb.org.br\/cnbb-app\/wp\/v2\/comments?post=36886"}],"version-history":[{"count":0,"href":"https:\/\/www.cnbb.org.br\/cnbb-app\/wp\/v2\/posts\/36886\/revisions"}],"wp:featuredmedia":[{"embeddable":true,"href":"https:\/\/www.cnbb.org.br\/cnbb-app\/wp\/v2\/media\/36887"}],"wp:attachment":[{"href":"https:\/\/www.cnbb.org.br\/cnbb-app\/wp\/v2\/media?parent=36886"}],"wp:term":[{"taxonomy":"category","embeddable":true,"href":"https:\/\/www.cnbb.org.br\/cnbb-app\/wp\/v2\/categories?post=36886"},{"taxonomy":"post_tag","embeddable":true,"href":"https:\/\/www.cnbb.org.br\/cnbb-app\/wp\/v2\/tags?post=36886"}],"curies":[{"name":"wp","href":"https:\/\/api.w.org\/{rel}","templated":true}]}}