{"id":411445,"date":"2021-07-19T11:03:54","date_gmt":"2021-07-19T14:03:54","guid":{"rendered":"https:\/\/www.cnbb.org.br\/?p=411445"},"modified":"2021-07-19T11:06:46","modified_gmt":"2021-07-19T14:06:46","slug":"o-ceu-passa-pelo-coracao-dos-irmaos","status":"publish","type":"post","link":"https:\/\/www.cnbb.org.br\/o-ceu-passa-pelo-coracao-dos-irmaos\/","title":{"rendered":"O c\u00e9u passa pelo cora\u00e7\u00e3o dos irm\u00e3os"},"content":{"rendered":"<p style=\"text-align: right;\"><strong>Dom Jo\u00e3o Justino de Medeiros Silva<\/strong><br \/>\n<strong>Arcebispo de Montes Claros (MG)<\/strong><\/p>\n<p>&nbsp;<\/p>\n<p style=\"text-align: justify;\">Ouve-se, \u00e0s vezes, em algumas comunidades, ora nas missas, ora em encontros de ora\u00e7\u00e3o ou de pastorais, uma can\u00e7\u00e3o cujo refr\u00e3o diz \u201cO meu lugar \u00e9 o c\u00e9u, \u00e9 l\u00e1 que eu quero morar\u201d. Sobretudo adolescentes e jovens gostam de cantar com vibra\u00e7\u00e3o e, se o contexto favorece, pulam e dan\u00e7am. O texto da m\u00fasica tem duas estrofes: \u201cEu sei n\u00e3o vale a pena, tanta grana, poder, fama, pois isso tudo aqui vou deixar. E sei que l\u00e1 no c\u00e9u s\u00f3 chega aquele que na terra seus bens soube compartilhar. Por isso, todo dia, dia a dia, a cada hora, eu sei com Deus eu posso contar. E a cada passo certo que eu der aqui na terra, mais perto dele eu vou ficar\u201d. Essas poucas palavras comunicam com simplicidade o itiner\u00e1rio para uma vida em Deus: nossa vida, destinada \u00e0 plenitude da comunh\u00e3o com Deus, passa pelo exerc\u00edcio da fraternidade. Da\u00ed a afirma\u00e7\u00e3o: o caminho para o c\u00e9u passa pelo cora\u00e7\u00e3o dos irm\u00e3os.<\/p>\n<p style=\"text-align: justify;\">Esse tema atravessa por s\u00e9culos a doutrina crist\u00e3. Ele retorna com regularidade. O c\u00e9u \u00e9 um dom, \u00e9 pura gra\u00e7a? O c\u00e9u precisa ser conquistado? \u00c9 resultado do obrar humano? \u00c9 pr\u00eamio divino para os justos? Basta ter f\u00e9? A doutrina crist\u00e3 preservou a prioridade da gra\u00e7a divina em rela\u00e7\u00e3o \u00e0 responsabilidade humana. O desafio \u00e9 conciliar a f\u00e9 inabal\u00e1vel no amor de Deus e o empenho cotidiano de servi-lo no amor aos irm\u00e3os, especialmente os mais pobres, pois a miseric\u00f3rdia \u00e9 a chave do c\u00e9u (<em>Evangelii gaudium<\/em>, 197).<\/p>\n<p style=\"text-align: justify;\">No entanto, h\u00e1 uma tenta\u00e7\u00e3o recorrente, a de considerar que a f\u00e9 tem a ver somente com as express\u00f5es do culto religioso. Alguns buscam uma esp\u00e9cie de purismo cultual e correm o risco de se distanciarem da realidade, negando a import\u00e2ncia dos desdobramentos da vida crist\u00e3 no \u00e2mbito da cidadania e da participa\u00e7\u00e3o pol\u00edtica. O cuidado com os pobres, que nunca poder\u00e1 ser desconsiderado pelos disc\u00edpulos de Jesus, pede o exerc\u00edcio de uma caridade que \u201cn\u00e3o se reduza \u00e0 esmola, mas implique a aten\u00e7\u00e3o \u00e0 dimens\u00e3o social e pol\u00edtica do problema da pobreza\u201d (<em>Comp\u00eandio da Doutrina Social da Igreja,<\/em> 184).<\/p>\n<p style=\"text-align: justify;\">O Papa Francisco indica a profunda rela\u00e7\u00e3o entre os atos de culto e os atos de miseric\u00f3rdia. Ele ensina: \u201cN\u00e3o posso deixar de lembrar a quest\u00e3o que se colocava S\u00e3o Tom\u00e1s de Aquino ao interrogar-se quais s\u00e3o as nossas a\u00e7\u00f5es maiores, quais s\u00e3o as obras exteriores que manifestam melhor o nosso amor a Deus. Responde sem hesitar que, mais do que os atos de culto, s\u00e3o as obras de miseric\u00f3rdia para com o pr\u00f3ximo: \u2018n\u00e3o praticamos o culto a Deus com sacrif\u00edcios e com ofertas exteriores para proveito d\u2019Ele, mas para benef\u00edcio nosso e do pr\u00f3ximo: de fato Ele n\u00e3o precisa dos nossos sacrif\u00edcios, mas quer que Lhos ofere\u00e7amos para nossa devo\u00e7\u00e3o e para utilidade do pr\u00f3ximo. Por isso a miseric\u00f3rdia, pela qual socorremos as car\u00eancias alheias, ao favorecer mais diretamente a utilidade do pr\u00f3ximo, \u00e9 o sacrif\u00edcio que mais Lhe agrada\u2019\u201d (<em>Gaudete et exsultate<\/em>, 106).<\/p>\n<p style=\"text-align: justify;\">Cantemos com alegria: \u201cO meu lugar \u00e9 o c\u00e9u, \u00e9 l\u00e1 que eu quero morar\u201d. Esse desejo do c\u00e9u, plantado em n\u00f3s por Deus quando nos chamou a viver, nos mobilize a favor da caridade e de seus desdobramentos sociais e pol\u00edticos. J\u00e1 disseram que a Cruz tem duas hastes para nos lembrar do c\u00e9u e dos irm\u00e3os. Mas vale observar: a haste vertical que aponta para o c\u00e9u, e est\u00e1 plantada na terra, necessariamente se entrecruza com a haste horizontal, o servi\u00e7o a Deus no amor aos irm\u00e3os.<\/p>\n<p>&nbsp;<\/p>\n","protected":false},"excerpt":{"rendered":"<p>Dom Jo\u00e3o Justino de Medeiros Silva Arcebispo de Montes Claros (MG) &nbsp; Ouve-se, \u00e0s vezes, em algumas comunidades, ora nas missas, ora em encontros de ora\u00e7\u00e3o ou de pastorais, uma can\u00e7\u00e3o cujo refr\u00e3o diz \u201cO meu lugar \u00e9 o c\u00e9u, \u00e9 l\u00e1 que eu quero morar\u201d. Sobretudo adolescentes e jovens gostam de cantar com vibra\u00e7\u00e3o &hellip;<\/p>\n<p class=\"read-more\"> <a class=\"\" href=\"https:\/\/www.cnbb.org.br\/o-ceu-passa-pelo-coracao-dos-irmaos\/\"> <span class=\"screen-reader-text\">O c\u00e9u passa pelo cora\u00e7\u00e3o dos irm\u00e3os<\/span> Leia mais &raquo;<\/a><\/p>\n","protected":false},"author":64,"featured_media":0,"comment_status":"open","ping_status":"open","sticky":false,"template":"","format":"standard","meta":{"site-sidebar-layout":"default","site-content-layout":"default","ast-global-header-display":"","ast-banner-title-visibility":"","ast-main-header-display":"","ast-hfb-above-header-display":"","ast-hfb-below-header-display":"","ast-hfb-mobile-header-display":"","site-post-title":"","ast-breadcrumbs-content":"","ast-featured-img":"","footer-sml-layout":"","theme-transparent-header-meta":"default","adv-header-id-meta":"","stick-header-meta":"","header-above-stick-meta":"","header-main-stick-meta":"","header-below-stick-meta":""},"categories":[758],"tags":[],"acf":[],"_links":{"self":[{"href":"https:\/\/www.cnbb.org.br\/cnbb-app\/wp\/v2\/posts\/411445"}],"collection":[{"href":"https:\/\/www.cnbb.org.br\/cnbb-app\/wp\/v2\/posts"}],"about":[{"href":"https:\/\/www.cnbb.org.br\/cnbb-app\/wp\/v2\/types\/post"}],"author":[{"embeddable":true,"href":"https:\/\/www.cnbb.org.br\/cnbb-app\/wp\/v2\/users\/64"}],"replies":[{"embeddable":true,"href":"https:\/\/www.cnbb.org.br\/cnbb-app\/wp\/v2\/comments?post=411445"}],"version-history":[{"count":0,"href":"https:\/\/www.cnbb.org.br\/cnbb-app\/wp\/v2\/posts\/411445\/revisions"}],"wp:attachment":[{"href":"https:\/\/www.cnbb.org.br\/cnbb-app\/wp\/v2\/media?parent=411445"}],"wp:term":[{"taxonomy":"category","embeddable":true,"href":"https:\/\/www.cnbb.org.br\/cnbb-app\/wp\/v2\/categories?post=411445"},{"taxonomy":"post_tag","embeddable":true,"href":"https:\/\/www.cnbb.org.br\/cnbb-app\/wp\/v2\/tags?post=411445"}],"curies":[{"name":"wp","href":"https:\/\/api.w.org\/{rel}","templated":true}]}}