{"id":411490,"date":"2021-07-19T11:10:12","date_gmt":"2021-07-19T14:10:12","guid":{"rendered":"https:\/\/www.cnbb.org.br\/?p=411490"},"modified":"2021-07-19T11:12:57","modified_gmt":"2021-07-19T14:12:57","slug":"unidade-na-diversidade-na-liturgia","status":"publish","type":"post","link":"https:\/\/www.cnbb.org.br\/unidade-na-diversidade-na-liturgia\/","title":{"rendered":"Unidade na diversidade na Liturgia"},"content":{"rendered":"<p style=\"text-align: right;\"><strong>Dom Fernando Ar\u00eaas Rifan<br \/>\n<\/strong><strong>Bispo da Administra\u00e7\u00e3o Apost\u00f3lica Pessoal S\u00e3o Jo\u00e3o Maria Vianney<\/strong><\/p>\n<p style=\"text-align: justify;\"><strong>\u00a0<\/strong><\/p>\n<p style=\"text-align: justify;\">Na Carta Apost\u00f3lica Traditionis Custodes, de 16 de julho \u00faltimo, o Papa Francisco trata do uso da Liturgia Romana antes da reforma de 1970, e relembra que \u201cpara promover a conc\u00f3rdia e a unidade da Igreja, com paternal solicitude para com aqueles que em qualquer regi\u00e3o aderem \u00e0s formas lit\u00fargicas anteriores \u00e0 reforma pretendida pelo Conc\u00edlio Vaticano II , os meus Vener\u00e1veis Predecessores S\u00e3o Jo\u00e3o Paulo II e Bento XVI, concederam e regulamentaram a faculdade de usar o Missal Romano editado por S\u00e3o Jo\u00e3o XXIII em 1962.\u00a0 Desta forma, pretendiam \u2018facilitar a comunh\u00e3o eclesial daqueles cat\u00f3licos que se sentem apegados a algumas formas lit\u00fargicas anteriores\u2019 e n\u00e3o a outras\u201d.<\/p>\n<p style=\"text-align: justify;\">Mas, como foram necess\u00e1rios reajustes nesta regulamenta\u00e7\u00e3o, ele o faz, neste Motu Proprio, entregando ao Bispo de cada Diocese, a compet\u00eancia de, \u201ccomo moderador, promotor e guardi\u00e3o de toda a vida lit\u00fargica da Igreja particular que lhe foi confiada, &#8230; autorizar o uso do Missal Romano de 1962 na sua diocese, segundo as orienta\u00e7\u00f5es da S\u00e9 Apost\u00f3lica\u201d.<\/p>\n<p style=\"text-align: justify;\">Nem \u00e9 preciso dizer que, como cat\u00f3licos, acatamos essa orienta\u00e7\u00e3o do Papa Francisco<\/p>\n<p style=\"text-align: justify;\">Infelizmente, essa interven\u00e7\u00e3o do Papa atual foi provocada pelos abusos de muitos chamados tradicionalistas, que, n\u00e3o observando o que desejava Bento XVI, instrumentalizaram a Missa na forma tradicional para atacar o Papa e o Conc\u00edlio Vaticano II. Mas esses n\u00e3o s\u00e3o a maioria nem os mais importantes, mas s\u00e3o os que mais gritam e aparecem nas redes sociais. \u00c9 incomparavelmente maior o n\u00famero daqueles fi\u00e9is que aderem \u00e0 forma antiga do Rito Romano por raz\u00f5es corretas, nem a instrumentalizam, nem negam a ortodoxia e o valor do Conc\u00edlio Vaticano II nem a reforma lit\u00fargica dele oriunda, a chamada Missa de Paulo VI, ou a forma normal do Rito Romano. Os justos n\u00e3o poderiam pagar pelos pecadores (cf. Gn18,23-25).<\/p>\n<p style=\"text-align: justify;\">N\u00f3s, da Administra\u00e7\u00e3o Apost\u00f3lica, e muit\u00edssimos outros fi\u00e9is do mundo inteiro, conservamos a Missa na sua forma antiga, n\u00e3o por motivos heterodoxos, mas por ser uma das riquezas lit\u00fargicas cat\u00f3licas, como bem explicou o Papa S\u00e3o Jo\u00e3o Paulo II: \u201cTodos os pastores e os outros fi\u00e9is devem tamb\u00e9m ter uma nova consci\u00eancia n\u00e3o somente da legitimidade, mas tamb\u00e9m da riqueza que representa para a Igreja a diversidade dos carismas e das tradi\u00e7\u00f5es da espiritualidade e do apostolado. Esta diversidade constitui assim a beleza da unidade na variedade: tal \u00e9 a sinfonia que, sob a a\u00e7\u00e3o do Esp\u00edrito Santo, a Igreja faz subir ao C\u00e9u\u201d (Motu Proprio Ecclesia Dei Adflicta, 1o de julho de 1988). E pela riqueza, beleza, eleva\u00e7\u00e3o, nobreza e solenidade das suas cerim\u00f4nias, pelo seu sentido de mist\u00e9rio, pela sua maior precis\u00e3o e rigor nas rubricas, seguran\u00e7a contra os abusos, ela se torna um enriquecimento da liturgia cat\u00f3lica, una na ess\u00eancia e m\u00faltipla nos seus ritos. E cito o grande te\u00f3logo e liturgista Cardeal Joseph Ratzinger (depois Bento XVI, hoje papa em\u00e9rito): \u201cSe bem que haja numerosos motivos que possam ter levado um grande n\u00famero de fi\u00e9is a encontrar ref\u00fagio na liturgia tradicional, o mais importante dentre eles \u00e9 que eles a\u00ed encontram preservada a dignidade do sagrado\u201d (Confer\u00eancia aos Bispos chilenos, Santiago 13\/7\/1988).<\/p>\n<p><strong>\u00a0<\/strong><\/p>\n<p>&nbsp;<\/p>\n<p>&nbsp;<\/p>\n","protected":false},"excerpt":{"rendered":"<p>Dom Fernando Ar\u00eaas Rifan Bispo da Administra\u00e7\u00e3o Apost\u00f3lica Pessoal S\u00e3o Jo\u00e3o Maria Vianney \u00a0 Na Carta Apost\u00f3lica Traditionis Custodes, de 16 de julho \u00faltimo, o Papa Francisco trata do uso da Liturgia Romana antes da reforma de 1970, e relembra que \u201cpara promover a conc\u00f3rdia e a unidade da Igreja, com paternal solicitude para com &hellip;<\/p>\n<p class=\"read-more\"> <a class=\"\" href=\"https:\/\/www.cnbb.org.br\/unidade-na-diversidade-na-liturgia\/\"> <span class=\"screen-reader-text\">Unidade na diversidade na Liturgia<\/span> Leia mais &raquo;<\/a><\/p>\n","protected":false},"author":29,"featured_media":0,"comment_status":"open","ping_status":"open","sticky":false,"template":"","format":"standard","meta":{"site-sidebar-layout":"default","site-content-layout":"default","ast-global-header-display":"","ast-banner-title-visibility":"","ast-main-header-display":"","ast-hfb-above-header-display":"","ast-hfb-below-header-display":"","ast-hfb-mobile-header-display":"","site-post-title":"","ast-breadcrumbs-content":"","ast-featured-img":"","footer-sml-layout":"","theme-transparent-header-meta":"default","adv-header-id-meta":"","stick-header-meta":"","header-above-stick-meta":"","header-main-stick-meta":"","header-below-stick-meta":""},"categories":[758],"tags":[],"acf":[],"_links":{"self":[{"href":"https:\/\/www.cnbb.org.br\/cnbb-app\/wp\/v2\/posts\/411490"}],"collection":[{"href":"https:\/\/www.cnbb.org.br\/cnbb-app\/wp\/v2\/posts"}],"about":[{"href":"https:\/\/www.cnbb.org.br\/cnbb-app\/wp\/v2\/types\/post"}],"author":[{"embeddable":true,"href":"https:\/\/www.cnbb.org.br\/cnbb-app\/wp\/v2\/users\/29"}],"replies":[{"embeddable":true,"href":"https:\/\/www.cnbb.org.br\/cnbb-app\/wp\/v2\/comments?post=411490"}],"version-history":[{"count":0,"href":"https:\/\/www.cnbb.org.br\/cnbb-app\/wp\/v2\/posts\/411490\/revisions"}],"wp:attachment":[{"href":"https:\/\/www.cnbb.org.br\/cnbb-app\/wp\/v2\/media?parent=411490"}],"wp:term":[{"taxonomy":"category","embeddable":true,"href":"https:\/\/www.cnbb.org.br\/cnbb-app\/wp\/v2\/categories?post=411490"},{"taxonomy":"post_tag","embeddable":true,"href":"https:\/\/www.cnbb.org.br\/cnbb-app\/wp\/v2\/tags?post=411490"}],"curies":[{"name":"wp","href":"https:\/\/api.w.org\/{rel}","templated":true}]}}